{"id":10596,"date":"2014-09-05T08:50:54","date_gmt":"2014-09-05T11:50:54","guid":{"rendered":"https:\/\/www.mpal.mp.br\/?p=10596"},"modified":"2022-07-04T08:56:52","modified_gmt":"2022-07-04T11:56:52","slug":"promotora-de-justica-comanda-eleicao-de-novos-membros-do-conselho-estadual-de-direitos-das-mulheres","status":"publish","type":"post","link":"https:\/\/www.mpal.mp.br\/?p=10596","title":{"rendered":"Promotora de Justi\u00e7a comanda elei\u00e7\u00e3o de novos membros do Conselho Estadual de Direitos das Mulheres"},"content":{"rendered":"<p style=\"text-align: justify;\"><span style=\"font-size: 14pt;\">A promotora de Justi\u00e7a Stela Val\u00e9ria Cavalcanti est\u00e1 \u00e0 frente das elei\u00e7\u00f5es para o Conselho Estadual de Direitos das Mulher de Alagoas (Cedim\/AL), que acontece nesta sexta-feira (5), das 9h \u00e0s 14h, na sede da Secretaria de Estado da Mulher, da Cidadania e dos Direitos Humanos, localizada no bairro do Centro. Nove entidades da sociedade civil relacionadas a pol\u00edticas p\u00fablicas de g\u00eanero disputam oito vagas no \u00f3rg\u00e3o colegiado.<\/span><\/p>\n<p style=\"text-align: justify;\"><span style=\"font-size: 14pt;\">\u201cA elei\u00e7\u00e3o definir\u00e1 os membros que atuar\u00e3o no Conselho nos pr\u00f3ximos dois anos. Todos os representantes de entidades vinculadas a pol\u00edticas p\u00fablicas em defesa da mulher, cadastradas no \u00f3rg\u00e3o, podem participar. \u00c9 muito importante a participa\u00e7\u00e3o da sociedade civil num momento democr\u00e1tico como esse, e, por isso, o Minist\u00e9rio P\u00fablico faz quest\u00e3o de facilitar a escolha dos novos protagonistas do Cedim\/AL\u201d, disse Stela Val\u00e9ria.<\/span><\/p>\n<p style=\"text-align: justify;\"><span style=\"font-size: 14pt;\">Participam do pleito entidades como o Grupo Uni\u00e3o Esp\u00edrita Santa B\u00e1rbara (GUESB), Centro de Apoio \u00e0 Mulher e Idoso de Alagoas (MMTRP\/AL), Associa\u00e7\u00e3o Brasileira de Mulheres de Carreira Jur\u00eddica (ABMCJ), Sindicato dos Trabalhadores da Educa\u00e7\u00e3o do Estado de Alagoas (Sinteal), Instituto Feminista Jarede Viana (IFJV), Marcha Mundial da Mulheres, Associa\u00e7\u00e3o Alagoana Pr\u00f3-Mulher.<\/span><\/p>\n<p style=\"text-align: justify;\"><span style=\"font-size: 14pt;\">Al\u00e9m da promotora de Justi\u00e7a, tamb\u00e9m participam da comiss\u00e3o eleitoral a defensora p\u00fablica Daniela Times e a engenheira civil F\u00e1tima Canuto Wanderley, pela Secretaria da Mulher. Stela Val\u00e9ria ocupa no \u00f3rg\u00e3o colegiado a vaga destinada ao Minist\u00e9rio P\u00fablico do Estado de Alagoas.<\/span><\/p>\n","protected":false},"excerpt":{"rendered":"<p> [&hellip;]<\/p>\n","protected":false},"author":4,"featured_media":10600,"comment_status":"open","ping_status":"open","sticky":false,"template":"","format":"standard","meta":{"om_disable_all_campaigns":false,"_monsterinsights_skip_tracking":false,"_monsterinsights_sitenote_active":false,"_monsterinsights_sitenote_note":"","_monsterinsights_sitenote_category":0,"_uf_show_specific_survey":0,"_uf_disable_surveys":false,"footnotes":""},"categories":[2],"tags":[],"class_list":["post-10596","post","type-post","status-publish","format-standard","has-post-thumbnail","hentry","category-not_mpal"],"aioseo_notices":[],"_links":{"self":[{"href":"https:\/\/www.mpal.mp.br\/index.php?rest_route=\/wp\/v2\/posts\/10596","targetHints":{"allow":["GET"]}}],"collection":[{"href":"https:\/\/www.mpal.mp.br\/index.php?rest_route=\/wp\/v2\/posts"}],"about":[{"href":"https:\/\/www.mpal.mp.br\/index.php?rest_route=\/wp\/v2\/types\/post"}],"author":[{"embeddable":true,"href":"https:\/\/www.mpal.mp.br\/index.php?rest_route=\/wp\/v2\/users\/4"}],"replies":[{"embeddable":true,"href":"https:\/\/www.mpal.mp.br\/index.php?rest_route=%2Fwp%2Fv2%2Fcomments&post=10596"}],"version-history":[{"count":1,"href":"https:\/\/www.mpal.mp.br\/index.php?rest_route=\/wp\/v2\/posts\/10596\/revisions"}],"predecessor-version":[{"id":10603,"href":"https:\/\/www.mpal.mp.br\/index.php?rest_route=\/wp\/v2\/posts\/10596\/revisions\/10603"}],"wp:featuredmedia":[{"embeddable":true,"href":"https:\/\/www.mpal.mp.br\/index.php?rest_route=\/wp\/v2\/media\/10600"}],"wp:attachment":[{"href":"https:\/\/www.mpal.mp.br\/index.php?rest_route=%2Fwp%2Fv2%2Fmedia&parent=10596"}],"wp:term":[{"taxonomy":"category","embeddable":true,"href":"https:\/\/www.mpal.mp.br\/index.php?rest_route=%2Fwp%2Fv2%2Fcategories&post=10596"},{"taxonomy":"post_tag","embeddable":true,"href":"https:\/\/www.mpal.mp.br\/index.php?rest_route=%2Fwp%2Fv2%2Ftags&post=10596"}],"curies":[{"name":"wp","href":"https:\/\/api.w.org\/{rel}","templated":true}]}}