{"id":10595,"date":"2013-05-29T08:50:09","date_gmt":"2013-05-29T11:50:09","guid":{"rendered":"https:\/\/www.mpal.mp.br\/?p=10595"},"modified":"2022-07-04T08:51:33","modified_gmt":"2022-07-04T11:51:33","slug":"ministerio-publico-promove-palestra-em-escolas-sobre-prevencao-as-drogas","status":"publish","type":"post","link":"https:\/\/www.mpal.mp.br\/?p=10595","title":{"rendered":"Minist\u00e9rio P\u00fablico promove palestra em escolas sobre preven\u00e7\u00e3o \u00e0s drogas"},"content":{"rendered":"<p style=\"text-align: justify;\"><span style=\"font-size: 14pt;\">O Minist\u00e9rio P\u00fablico de Alagoas est\u00e1 indo at\u00e9 \u00e0s escolas da rede municipal de ensino para promover palestras sobre a import\u00e2ncia da preven\u00e7\u00e3o \u00e0s drogas. A iniciativa \u00e9 da 61\u00aa Promotoria da Capital e tem o objetivo de esclarecer aos estudantes sobre os males e as consequ\u00eancias que o uso e o tr\u00e1fico de entorpecentes podem trazer \u00e0 vida de um indiv\u00edduo.<\/span><\/p>\n<p style=\"text-align: justify;\"><span style=\"font-size: 14pt;\">A primeira escola visitada foi a Eulina Alencar, no bairro do Jacintinho. L\u00e1, dezenas de alunos entre o 6\u00b0 e o 9\u00b0 ano participaram do encontro e assistiram a dois v\u00eddeos chocantes: um com depoimentos de dependentes qu\u00edmicos e, outro, que mostrava m\u00e3es na cena do crime onde seus filhos foram mortos por traficantes.<\/span><\/p>\n<p style=\"text-align: justify;\"><span style=\"font-size: 14pt;\">\u201cEssa foi uma grande iniciativa do Minist\u00e9rio P\u00fablico porque, atrav\u00e9s delas, pudemos alertar aos nossos estudantes sobre esse mal t\u00e3o grande que \u00e9 a droga. Em 2011, 11 alunos foram assassinados por conta do envolvimento com o tr\u00e1fico. Ano passado foram mais quatro e, at\u00e9 abril deste ano, dois j\u00e1 perderam a vida. S\u00f3 atrav\u00e9s de um a\u00e7\u00e3o de choque, como foi esta realizada na noite de hoje, \u00e9 poss\u00edvel chamar a aten\u00e7\u00e3o desses adolescentes para o grave risco a que est\u00e3o expostos\u201d, afirmou Sineide Rodrigues, coordenadora da escola.<\/span><\/p>\n<p style=\"text-align: justify;\"><span style=\"font-size: 14pt;\">\u201cAt\u00e9 hoje temos estudantes que usam drogas na porta e dentro da escola e, se por acaso a gente os repreende, recebemos uma amea\u00e7a como resposta. \u00c9 por isso que a comunidade escolar tem tanta dificuldade em administrar esses comportamentos. Al\u00e9m do que, o usu\u00e1rio tamb\u00e9m n\u00e3o consegue se adequar ao ritmo escolar por causa do comprometimento da concentra\u00e7\u00e3o e da mem\u00f3ria em fun\u00e7\u00e3o do consumo do crack. Isso sem falarmos na agressividade\u201d, completou a professora.<\/span><\/p>\n<p style=\"text-align: justify;\"><span style=\"font-size: 14pt;\">\u201cFique assustado quando vi o v\u00eddeo. Eu n\u00e3o sabia que o crack causava um efeito t\u00e3o devastado em nosso organismo. A palestra foi boa porque aprendemos sobre o tema\u201d, contou Edson C\u00e2ndido da Silva, que cursava a 7\u00aa s\u00e9rie na unidade de ensino.<\/span><\/p>\n<p style=\"text-align: justify;\"><span style=\"font-size: 14pt;\"><strong>As explica\u00e7\u00f5es do MPE<\/strong><\/span><\/p>\n<p style=\"text-align: justify;\"><span style=\"font-size: 14pt;\">A palestra foi promovida pelo promotor de Justi\u00e7a Fl\u00e1vio Costa, titular da 61\u00aa Promotoria de Justi\u00e7a da Capital &#8211; Promotoria de Direitos Humanos, Cidadania, Liberdade Religiosa, Livre Orienta\u00e7\u00e3o Sexual, Defesa da Igualdade de G\u00eanero, Racial, Diversidade Sexual, e Concretiza\u00e7\u00e3o da Assist\u00eancia Social. \u201cNossa inten\u00e7\u00e3o foi realmente causar impacto, por isso, detalhamos todos os efeitos nocivos que provocados pelo crack. Por exemplo, os estudantes precisam saber que, ao aquecer a pedra, ela se funde e vira g\u00e1s, que, depois de inalado, \u00e9 absorvido pelos alv\u00e9olos pulmonares e chega rapidamente \u00e0 corrente sangu\u00ednea. Enquanto a coca\u00edna em p\u00f3 leva cerca 15 minutos at\u00e9 chegar ao c\u00e9rebro e fazer efeito depois de aspirada, o crack chega ao sistema nervoso central quase que de imediato, leva entre 8 a 15 segundos apenas. \u00c9 por esta raz\u00e3o que o crack pode ocasionar depend\u00eancia mais rapidamente\u201d, detalhou o promotor.<\/span><\/p>\n<p style=\"text-align: justify;\"><span style=\"font-size: 14pt;\">\u201cA a\u00e7\u00e3o do crack no c\u00e9rebro dura entre cinco e 10 minutos, per\u00edodo em que \u00e9 potencializada a libera\u00e7\u00e3o de neurotransmissores como dopamina, serotonina e noradrenalina. Seu efeito imediato inclui sintomas como euforia, agita\u00e7\u00e3o, sensa\u00e7\u00e3o de prazer e irritabilidade, assim como altera\u00e7\u00f5es cardiovasculares e motoras, a exemplo de taquicardia e tremores\u201d, esclareceu Fl\u00e1vio Costa.<\/span><\/p>\n<p style=\"text-align: justify;\"><span style=\"font-size: 14pt;\"><strong>O crack<\/strong><\/span><\/p>\n<p style=\"text-align: justify;\"><span style=\"font-size: 14pt;\">O crack geralmente \u00e9 fumado com cachimbos improvisados, feitos de latas de alum\u00ednio e tubos de PVC, que permitem a aspira\u00e7\u00e3o de grande quantidade de fuma\u00e7a. A pedra, geralmente com menos de 1 grama, tamb\u00e9m pode ser quebrada em pequenos peda\u00e7os e misturada a cigarros de tabaco ou maconha, \u00e9 o chamado mesclado.<\/span><\/p>\n<p style=\"text-align: justify;\"><span style=\"font-size: 14pt;\">A iniciativa da palestra oferecida pelo Minist\u00e9rio P\u00fablico contou com as parcerias da Associa\u00e7\u00e3o Acolhedora Novo Nascer e dos alunos do 2\u00b0 per\u00edodo do curso de Direito da Fits.<\/span><\/p>\n","protected":false},"excerpt":{"rendered":"<p> [&hellip;]<\/p>\n","protected":false},"author":5,"featured_media":10597,"comment_status":"open","ping_status":"open","sticky":false,"template":"","format":"standard","meta":{"om_disable_all_campaigns":false,"_monsterinsights_skip_tracking":false,"_monsterinsights_sitenote_active":false,"_monsterinsights_sitenote_note":"","_monsterinsights_sitenote_category":0,"_uf_show_specific_survey":0,"_uf_disable_surveys":false,"footnotes":""},"categories":[2],"tags":[],"class_list":["post-10595","post","type-post","status-publish","format-standard","has-post-thumbnail","hentry","category-not_mpal"],"aioseo_notices":[],"_links":{"self":[{"href":"https:\/\/www.mpal.mp.br\/index.php?rest_route=\/wp\/v2\/posts\/10595","targetHints":{"allow":["GET"]}}],"collection":[{"href":"https:\/\/www.mpal.mp.br\/index.php?rest_route=\/wp\/v2\/posts"}],"about":[{"href":"https:\/\/www.mpal.mp.br\/index.php?rest_route=\/wp\/v2\/types\/post"}],"author":[{"embeddable":true,"href":"https:\/\/www.mpal.mp.br\/index.php?rest_route=\/wp\/v2\/users\/5"}],"replies":[{"embeddable":true,"href":"https:\/\/www.mpal.mp.br\/index.php?rest_route=%2Fwp%2Fv2%2Fcomments&post=10595"}],"version-history":[{"count":1,"href":"https:\/\/www.mpal.mp.br\/index.php?rest_route=\/wp\/v2\/posts\/10595\/revisions"}],"predecessor-version":[{"id":10598,"href":"https:\/\/www.mpal.mp.br\/index.php?rest_route=\/wp\/v2\/posts\/10595\/revisions\/10598"}],"wp:featuredmedia":[{"embeddable":true,"href":"https:\/\/www.mpal.mp.br\/index.php?rest_route=\/wp\/v2\/media\/10597"}],"wp:attachment":[{"href":"https:\/\/www.mpal.mp.br\/index.php?rest_route=%2Fwp%2Fv2%2Fmedia&parent=10595"}],"wp:term":[{"taxonomy":"category","embeddable":true,"href":"https:\/\/www.mpal.mp.br\/index.php?rest_route=%2Fwp%2Fv2%2Fcategories&post=10595"},{"taxonomy":"post_tag","embeddable":true,"href":"https:\/\/www.mpal.mp.br\/index.php?rest_route=%2Fwp%2Fv2%2Ftags&post=10595"}],"curies":[{"name":"wp","href":"https:\/\/api.w.org\/{rel}","templated":true}]}}