{"id":10590,"date":"2013-06-19T08:47:56","date_gmt":"2013-06-19T11:47:56","guid":{"rendered":"https:\/\/www.mpal.mp.br\/?p=10590"},"modified":"2022-07-04T08:49:26","modified_gmt":"2022-07-04T11:49:26","slug":"61a-promotoria-de-justica-da-capital-busca-parceria-com-consulado-dos-estados-unidos","status":"publish","type":"post","link":"https:\/\/www.mpal.mp.br\/?p=10590","title":{"rendered":"61\u00aa Promotoria de Justi\u00e7a da capital busca parceria com Consulado dos Estados Unidos"},"content":{"rendered":"<div class=\"content-wrapper-1\">\n<div class=\"content-wrapper-2\">\n<div id=\"mainmiddle\">\n<div id=\"mainmiddle-expand\">\n<div id=\"content\">\n<div id=\"content-shift\">\n<div class=\"floatbox\">\n<div class=\"joomla \">\n<div class=\"article\">\n<div id=\"articlepxfontsize1\">\n<p style=\"text-align: justify;\"><span style=\"font-size: 14pt;\">Criar uma agenda positiva de contatos e parcerias. Esse foi o objetivo da reuni\u00e3o que ocorreu, na \u00faltima segunda-feira (17), entre o promotor de Justi\u00e7a titular da 61\u00aa Promotoria de Justi\u00e7a da capital, Fl\u00e1vio Gomes da Costa Neto e a senhora Usha E. Pitts, c\u00f4nsul do Consulado dos Estados Unidos da Am\u00e9rica.<\/span><\/p>\n<p style=\"text-align: justify;\"><span style=\"font-size: 14pt;\">A audi\u00eancia aconteceu com o intuito de apresentar a nova Promotoria criada pelo Minist\u00e9rio P\u00fablico Estadual de Alagoas, suas atribui\u00e7\u00f5es, tanto no campo dos Direitos Humanos, quanto no da Cidadania e conversar sobre a constru\u00e7\u00e3o de parcerias para o desenvolvimento conjunto de trabalho, coopera\u00e7\u00e3o t\u00e9cnica, junto ao governo americano dentro destas \u00e1reas.<\/span><\/p>\n<p style=\"text-align: justify;\"><span style=\"font-size: 14pt;\">No encontro, que teve aproximadamente uma hora e meia de dura\u00e7\u00e3o, o promotor Fl\u00e1vio Gomes, ao lado da equipe da 61\u00aa Promotoria, apresentou as atribui\u00e7\u00f5es e tarefas do \u00f3rg\u00e3o e tamb\u00e9m detalhou parte das a\u00e7\u00f5es que j\u00e1 foram desenvolvidas desde a sua cria\u00e7\u00e3o, em dezembro do ano passado. O trabalho foi mostrado ao Consulado dos Estados Unidos do Recife porque \u00e9 ele o \u00f3rg\u00e3o norte-americano respons\u00e1vel pela regi\u00e3o Nordeste do Brasil.<\/span><\/p>\n<p style=\"text-align: justify;\"><span style=\"font-size: 14pt;\">\u201c\u00c9 importante agradecer a receptividade que tivemos por parte da c\u00f4nsul Usha Pitts e do grupo coordenado por ela. Todos nos ouviram e compreenderam que uma futura parceria pode ser bastante importante para os trabalhos desta nova Promotoria nos campos da Cidadania e dos Direitos Humanos\u201d, destacou Fl\u00e1vio Gomes.<\/span><\/p>\n<p style=\"text-align: justify;\"><span style=\"font-size: 14pt;\"><strong>Parcerias anteriores<\/strong><\/span><\/p>\n<p style=\"text-align: justify;\"><span style=\"font-size: 14pt;\">O Consulado dos Estados Unidos j\u00e1 desenvolveu parcerias com o Minist\u00e9rio P\u00fablico de Alagoas em quest\u00f5es ligadas ao sistema prisional e com o Poder Executivo em assuntos relacionados a seguran\u00e7a p\u00fablica. A proposta agora \u00e9 que essa rela\u00e7\u00e3o possa se expandir para as quest\u00f5es de ligadas a 61\u00aa Promotoria de Justi\u00e7a. \u201cA experi\u00eancia dos Estados Unidos em pol\u00edticas voltadas, por exemplo, para as \u00e1reas dos Direitos Humanos, igualdade de g\u00eanero, racial e inclus\u00e3o social representam o exerc\u00edcio pleno da democracia. Queremos que esse know how seja compartilhado conosco para que possamos desenvolver um trabalho melhor\u201d, explicou o promotor de Justi\u00e7a.<\/span><\/p>\n<p style=\"text-align: justify;\"><span style=\"font-size: 14pt;\">A c\u00f4nsul dos EUA agradeceu a visita feita pelo MP de Alagoas e disse que o Consulado tem interesse na realiza\u00e7\u00e3o de uma parceria. Ela solicitou \u00e0 sua equipe estudos para que se construam a\u00e7\u00f5es nesse sentido, especialmente no tocante a troca de informa\u00e7\u00f5es, participa\u00e7\u00e3o em eventos e cursos de capacita\u00e7\u00e3o ou palestras de especialistas norte-americanos em visita ao pa\u00eds. \u201cPedimos \u00e0 c\u00f4nsul que coloque Alagoas na agenda de atividades do Consulado, o que ser\u00e1 de grande import\u00e2ncia e contribui\u00e7\u00e3o para as discuss\u00f5es e a\u00e7\u00f5es pr\u00f3-ativas que estamos realizando\u201d, disse Fl\u00e1vio Gomes.<\/span><\/p>\n<\/div>\n<\/div>\n<\/div>\n<\/div>\n<\/div>\n<\/div>\n<\/div>\n<\/div>\n<\/div>\n<\/div>\n<div class=\"content-wrapper-b1\">\n<div class=\"content-wrapper-b2\" style=\"text-align: justify;\"><\/div>\n<\/div>\n","protected":false},"excerpt":{"rendered":"<p> [&hellip;]<\/p>\n","protected":false},"author":5,"featured_media":10593,"comment_status":"open","ping_status":"open","sticky":false,"template":"","format":"standard","meta":{"om_disable_all_campaigns":false,"_monsterinsights_skip_tracking":false,"_monsterinsights_sitenote_active":false,"_monsterinsights_sitenote_note":"","_monsterinsights_sitenote_category":0,"_uf_show_specific_survey":0,"_uf_disable_surveys":false,"footnotes":""},"categories":[2],"tags":[],"class_list":["post-10590","post","type-post","status-publish","format-standard","has-post-thumbnail","hentry","category-not_mpal"],"aioseo_notices":[],"_links":{"self":[{"href":"https:\/\/www.mpal.mp.br\/index.php?rest_route=\/wp\/v2\/posts\/10590","targetHints":{"allow":["GET"]}}],"collection":[{"href":"https:\/\/www.mpal.mp.br\/index.php?rest_route=\/wp\/v2\/posts"}],"about":[{"href":"https:\/\/www.mpal.mp.br\/index.php?rest_route=\/wp\/v2\/types\/post"}],"author":[{"embeddable":true,"href":"https:\/\/www.mpal.mp.br\/index.php?rest_route=\/wp\/v2\/users\/5"}],"replies":[{"embeddable":true,"href":"https:\/\/www.mpal.mp.br\/index.php?rest_route=%2Fwp%2Fv2%2Fcomments&post=10590"}],"version-history":[{"count":1,"href":"https:\/\/www.mpal.mp.br\/index.php?rest_route=\/wp\/v2\/posts\/10590\/revisions"}],"predecessor-version":[{"id":10594,"href":"https:\/\/www.mpal.mp.br\/index.php?rest_route=\/wp\/v2\/posts\/10590\/revisions\/10594"}],"wp:featuredmedia":[{"embeddable":true,"href":"https:\/\/www.mpal.mp.br\/index.php?rest_route=\/wp\/v2\/media\/10593"}],"wp:attachment":[{"href":"https:\/\/www.mpal.mp.br\/index.php?rest_route=%2Fwp%2Fv2%2Fmedia&parent=10590"}],"wp:term":[{"taxonomy":"category","embeddable":true,"href":"https:\/\/www.mpal.mp.br\/index.php?rest_route=%2Fwp%2Fv2%2Fcategories&post=10590"},{"taxonomy":"post_tag","embeddable":true,"href":"https:\/\/www.mpal.mp.br\/index.php?rest_route=%2Fwp%2Fv2%2Ftags&post=10590"}],"curies":[{"name":"wp","href":"https:\/\/api.w.org\/{rel}","templated":true}]}}