{"id":10588,"date":"2014-11-26T08:46:58","date_gmt":"2014-11-26T10:46:58","guid":{"rendered":"https:\/\/www.mpal.mp.br\/?p=10588"},"modified":"2022-07-04T08:50:49","modified_gmt":"2022-07-04T11:50:49","slug":"promotora-de-justica-palestra-sobre-sistema-de-prevencao-e-combate-a-violencia-contra-a-mulher-em-sao-miguel-dos-campos","status":"publish","type":"post","link":"https:\/\/www.mpal.mp.br\/?p=10588","title":{"rendered":"Promotora de Justi\u00e7a palestra sobre sistema de preven\u00e7\u00e3o e combate \u00e0 viol\u00eancia contra a mulher em S\u00e3o Miguel dos Campos"},"content":{"rendered":"<p style=\"text-align: justify;\"><span style=\"font-size: 14pt;\">A promotora de Justi\u00e7a Stela Val\u00e9ria Soares de Farias Cavalcanti participa, nesta quarta-feira (26), de um evento de capacita\u00e7\u00e3o para cerca de 50 profissionais da sa\u00fade, assist\u00eancia social, psicologia e seguran\u00e7a p\u00fablica, que atuar\u00e3o em dois Centros de Atendimento Especializado \u00e0 Mulher (CEAM) em S\u00e3o Miguel dos Campos a partir deste s\u00e1bado. Os n\u00facleos prestar\u00e3o funcionar\u00e3o nas Delegacia Regional do munic\u00edpio e na Secretaria Municipal da Mulher.<\/span><\/p>\n<p style=\"text-align: justify;\"><span style=\"font-size: 14pt;\">A representante do Minist\u00e9rio P\u00fablico do Estado de Alagoas (MPE\/AL) acompanhou todo o processo de implementa\u00e7\u00e3o dos n\u00facleos, que prestar\u00e3o servi\u00e7os assistenciais, sociais e jur\u00eddicos a v\u00edtimas de viol\u00eancia dom\u00e9stica e familiar contra mulher na cidade. Eles beneficiar\u00e3o tamb\u00e9m munic\u00edpios vizinhos \u00e0 S\u00e3o Miguel dos Campos, tal como Roteiro, Jequi\u00e1 da Praia e Barra de S\u00e3o Miguel. Os novos pontos de atendimento \u00e0s mulheres \u00e9 resultado de um conv\u00eanio entre os governos estadual e federal.<\/span><\/p>\n<p style=\"text-align: justify;\"><span style=\"font-size: 14pt;\">No evento de hoje, Stella Val\u00e9ria falar\u00e1 sobre o sistema de preven\u00e7\u00e3o e combate \u00e0 viol\u00eancia contra a mulher em S\u00e3o Miguel dos Campos. \u201cA capacita\u00e7\u00e3o foi uma das condi\u00e7\u00f5es exigidas pelos dois governos para a implanta\u00e7\u00e3o dos n\u00facleos na cidade. Para isso, vamos fazer com que os profissionais de atendimento se atualizem sobre a Lei Maria da Penha e saibam mais sobre a pr\u00e1tica de acolhimento mais humanizada das v\u00edtimas\u201d, disse a promotora.<\/span><\/p>\n<p style=\"text-align: justify;\"><span style=\"font-size: 14pt;\">A capacita\u00e7\u00e3o ocorre nos turnos matutino e vespertino no audit\u00f3rio da Secretaria Municipal de Assist\u00eancia Social. O Minist\u00e9rio P\u00fablico do Estado de Alagoas, por meio da promotora de Justi\u00e7a Stella Val\u00e9ria, participa do Conselho Estadual de Direitos da Mulher e atua como orientador de pol\u00edticas p\u00fablicas da \u00e1rea.<\/span><\/p>\n<p style=\"text-align: justify;\"><span style=\"font-size: 14pt;\"><strong>Direitos Humanos<\/strong><\/span><\/p>\n<p style=\"text-align: justify;\"><span style=\"font-size: 14pt;\">Tamb\u00e9m na linha de combate e preven\u00e7\u00e3o \u00e0 viol\u00eancia dom\u00e9stica e familiar contra a mulher, a promotora titular da 38\u00aa Promotoria da Justi\u00e7a da Capital aborda o tema no II F\u00f3rum Regional de Direitos Humanos e da Igualdade de G\u00eanero e Ra\u00e7a dos Correios. O evento est\u00e1 sendo realizado nesta ter\u00e7a-feira, no audit\u00f3rio da Casa da Ind\u00fastria.<\/span><\/p>\n","protected":false},"excerpt":{"rendered":"<p> [&hellip;]<\/p>\n","protected":false},"author":4,"featured_media":10591,"comment_status":"open","ping_status":"open","sticky":false,"template":"","format":"standard","meta":{"om_disable_all_campaigns":false,"_monsterinsights_skip_tracking":false,"_monsterinsights_sitenote_active":false,"_monsterinsights_sitenote_note":"","_monsterinsights_sitenote_category":0,"_uf_show_specific_survey":0,"_uf_disable_surveys":false,"footnotes":""},"categories":[2],"tags":[],"class_list":["post-10588","post","type-post","status-publish","format-standard","has-post-thumbnail","hentry","category-not_mpal"],"aioseo_notices":[],"_links":{"self":[{"href":"https:\/\/www.mpal.mp.br\/index.php?rest_route=\/wp\/v2\/posts\/10588","targetHints":{"allow":["GET"]}}],"collection":[{"href":"https:\/\/www.mpal.mp.br\/index.php?rest_route=\/wp\/v2\/posts"}],"about":[{"href":"https:\/\/www.mpal.mp.br\/index.php?rest_route=\/wp\/v2\/types\/post"}],"author":[{"embeddable":true,"href":"https:\/\/www.mpal.mp.br\/index.php?rest_route=\/wp\/v2\/users\/4"}],"replies":[{"embeddable":true,"href":"https:\/\/www.mpal.mp.br\/index.php?rest_route=%2Fwp%2Fv2%2Fcomments&post=10588"}],"version-history":[{"count":1,"href":"https:\/\/www.mpal.mp.br\/index.php?rest_route=\/wp\/v2\/posts\/10588\/revisions"}],"predecessor-version":[{"id":10592,"href":"https:\/\/www.mpal.mp.br\/index.php?rest_route=\/wp\/v2\/posts\/10588\/revisions\/10592"}],"wp:featuredmedia":[{"embeddable":true,"href":"https:\/\/www.mpal.mp.br\/index.php?rest_route=\/wp\/v2\/media\/10591"}],"wp:attachment":[{"href":"https:\/\/www.mpal.mp.br\/index.php?rest_route=%2Fwp%2Fv2%2Fmedia&parent=10588"}],"wp:term":[{"taxonomy":"category","embeddable":true,"href":"https:\/\/www.mpal.mp.br\/index.php?rest_route=%2Fwp%2Fv2%2Fcategories&post=10588"},{"taxonomy":"post_tag","embeddable":true,"href":"https:\/\/www.mpal.mp.br\/index.php?rest_route=%2Fwp%2Fv2%2Ftags&post=10588"}],"curies":[{"name":"wp","href":"https:\/\/api.w.org\/{rel}","templated":true}]}}