{"id":10586,"date":"2013-07-08T08:46:14","date_gmt":"2013-07-08T11:46:14","guid":{"rendered":"https:\/\/www.mpal.mp.br\/?p=10586"},"modified":"2022-07-04T08:47:11","modified_gmt":"2022-07-04T11:47:11","slug":"mp-al-firmara-tac-para-estabelecer-cronograma-de-entrega-de-casas-no-conjunto-jose-aprigio-vilela","status":"publish","type":"post","link":"https:\/\/www.mpal.mp.br\/?p=10586","title":{"rendered":"MP\/AL firmar\u00e1 TAC para estabelecer cronograma de entrega de casas no conjunto Jos\u00e9 Apr\u00edgio Vilela"},"content":{"rendered":"<p style=\"text-align: justify;\"><span style=\"font-size: 14pt;\">Os promotores de Justi\u00e7a Marluce Falc\u00e3o e Fl\u00e1vio Costa, em a\u00e7\u00e3o conjunta do N\u00facleo de Defesa dos Direitos Humanos e da Promotoria de Direitos Humanos do Minist\u00e9rio P\u00fablico Estadual de Alagoas, estiveram reunidos, na manh\u00e3 desta segunda-feira (08), no conjunto Jos\u00e9 Apr\u00edgio Vilela, localizado no complexo Benedito Bentes, com representantes da Secretaria de Estado da Infraestrutura (Seinfra), futuros moradores cadastrados para habitar o residencial e representantes das construtoras respons\u00e1veis pelas obras. O objetivo foi encontrar solu\u00e7\u00f5es para o problema da morosidade na entrega das casas que fazem parte do programa habitacional \u201cMinha casa, minha vida\u201d, que est\u00e1 sendo constru\u00eddo pelo governo estadual em parceria com a Uni\u00e3o.<\/span><\/p>\n<p style=\"text-align: justify;\"><span style=\"font-size: 14pt;\">Na visita ao conjunto foram detectados v\u00e1rios problemas. Um deles, considerado grave pelo MP\/AL, \u00e9 a falta de vias de acesso com asfalto. A estrada ainda n\u00e3o foi constru\u00edda e a pista foi considerada quase intransit\u00e1vel. O N\u00facleo de Direitos Humanos tamb\u00e9m constatou atrasos nas licita\u00e7\u00f5es para a edifica\u00e7\u00e3o de um posto de sa\u00fade e de uma escola para a comunidade. Diante das constata\u00e7\u00f5es, foi confirmada uma audi\u00eancia p\u00fablica para o pr\u00f3ximo dia 15, onde ser\u00e1 firmado um Termo de Ajustamento de Conduta (TAC) para estabelecer o cronograma de entrega das casas.<\/span><\/p>\n<p style=\"text-align: justify;\"><span style=\"font-size: 14pt;\">A audi\u00eancia contar\u00e1 com a presen\u00e7a de representantes da Secretaria de Estado da Infraestrutura, Secretaria de Estado da Sa\u00fade (Sesau), do Minist\u00e9rio P\u00fablico Federal, da Prefeitura de Macei\u00f3, da Uni\u00e3o de Movimento de Moradia em Alagoas e das Construtoras Cony e Contrato Engenharia.<\/span><\/p>\n<p style=\"text-align: justify;\"><span style=\"font-size: 14pt;\">\u201cA construtura alegou uma s\u00e9rie de atrasos por parte dos \u00f3rg\u00e3o envolvidos, entre elas, um novo contrato que est\u00e1 em fase de assinatura, que exige como estrutura b\u00e1sica acabamento com cer\u00e2mica . Haja vista que as pessoas cadastradas j\u00e1 aguardam h\u00e1 seis anos, parte delas invadiu o residencial em dezembro do ano passado, o que acabou causando alguns preju\u00edzos estruturais e, por consequ\u00eancia, mais atraso. Ent\u00e3o, ouvimos as partes envolvidas e estabelecemos a data do dia 15 para a assinatura de um TAC. As responsabilidades precisam ser cobradas e, o conjunto, entregue a quem est\u00e1 precisando de casa\u201d, afirmou a promotora Marluce Falc\u00e3o.<\/span><\/p>\n<p style=\"text-align: justify;\"><span style=\"font-size: 14pt;\">\u201cS\u00e3o cerca de duas mil fam\u00edlias que est\u00e3o aguardando realizar o sonho da casa pr\u00f3pria. Pessoas que, lamentavelmente, ainda residem em favelas, a exemplo da Sururu de Capote, no Dique Estrada. Ent\u00e3o, temos que cobrar agilidade na conclus\u00e3o das obras. Os futuros moradores n\u00e3o podem mais continuar esperando\u201d, defendeu o promotor Fl\u00e1vio Costa.<\/span><\/p>\n","protected":false},"excerpt":{"rendered":"<p> [&hellip;]<\/p>\n","protected":false},"author":5,"featured_media":10587,"comment_status":"open","ping_status":"open","sticky":false,"template":"","format":"standard","meta":{"om_disable_all_campaigns":false,"_monsterinsights_skip_tracking":false,"_monsterinsights_sitenote_active":false,"_monsterinsights_sitenote_note":"","_monsterinsights_sitenote_category":0,"_uf_show_specific_survey":0,"_uf_disable_surveys":false,"footnotes":""},"categories":[2],"tags":[],"class_list":["post-10586","post","type-post","status-publish","format-standard","has-post-thumbnail","hentry","category-not_mpal"],"aioseo_notices":[],"_links":{"self":[{"href":"https:\/\/www.mpal.mp.br\/index.php?rest_route=\/wp\/v2\/posts\/10586","targetHints":{"allow":["GET"]}}],"collection":[{"href":"https:\/\/www.mpal.mp.br\/index.php?rest_route=\/wp\/v2\/posts"}],"about":[{"href":"https:\/\/www.mpal.mp.br\/index.php?rest_route=\/wp\/v2\/types\/post"}],"author":[{"embeddable":true,"href":"https:\/\/www.mpal.mp.br\/index.php?rest_route=\/wp\/v2\/users\/5"}],"replies":[{"embeddable":true,"href":"https:\/\/www.mpal.mp.br\/index.php?rest_route=%2Fwp%2Fv2%2Fcomments&post=10586"}],"version-history":[{"count":1,"href":"https:\/\/www.mpal.mp.br\/index.php?rest_route=\/wp\/v2\/posts\/10586\/revisions"}],"predecessor-version":[{"id":10589,"href":"https:\/\/www.mpal.mp.br\/index.php?rest_route=\/wp\/v2\/posts\/10586\/revisions\/10589"}],"wp:featuredmedia":[{"embeddable":true,"href":"https:\/\/www.mpal.mp.br\/index.php?rest_route=\/wp\/v2\/media\/10587"}],"wp:attachment":[{"href":"https:\/\/www.mpal.mp.br\/index.php?rest_route=%2Fwp%2Fv2%2Fmedia&parent=10586"}],"wp:term":[{"taxonomy":"category","embeddable":true,"href":"https:\/\/www.mpal.mp.br\/index.php?rest_route=%2Fwp%2Fv2%2Fcategories&post=10586"},{"taxonomy":"post_tag","embeddable":true,"href":"https:\/\/www.mpal.mp.br\/index.php?rest_route=%2Fwp%2Fv2%2Ftags&post=10586"}],"curies":[{"name":"wp","href":"https:\/\/api.w.org\/{rel}","templated":true}]}}