{"id":10581,"date":"2013-07-15T08:43:30","date_gmt":"2013-07-15T11:43:30","guid":{"rendered":"https:\/\/www.mpal.mp.br\/?p=10581"},"modified":"2022-07-04T08:44:34","modified_gmt":"2022-07-04T11:44:34","slug":"mp-al-estabelece-agenda-para-entrega-de-casas-no-conjunto-jose-aprigio-vilela","status":"publish","type":"post","link":"https:\/\/www.mpal.mp.br\/?p=10581","title":{"rendered":"MP\/AL estabelece agenda para entrega de casas no conjunto Jos\u00e9 Apr\u00edgio Vilela"},"content":{"rendered":"<p style=\"text-align: justify;\" align=\"JUSTIFY\"><span style=\"font-size: 14pt;\">O N\u00facleo de Defesa dos Direitos Humanos do Minist\u00e9rio P\u00fablico do Estado de Alagoas e a 61\u00aa Promotoria de Justi\u00e7a da Capital realizaram, na manh\u00e3 desta segunda-feira (15), a primeira de duas audi\u00eancias p\u00fablicas que v\u00e3o firmar uma agenda positiva da entrega de 1.923 casas do Conjunto Residencial Jos\u00e9 Apr\u00edgio Vilela, no bairro do Benedito Bentes. Sob o comando dos promotores de Justi\u00e7a Marluce Falc\u00e3o e Fl\u00e1vio Gomes, o encontro indicou que as resid\u00eancias ser\u00e3o entregues a fam\u00edlias de baixa renda em janeiro de 2014 pela Caixa Econ\u00f4mica Federal. As casas fazem do programa habitacional \u201cMinha Casa, Minha Vida\u201d, do governo federal, em parceria com o estado.<\/span><\/p>\n<p style=\"text-align: justify;\" align=\"JUSTIFY\"><span style=\"font-size: 14pt;\">O superintendente da Caixa em Alagoas, Hebert Buenos Ayres, condicionou a entrega das casas \u00e0 conclus\u00e3o das obras de acesso do Conjunto Residencial ao Conjunto Cidade Sorriso II, no Benedito Bentes II, que ser\u00e3o realizadas pela Secretaria Municipal de Infraestrutura nos pr\u00f3ximos seis meses, com conclus\u00e3o prevista para dezembro. A Prefeitura tamb\u00e9m disponibilizar\u00e1 \u00e0 Caixa o cadastro de todos os beneficiados pelos programas at\u00e9 o dia 30 de setembro. Moradores da favela Sururu de Capote, da orla lagunar, al\u00e9m das fam\u00edlias sem-teto que vivem no pr\u00e9dio do INSS desde 2007, j\u00e1 est\u00e3o na lista dos que v\u00e3o receber casas.<\/span><\/p>\n<p style=\"text-align: justify;\" align=\"JUSTIFY\"><span style=\"font-size: 14pt;\">A segunda audi\u00eancia p\u00fablica para a conclus\u00e3o da agenda afirmativa ocorrer\u00e1 nesta quinta-feira (18), no pr\u00e9dio das Promotorias de Justi\u00e7a da Capital, no Barro Duro, a partir das 15h, com participa\u00e7\u00e3o dos movimentos sociais, Secretarias de Estado de Educa\u00e7\u00e3o e Sa\u00fade, Secretaria Municipal de Infraestrutura, Superintend\u00eancia Municipal de Transporte e Tr\u00e2nsito e a construtora Contrato Engenharia. O Termo de Ajustamento de Conduta ser\u00e1 assinado em um terceiro momento, com a presen\u00e7a do procurador-geral de Justi\u00e7a, S\u00e9rgio Juc\u00e1, ainda em julho.<\/span><\/p>\n<p style=\"text-align: justify;\" align=\"JUSTIFY\"><span style=\"font-size: 14pt;\"><strong>Educa\u00e7\u00e3o e sa\u00fade<\/strong><\/span><\/p>\n<p style=\"text-align: justify;\" align=\"JUSTIFY\"><span style=\"font-size: 14pt;\">O Minist\u00e9rio P\u00fablico exige das Secretarias de Estado da Educa\u00e7\u00e3o e da Sa\u00fade, que n\u00e3o compareceram \u00e0 audi\u00eancia desta segunda-feira, garantias de que uma escola estadual e um posto de ser\u00e3o entregues rapidamente \u00e0 comunidade. Uma creche escola j\u00e1 est\u00e1 sendo constru\u00edda para atender os filhos dos futuros moradores. De acordo com a promotora Marluce Falc\u00e3o, os dois \u00f3rg\u00e3os do governo estadual dever\u00e3o apresentar um cronograma das respectivas obras pelas quais s\u00e3o respons\u00e1veis.<\/span><\/p>\n<p style=\"text-align: justify;\" align=\"JUSTIFY\"><span style=\"font-size: 14pt;\">\u201cJ\u00e1 fomos informados de que a Secretaria de Sa\u00fade est\u00e1 com o procedimento licitat\u00f3rio do posto conclu\u00eddo, enquanto a licita\u00e7\u00e3o para a escola encontra-se na Procuradoria Geral do Estado. O Minist\u00e9rio P\u00fablico insiste na conclus\u00e3o das obras de sa\u00fade e educa\u00e7\u00e3o devido \u00e0 morosidade que envolveu a constru\u00e7\u00e3o do residencial. N\u00f3s tememos que a demora poder\u00e1 ser repetida caso deixemos de vincular a a\u00e7\u00e3o do poder executivo a um Termo de Ajustamento de Conduta (TAC)\u201d, explicou Falc\u00e3o.<\/span><\/p>\n<p style=\"text-align: justify;\" align=\"JUSTIFY\"><span style=\"font-size: 14pt;\"><strong>Cer\u00e2mica e transporte urbano<\/strong><\/span><\/p>\n<p style=\"text-align: justify;\" align=\"JUSTIFY\"><span style=\"font-size: 14pt;\">A construtora Contrato Engenharia afirmou que as casas j\u00e1 est\u00e3o prontas para ser entregues, mas que, com a determina\u00e7\u00e3o do governo federal de colocar cer\u00e2mica em todas as depend\u00eancias da moradia, espera um termo aditivo para estender a \u00e1rea coberta. Segundo o diretor-t\u00e9cnico da construtora, Guilherme Melo, o prazo ser\u00e1 de quatro meses a contar da assinatura do aditivo.<\/span><\/p>\n<p style=\"text-align: justify;\" align=\"JUSTIFY\"><span style=\"font-size: 14pt;\">Em rela\u00e7\u00e3o ao transporte urbano, o Minist\u00e9rio P\u00fablico espera um estudo da Superintend\u00eancia Municipal de Transporte e Tr\u00e2nsito de Macei\u00f3 para a cria\u00e7\u00e3o de uma linha de \u00f4nibus que passe pelo residencial. Cerca de tr\u00eas quil\u00f4metros separam o Conjunto Residencial Jos\u00e9 Apr\u00edgio Vilela do Conjunto Cidade Sorriso II.<\/span><\/p>\n","protected":false},"excerpt":{"rendered":"<p> [&hellip;]<\/p>\n","protected":false},"author":5,"featured_media":10582,"comment_status":"open","ping_status":"open","sticky":false,"template":"","format":"standard","meta":{"om_disable_all_campaigns":false,"_monsterinsights_skip_tracking":false,"_monsterinsights_sitenote_active":false,"_monsterinsights_sitenote_note":"","_monsterinsights_sitenote_category":0,"_uf_show_specific_survey":0,"_uf_disable_surveys":false,"footnotes":""},"categories":[2],"tags":[],"class_list":["post-10581","post","type-post","status-publish","format-standard","has-post-thumbnail","hentry","category-not_mpal"],"aioseo_notices":[],"_links":{"self":[{"href":"https:\/\/www.mpal.mp.br\/index.php?rest_route=\/wp\/v2\/posts\/10581","targetHints":{"allow":["GET"]}}],"collection":[{"href":"https:\/\/www.mpal.mp.br\/index.php?rest_route=\/wp\/v2\/posts"}],"about":[{"href":"https:\/\/www.mpal.mp.br\/index.php?rest_route=\/wp\/v2\/types\/post"}],"author":[{"embeddable":true,"href":"https:\/\/www.mpal.mp.br\/index.php?rest_route=\/wp\/v2\/users\/5"}],"replies":[{"embeddable":true,"href":"https:\/\/www.mpal.mp.br\/index.php?rest_route=%2Fwp%2Fv2%2Fcomments&post=10581"}],"version-history":[{"count":1,"href":"https:\/\/www.mpal.mp.br\/index.php?rest_route=\/wp\/v2\/posts\/10581\/revisions"}],"predecessor-version":[{"id":10583,"href":"https:\/\/www.mpal.mp.br\/index.php?rest_route=\/wp\/v2\/posts\/10581\/revisions\/10583"}],"wp:featuredmedia":[{"embeddable":true,"href":"https:\/\/www.mpal.mp.br\/index.php?rest_route=\/wp\/v2\/media\/10582"}],"wp:attachment":[{"href":"https:\/\/www.mpal.mp.br\/index.php?rest_route=%2Fwp%2Fv2%2Fmedia&parent=10581"}],"wp:term":[{"taxonomy":"category","embeddable":true,"href":"https:\/\/www.mpal.mp.br\/index.php?rest_route=%2Fwp%2Fv2%2Fcategories&post=10581"},{"taxonomy":"post_tag","embeddable":true,"href":"https:\/\/www.mpal.mp.br\/index.php?rest_route=%2Fwp%2Fv2%2Ftags&post=10581"}],"curies":[{"name":"wp","href":"https:\/\/api.w.org\/{rel}","templated":true}]}}