{"id":10580,"date":"2014-12-01T08:41:51","date_gmt":"2014-12-01T10:41:51","guid":{"rendered":"https:\/\/www.mpal.mp.br\/?p=10580"},"modified":"2022-07-04T08:46:52","modified_gmt":"2022-07-04T11:46:52","slug":"nucleo-de-defesa-da-mulher-capacita-profissionais-da-saude-no-tratamento-de-mulheres-vitimas-de-violencia-domestica","status":"publish","type":"post","link":"https:\/\/www.mpal.mp.br\/?p=10580","title":{"rendered":"N\u00facleo de Defesa da Mulher capacita profissionais da sa\u00fade no tratamento de mulheres v\u00edtimas de viol\u00eancia dom\u00e9stica"},"content":{"rendered":"<p style=\"text-align: justify;\"><span style=\"font-size: 14pt;\">As promotoras de Justi\u00e7a Hylza de Paiva e Stela Val\u00e9ria Cavalcanti participam, na manh\u00e3 desta segunda-feira (1\u00ba), de um curso de capacita\u00e7\u00e3o sobre Direito da Mulher promovido pela Secretaria de Estado da Mulher, da Cidadania e dos Direitos Humanos (SEMCDH) e pelo Centro Especializado de Atendimento \u00e0 Mulher em Situa\u00e7\u00e3o de Viol\u00eancia (CEAM). O evento \u00e9 voltado para profissionais da \u00e1rea de sa\u00fade que atuam na \u00e1rea de defesa de g\u00eanero.<\/span><\/p>\n<p style=\"text-align: justify;\"><span style=\"font-size: 14pt;\">\u201cN\u00f3s queremos ajudar os profissionais a se reciclarem no trato de mulheres v\u00edtimas de viol\u00eancia dom\u00e9stica e familiar. Eles devem convencer \u00e0s v\u00edtimas a superarem o medo de denunciar o agressor e procurar as autoridades competentes\u201d, explicou Hylza de Paiva, que coordena o N\u00facleo de Defesa da Mulher do Minist\u00e9rio P\u00fablico do Estado de Alagoas (NUDEMP).<\/span><\/p>\n<p style=\"text-align: justify;\"><span style=\"font-size: 14pt;\">A capacita\u00e7\u00e3o faz parte da programa\u00e7\u00e3o dos 16 Dias de Ativismo pelo Fim da Viol\u00eancia contra as Mulheres, de 25 de novembro a 10 de dezembro, que \u00e9 o Dia Internacional de Direitos Humanos, incentivado pela ONU Mulheres Brasil \u2013 Entidade das Na\u00e7\u00f5es Unidas para a Igualdade de G\u00eanero e o Empoderamento das Mulheres.<\/span><\/p>\n<p style=\"text-align: justify;\"><span style=\"font-size: 14pt;\">A campanha \u00e9 uma mobiliza\u00e7\u00e3o praticada anualmente pela sociedade civil e pelo poder p\u00fablico engajados nessa tem\u00e1tica de enfrentamento. Este ano, a a\u00e7\u00e3o conta com a parceria do Conselho Nacional do Minist\u00e9rio P\u00fablico (CNMP), que tamb\u00e9m faz parte da Campanha Compromisso e Atitude pela Lei Maria da Penha.<\/span><\/p>\n","protected":false},"excerpt":{"rendered":"<p> [&hellip;]<\/p>\n","protected":false},"author":4,"featured_media":10584,"comment_status":"open","ping_status":"open","sticky":false,"template":"","format":"standard","meta":{"om_disable_all_campaigns":false,"_monsterinsights_skip_tracking":false,"_monsterinsights_sitenote_active":false,"_monsterinsights_sitenote_note":"","_monsterinsights_sitenote_category":0,"_uf_show_specific_survey":0,"_uf_disable_surveys":false,"footnotes":""},"categories":[2],"tags":[],"class_list":["post-10580","post","type-post","status-publish","format-standard","has-post-thumbnail","hentry","category-not_mpal"],"aioseo_notices":[],"_links":{"self":[{"href":"https:\/\/www.mpal.mp.br\/index.php?rest_route=\/wp\/v2\/posts\/10580","targetHints":{"allow":["GET"]}}],"collection":[{"href":"https:\/\/www.mpal.mp.br\/index.php?rest_route=\/wp\/v2\/posts"}],"about":[{"href":"https:\/\/www.mpal.mp.br\/index.php?rest_route=\/wp\/v2\/types\/post"}],"author":[{"embeddable":true,"href":"https:\/\/www.mpal.mp.br\/index.php?rest_route=\/wp\/v2\/users\/4"}],"replies":[{"embeddable":true,"href":"https:\/\/www.mpal.mp.br\/index.php?rest_route=%2Fwp%2Fv2%2Fcomments&post=10580"}],"version-history":[{"count":1,"href":"https:\/\/www.mpal.mp.br\/index.php?rest_route=\/wp\/v2\/posts\/10580\/revisions"}],"predecessor-version":[{"id":10585,"href":"https:\/\/www.mpal.mp.br\/index.php?rest_route=\/wp\/v2\/posts\/10580\/revisions\/10585"}],"wp:featuredmedia":[{"embeddable":true,"href":"https:\/\/www.mpal.mp.br\/index.php?rest_route=\/wp\/v2\/media\/10584"}],"wp:attachment":[{"href":"https:\/\/www.mpal.mp.br\/index.php?rest_route=%2Fwp%2Fv2%2Fmedia&parent=10580"}],"wp:term":[{"taxonomy":"category","embeddable":true,"href":"https:\/\/www.mpal.mp.br\/index.php?rest_route=%2Fwp%2Fv2%2Fcategories&post=10580"},{"taxonomy":"post_tag","embeddable":true,"href":"https:\/\/www.mpal.mp.br\/index.php?rest_route=%2Fwp%2Fv2%2Ftags&post=10580"}],"curies":[{"name":"wp","href":"https:\/\/api.w.org\/{rel}","templated":true}]}}