{"id":10577,"date":"2014-12-22T08:37:46","date_gmt":"2014-12-22T10:37:46","guid":{"rendered":"https:\/\/www.mpal.mp.br\/?p=10577"},"modified":"2022-07-04T08:41:44","modified_gmt":"2022-07-04T11:41:44","slug":"promotora-de-justica-toma-posse-no-conselho-de-direitos-da-mulher","status":"publish","type":"post","link":"https:\/\/www.mpal.mp.br\/?p=10577","title":{"rendered":"Promotora de Justi\u00e7a toma posse no Conselho de Direitos da Mulher"},"content":{"rendered":"<p style=\"text-align: justify;\"><span style=\"font-size: 14pt;\">A promotora de Justi\u00e7a Maria Jos\u00e9 Alves da Silva, titular da Promotoria de Combate e Preven\u00e7\u00e3o \u00e0 Viol\u00eancia Dom\u00e9stica e Familiar contra a Mulher, tomou posse, nesta segunda-feira (22), do cargo de membro do Conselho de Direitos da Mulher. A promotora de Justi\u00e7a Am\u00e9lia Adriana de Carvalho Campelo ser\u00e1 a suplente da conselheira titular pelo Minist\u00e9rio P\u00fablico do Estado de Alagoas (MPE\/AL).<\/span><\/p>\n<p style=\"text-align: justify;\"><span style=\"font-size: 14pt;\">O \u00f3rg\u00e3o colegiado faz parte da Secretaria de Estado da Mulher, da Cidadania e dos Direitos Humanos (SEMCDH) e \u00e9 composto por 16 conselheiros titulares, sendo oito deles designados por \u00f3rg\u00e3os estatais e outros oito da sociedade civil. O Conselho de Direitos da Mulher tem como principal atribui\u00e7\u00e3o fiscalizar a implanta\u00e7\u00e3o das pol\u00edticas p\u00fablicas relacionados aos direitos da mulher.<\/span><\/p>\n<p style=\"text-align: justify;\"><span style=\"font-size: 14pt;\">\u201cComo conselheiros deste \u00f3rg\u00e3o, nosso principal desafio ser\u00e1 dar efetividade a v\u00e1rios projetos e programas governamentais de combate e preven\u00e7\u00e3o \u00e0 viol\u00eancia dom\u00e9stica e familiar contra a mulher. Eles n\u00e3o podem ser resumir a dias festivos, como muitas vezes acontece. Esclarecer a popula\u00e7\u00e3o feminina dos seus direitos, capacitar profissionais de \u00e1reas de atendimento \u00e0 v\u00edtima e aperfei\u00e7oar os operadores do direito na aplica\u00e7\u00e3o adequada da Lei Maria da Penha tamb\u00e9m servir\u00e3o de norte para a atua\u00e7\u00e3o do Conselho\u201d, disse a promotora de Justi\u00e7a Maria Jos\u00e9 Alves.<\/span><\/p>\n<p style=\"text-align: justify;\"><span style=\"font-size: 14pt;\">Al\u00e9m do MPE\/AL e da SEMCDH, fazem parte do Conselho de Direitos da Mulher as Secretarias de Estado de Sa\u00fade, de Defesa Social e de Trabalhado, Emprego e Qualifica\u00e7\u00e3o Profissional, a Associa\u00e7\u00e3o Alagoana Pr\u00f3-Mulher, a Marcha Mundial das Mulheres, o Grupo de Uni\u00e3o Esp\u00edrita Santa B\u00e1rbara, o Instituto Feminista Jarede Viana, o Movimento das Mulheres Trabalhadoras Rurais e Pescadoras de Alagoas, a Defensoria P\u00fablica Geral do Estado de Alagoas, a Universidade Federal de Alagoas, a Associa\u00e7\u00e3o de Mulheres de Carreira Jur\u00eddica, a Federa\u00e7\u00e3o de Trabalhadoras da Agricultura no Estado de Alagoas e o Sindicato dos Trabalhadores da Educa\u00e7\u00e3o do Estado de Alagoas.<\/span><\/p>\n","protected":false},"excerpt":{"rendered":"<p> [&hellip;]<\/p>\n","protected":false},"author":4,"featured_media":10578,"comment_status":"open","ping_status":"open","sticky":false,"template":"","format":"standard","meta":{"om_disable_all_campaigns":false,"_monsterinsights_skip_tracking":false,"_monsterinsights_sitenote_active":false,"_monsterinsights_sitenote_note":"","_monsterinsights_sitenote_category":0,"_uf_show_specific_survey":0,"_uf_disable_surveys":false,"footnotes":""},"categories":[2],"tags":[],"class_list":["post-10577","post","type-post","status-publish","format-standard","has-post-thumbnail","hentry","category-not_mpal"],"aioseo_notices":[],"_links":{"self":[{"href":"https:\/\/www.mpal.mp.br\/index.php?rest_route=\/wp\/v2\/posts\/10577","targetHints":{"allow":["GET"]}}],"collection":[{"href":"https:\/\/www.mpal.mp.br\/index.php?rest_route=\/wp\/v2\/posts"}],"about":[{"href":"https:\/\/www.mpal.mp.br\/index.php?rest_route=\/wp\/v2\/types\/post"}],"author":[{"embeddable":true,"href":"https:\/\/www.mpal.mp.br\/index.php?rest_route=\/wp\/v2\/users\/4"}],"replies":[{"embeddable":true,"href":"https:\/\/www.mpal.mp.br\/index.php?rest_route=%2Fwp%2Fv2%2Fcomments&post=10577"}],"version-history":[{"count":1,"href":"https:\/\/www.mpal.mp.br\/index.php?rest_route=\/wp\/v2\/posts\/10577\/revisions"}],"predecessor-version":[{"id":10579,"href":"https:\/\/www.mpal.mp.br\/index.php?rest_route=\/wp\/v2\/posts\/10577\/revisions\/10579"}],"wp:featuredmedia":[{"embeddable":true,"href":"https:\/\/www.mpal.mp.br\/index.php?rest_route=\/wp\/v2\/media\/10578"}],"wp:attachment":[{"href":"https:\/\/www.mpal.mp.br\/index.php?rest_route=%2Fwp%2Fv2%2Fmedia&parent=10577"}],"wp:term":[{"taxonomy":"category","embeddable":true,"href":"https:\/\/www.mpal.mp.br\/index.php?rest_route=%2Fwp%2Fv2%2Fcategories&post=10577"},{"taxonomy":"post_tag","embeddable":true,"href":"https:\/\/www.mpal.mp.br\/index.php?rest_route=%2Fwp%2Fv2%2Ftags&post=10577"}],"curies":[{"name":"wp","href":"https:\/\/api.w.org\/{rel}","templated":true}]}}