{"id":10572,"date":"2015-03-09T08:32:06","date_gmt":"2015-03-09T11:32:06","guid":{"rendered":"https:\/\/www.mpal.mp.br\/?p=10572"},"modified":"2022-07-04T08:35:48","modified_gmt":"2022-07-04T11:35:48","slug":"procuradora-promotoras-e-servidoras-participam-de-palestra-motivacional-na-sede-do-ministerio-publico-almoco-celebra-o-dia-da-mulher","status":"publish","type":"post","link":"https:\/\/www.mpal.mp.br\/?p=10572","title":{"rendered":"Procuradora, promotoras e servidoras participam de palestra motivacional na sede do Minist\u00e9rio P\u00fablico; almo\u00e7o celebra o &#8216;Dia da Mulher&#8217;"},"content":{"rendered":"<p style=\"text-align: justify;\"><span style=\"font-size: 14pt;\">A manh\u00e3 de dezenas de mulheres que trabalham no Minist\u00e9rio P\u00fablico Estadual de Alagoas foi dedicada a valoriza\u00e7\u00e3o da sua auto-estima. Durante a palestra \u201cTransformando sonhos em realidade\u201d, ministrada pela psic\u00f3loga Gleide Vilela, procuradora, promotoras, servidoras e estagi\u00e1rias foram incentivadas a praticar o &#8216;empoderamento&#8217;, caracter\u00edstica que deve estar presente na mulher do s\u00e9culo XXI.<\/span><\/p>\n<p style=\"text-align: justify;\"><span style=\"font-size: 14pt;\">A abertura do evento foi feita pelo procurador-geral de Justi\u00e7a, S\u00e9rgio Juc\u00e1, pelo diretor da Escola Superior do Minist\u00e9rio P\u00fablico, procurador de Justi\u00e7a Eduardo Tavares, pela coordenadora do N\u00facleo de Defesa da Mulher, promotora de Justi\u00e7a Hylza Paiva Torres de Castro e pela presidente da Associa\u00e7\u00e3o do Minist\u00e9rio P\u00fablico (Ampal), promotora de Justi\u00e7a Adilza de Freitas.<\/span><\/p>\n<p style=\"text-align: justify;\"><span style=\"font-size: 14pt;\">\u201cPara mim, todos os dias \u00e9 dia da mulher, homenagens a ela deveriam ser feitas nos 365 dias do ano. Entretanto, como estamos na semana que marca a data, nosso desejo \u00e9 para que todas voc\u00eas aproveitem ao m\u00e1ximo a programa\u00e7\u00e3o organizada pela Escola Superior do MP e pelo N\u00facleo de Defesa da Mulher. Quero tamb\u00e9m dizer que este Minist\u00e9rio P\u00fablico se orgulha de suas procuradoras, promotoras, servidoras e estagi\u00e1rias, cada uma delas tem uma grande import\u00e2ncia para o funcionamento da nossa institui\u00e7\u00e3o. Ao mesmo tempo em que exercem suas atividades com bravura, tamb\u00e9m conseguem ser sin\u00f4nimos de amor, compreens\u00e3o e solidariedade\u201d, afirmou S\u00e9rgio Juc\u00e1.<\/span><\/p>\n<p style=\"text-align: justify;\"><span style=\"font-size: 14pt;\">\u201cCada atividade desta semana da mulher foi organizada com muito carinho. Nesse domingo a caminhada e a tenda na orla da Paju\u00e7ara marcaram a abertura das a\u00e7\u00f5es e conseguiram mostrar a sociedade o trabalho do MP em prol da defesa do sexo feminino. Hoje estamos tendo a palestra da coach do Sebrae Gleide Vilela e ainda teremos a execu\u00e7\u00e3o do projeto &#8216;MP na Pra\u00e7a&#8217; na pr\u00f3xima quarta-feira e um stand no Macei\u00f3 Shopping com informa\u00e7\u00f5es sobre a Lei Maria da Penha. A data \u00e9 festiva e temos que mostrar a voc\u00eas o quanto s\u00e3o importantes para n\u00f3s\u201d, declarou o procurador de Justi\u00e7a Eduardo Tavares.<\/span><\/p>\n<p style=\"text-align: justify;\"><span style=\"font-size: 14pt;\">\u201cErra aquele ditado que diz que por tr\u00e1s de um grande homem h\u00e1 sempre uma grande mulher. Na verdade, as grandes mulheres est\u00e3o ao lado, e n\u00e3o por tr\u00e1s deles. N\u00f3s n\u00e3o temos que ser sombras dos homens, estamos lado a llado para somar e construir rela\u00e7\u00f5es melhores e mais felizes\u201d, disse Hylza Paiva Torres de Castro, coordenadora do N\u00facleo de Defesa da Mulher.<\/span><\/p>\n<p style=\"text-align: justify;\"><span style=\"font-size: 14pt;\">\u201cN\u00f3s temos apenas 11% da quantidade de mulheres que existem no Poder Judici\u00e1rio e, ainda assim, conseguimos um fazer um trabalho que nos enche de orgulho. O perfil guerreiro da mulher do Minist\u00e9rio P\u00fablico, sem d\u00favida alguma, ajuda a fazer uma institui\u00e7\u00e3o mais forte\u201d, garantiu a presidente da Ampal, Adilza In\u00e1cio de Freitas.<\/span><\/p>\n<p style=\"text-align: justify;\"><span style=\"font-size: 14pt;\"><strong>A palestra<\/strong><\/span><\/p>\n<p style=\"text-align: justify;\"><span style=\"font-size: 14pt;\">Por meio da aplica\u00e7\u00e3o da ferramenta de coach \u201cRoda Viva\u201d, com a consultora do Sebrae Gleide Vilela, aconteceu a palestra \u201cTransformando sonhos em realidade\u201d. Durante sua explana\u00e7\u00e3o, a psic\u00f3loga incentivou a membros, servidoras e estagi\u00e1rias a praticarem o \u201cempoderamento\u201d.<\/span><\/p>\n<p style=\"text-align: justify;\"><span style=\"font-size: 14pt;\">\u201cA palavra empoderar vem de poder. Ela significa tomar poder de si, poder de realizar algo, conduzir uma situa\u00e7\u00e3o. \u00c9 a busca da liberdade com responsabilidade, \u00e9 a escolha definida a partir das nossas pr\u00f3prias percep\u00e7\u00f5es e valores, ou seja, a resposta est\u00e1 em n\u00f3s e n\u00e3o no outro. Ainda que essa outra pessoa nos ajude a decidir o que fazer, o lugar do protagonismo \u00e9 nosso\u201d, defendeu Gleice Vilela.<\/span><\/p>\n<p style=\"text-align: justify;\"><span style=\"font-size: 14pt;\">\u201cGostei muito da palestra, foi bastante incentivadora. Inclusive, ela nos mostra que devemos delegar fun\u00e7\u00f5es aos demais colaboradores para que eles tamb\u00e9m possam se tornar novos l\u00edderes. A mulher empoderada confia no seu trabalho, na sua compet\u00eancia, por\u00e9m, tamb\u00e9m d\u00e1 espa\u00e7o para que a sua equipe cres\u00e7a e se desenvolva\u201d, disse a diretora de pessoal do Minist\u00e9rio P\u00fablico, Dilma Alves de Queiroz.<\/span><\/p>\n<p style=\"text-align: justify;\"><span style=\"font-size: 14pt;\">\u201cFoi espetacular porque deu a oportunidade de olharmos para dentro de n\u00f3s e enxergamos uma mulher com mais potencial. Pensar em tudo o que foi dito permite que a gente encontre um brilho que estava escondido\u201d, alegou a analista Marli Ferraz Torres.<\/span><\/p>\n<p style=\"text-align: justify;\"><span style=\"font-size: 14pt;\"><strong>Programa\u00e7\u00e3o recheada<\/strong><\/span><\/p>\n<p style=\"text-align: justify;\"><span style=\"font-size: 14pt;\">Tamb\u00e9m nesta segunda-feira (09), a titular da Promotoria de Justi\u00e7a de Combate e Preven\u00e7\u00e3o \u00e0 Viol\u00eancia Dom\u00e9stica, Maria Jos\u00e9 Alves, representou o MPE\/AL numa palestra da Escola da Magistratura do Estado de Alagoas, onde falou sobre a Equidade de G\u00eanero.<\/span><\/p>\n<p style=\"text-align: justify;\"><span style=\"font-size: 14pt;\">Pela tarde, o diretor da ESMP, procurador de Justi\u00e7a Eduardo Tavares Mendes, a presidente da Ampal, promotora de Justi\u00e7a Adilza In\u00e1cio de Freitas, e a\u00a0coordenadora do N\u00facleo de Defesa da Mulher, promotora Hylza Paiva Torres de Castro,\u00a0receberam o p\u00fablico feminino do Minist\u00e9rio P\u00fablico para uma almo\u00e7o de confraterniza\u00e7\u00e3o e homenagem \u00e0s mulheres na sede da Associa\u00e7\u00e3o do MPE. Houve ainda apresenta\u00e7\u00f5es de folguedos populares e sorteio de presentes. &#8220;Mesmo com tudo isso que foi preparado, ainda n\u00e3o \u00e9 poss\u00edvel mensurar o tamanho do nosso respeito e gratid\u00e3o por tudo o que as mulheres do Minist\u00e9rio P\u00fablico representam para a nossa institui\u00e7\u00e3o&#8221;, disse Eduardo Tavares.<\/span><\/p>\n<p style=\"text-align: justify;\"><span style=\"font-size: 14pt;\">&#8220;Foi uma iniciativa louv\u00e1vel porque envolveu o pr\u00f3prio Minist\u00e9rio P\u00fablico, a Escola Superior e a Ampal, permitindo que todas n\u00f3s, membros, servidoras e prestadoras de servi\u00e7o, estiv\u00e9ssemos num especial clima harm\u00f4nico e de celebra\u00e7\u00e3o&#8221;, declarou a promotora de Justi\u00e7a Lav\u00ednia Fragoso.<\/span><\/p>\n<p style=\"text-align: justify;\"><span style=\"font-size: 14pt;\">&#8220;N\u00f3s que trabalhamos como servi\u00e7os prestados, adoramos a festa. Achei tudo lindo. Foi a primeira vez que vi um folguedo popular se apresentando e fiquei encantada. O almo\u00e7o tamb\u00e9m estava delicioso. Foi uma grande alegria termos sido lembradas pelo dia da mulher e eu ainda voltei pra casa com um presente maravilhoso&#8221;, comemorou a coperia M\u00e1rcia Cristina dos Santos.<\/span><\/p>\n<p style=\"text-align: justify;\"><span style=\"font-size: 14pt;\">&#8220;O evento foi bem animado, com apresenta\u00e7\u00f5es folcl\u00f3ricas muito bonitas. Isso sem falar na palestra que nos deu um novo \u00e2nimo&#8221;, afirmou Renata Teixeira Cavalcante, analista de gest\u00e3o p\u00fablica.<\/span><\/p>\n<p style=\"text-align: justify;\"><span style=\"font-size: 14pt;\"><strong>MP vai \u00e0 Pra\u00e7a<\/strong><\/span><\/p>\n<p style=\"text-align: justify;\"><span style=\"font-size: 14pt;\">Nesta quarta-feira (11), ser\u00e1 a vez da Escola Superior do MPE\/AL e do programa Minist\u00e9rio P\u00fablico Comunit\u00e1rio promoverem um encontro com a popula\u00e7\u00e3o do bairro Vergel do Lago, na zona sul de Macei\u00f3. Na ocasi\u00e3o, ocorrer\u00e1 mais uma edi\u00e7\u00e3o do \u201cMP vai \u00e0 Pra\u00e7a\u201d. Dessa vez, ser\u00e3o oferecidos servi\u00e7os gratuitos de orienta\u00e7\u00e3o sobre a Lei Maria da Penha.<\/span><\/p>\n<p style=\"text-align: justify;\"><span style=\"font-size: 14pt;\">Haver\u00e1 tamb\u00e9m a promo\u00e7\u00e3o de servi\u00e7os de sa\u00fade, beleza e bem-estar, com o apoio do SENAC, Sebrae, Cooperativa Pindorama, Cooperativa de Produ\u00e7\u00e3o Leiteira de Alagoas, O Botic\u00e1rio, Toldos e Varanda e outras institui\u00e7\u00f5es.<\/span><\/p>\n<p style=\"text-align: justify;\"><span style=\"font-size: 14pt;\">Por fim, no Macei\u00f3 Shopping, haver\u00e1, no per\u00edodo de 10 a 13 de mar\u00e7o, um stand do Minist\u00e9rio P\u00fablico do Estado de Alagoas para tirar d\u00favidas sobre o uso adequado da Lei Maria da Penha.<\/span><\/p>\n","protected":false},"excerpt":{"rendered":"<p> [&hellip;]<\/p>\n","protected":false},"author":4,"featured_media":10573,"comment_status":"open","ping_status":"open","sticky":false,"template":"","format":"standard","meta":{"om_disable_all_campaigns":false,"_monsterinsights_skip_tracking":false,"_monsterinsights_sitenote_active":false,"_monsterinsights_sitenote_note":"","_monsterinsights_sitenote_category":0,"_uf_show_specific_survey":0,"_uf_disable_surveys":false,"footnotes":""},"categories":[2],"tags":[],"class_list":["post-10572","post","type-post","status-publish","format-standard","has-post-thumbnail","hentry","category-not_mpal"],"aioseo_notices":[],"_links":{"self":[{"href":"https:\/\/www.mpal.mp.br\/index.php?rest_route=\/wp\/v2\/posts\/10572","targetHints":{"allow":["GET"]}}],"collection":[{"href":"https:\/\/www.mpal.mp.br\/index.php?rest_route=\/wp\/v2\/posts"}],"about":[{"href":"https:\/\/www.mpal.mp.br\/index.php?rest_route=\/wp\/v2\/types\/post"}],"author":[{"embeddable":true,"href":"https:\/\/www.mpal.mp.br\/index.php?rest_route=\/wp\/v2\/users\/4"}],"replies":[{"embeddable":true,"href":"https:\/\/www.mpal.mp.br\/index.php?rest_route=%2Fwp%2Fv2%2Fcomments&post=10572"}],"version-history":[{"count":1,"href":"https:\/\/www.mpal.mp.br\/index.php?rest_route=\/wp\/v2\/posts\/10572\/revisions"}],"predecessor-version":[{"id":10574,"href":"https:\/\/www.mpal.mp.br\/index.php?rest_route=\/wp\/v2\/posts\/10572\/revisions\/10574"}],"wp:featuredmedia":[{"embeddable":true,"href":"https:\/\/www.mpal.mp.br\/index.php?rest_route=\/wp\/v2\/media\/10573"}],"wp:attachment":[{"href":"https:\/\/www.mpal.mp.br\/index.php?rest_route=%2Fwp%2Fv2%2Fmedia&parent=10572"}],"wp:term":[{"taxonomy":"category","embeddable":true,"href":"https:\/\/www.mpal.mp.br\/index.php?rest_route=%2Fwp%2Fv2%2Fcategories&post=10572"},{"taxonomy":"post_tag","embeddable":true,"href":"https:\/\/www.mpal.mp.br\/index.php?rest_route=%2Fwp%2Fv2%2Ftags&post=10572"}],"curies":[{"name":"wp","href":"https:\/\/api.w.org\/{rel}","templated":true}]}}