{"id":10568,"date":"2013-07-23T08:28:41","date_gmt":"2013-07-23T11:28:41","guid":{"rendered":"https:\/\/www.mpal.mp.br\/?p=10568"},"modified":"2022-07-04T08:29:51","modified_gmt":"2022-07-04T11:29:51","slug":"mp-assina-tac-com-prefeitura-para-familias-desabrigadas-desocuparem-escola","status":"publish","type":"post","link":"https:\/\/www.mpal.mp.br\/?p=10568","title":{"rendered":"MP assina TAC com prefeitura, para fam\u00edlias desabrigadas desocuparem escola"},"content":{"rendered":"<p style=\"text-align: justify;\"><span style=\"font-size: 14pt;\">O promotor de Justi\u00e7a Fl\u00e1vio Costa e representantes da Secretaria Municipal de A\u00e7\u00e3o Social (Semas) e da Secretaria Municipal de Habita\u00e7\u00e3o Popular e Saneamento (SMHPS) estiveram, na tarde\u00a0 dessa ter\u00e7a-feira (23), na Escola Municipal Nise da Silveira, no Tabuleiro dos Martins, para discutir a possibilidade de desocupa\u00e7\u00e3o da unidade de ensino por parte de fam\u00edlias desabrigadas. Um Termo de Ajustamento de Conduta (TAC) ser\u00e1 assinado pelo Minist\u00e9rio P\u00fablico, Prefeitura e pelas v\u00edtimas das chuvas com o objetivo de permitir a volta \u00e0s aulas e a transfer\u00eancia dos desalojados para uma nova casa.<\/span><\/p>\n<p style=\"text-align: justify;\"><span style=\"font-size: 14pt;\">S\u00e3o 32 fam\u00edlias desabrigadas que ocupam a escola. Em decorr\u00eancia dos temporais que ca\u00edram no Conjunto Jos\u00e9 Ten\u00f3rio e Benedito Bentes, elas buscaram abrigo na unidade de ensino no in\u00edcio deste m\u00eas, quando o recesso escolar estava em vigor. Entretanto, o calend\u00e1rio escolar previa o retorno das atividades h\u00e1 mais de uma semana, o que n\u00e3o ocorreu por conta da ocupa\u00e7\u00e3o. Diante do empasse, o Minist\u00e9rio P\u00fablico Estadual de Alagoas resolveu agir e mediar a sa\u00edda dos desabrigados.<\/span><\/p>\n<p style=\"text-align: justify;\"><span style=\"font-size: 14pt;\">O Mediador do encontro foi o promotor Fl\u00e1vio Costa, da Promotoria Coletiva de Direitos Humanos do MP\/AL. &#8220;Explicamos \u00e0s v\u00edtimas que elas t\u00eam direito ao aluguel social por at\u00e9 tr\u00eas meses. Dentre as 32 fam\u00edlias, cinco delas tiveram suas casas destru\u00eddas e, as demais, est\u00e3o com as casas condenadas. Aqui eles at\u00e9 t\u00eam uma boa estrutura, mas esse espa\u00e7o \u00e9 para a educa\u00e7\u00e3o, o que n\u00e3o est\u00e1 acontecendo. Ent\u00e3o, nossa proposta \u00e9 para que a Prefeitura conceda o aux\u00edlio moradia para que a unidade de ensino seja devolvida \u00e0 comunidade escolar\u201d, explicou ele.<\/span><\/p>\n<p style=\"text-align: justify;\"><span style=\"font-size: 14pt;\">A diretora da escola, Arlete Domingos, disse que o ano letivo deveria ter come\u00e7ado e que mais de 500 alunos est\u00e3o sendo prejudicados. \u201cOs professores comparecem, mas n\u00e3o h\u00e1 possibilidades de haver aulas. E ainda temos o agravante da recusa deles em fazer a reposi\u00e7\u00e3o do calend\u00e1rio, haja vista que alegam n\u00e3o ter culpa do problema. E os pais, claro, est\u00e3o insatisfeitos e pedem que as fam\u00edlias desocupem a escola\u201d, contou.<\/span><\/p>\n<p style=\"text-align: justify;\"><span style=\"font-size: 14pt;\">Depois da negocia\u00e7\u00e3o, ficou decidido que ser\u00e1 assinado um TAC por todas as partes envolvidas. As fam\u00edlias receber\u00e3o o aluguel social e ser\u00e3o inseridas em programas habitacionais, atrav\u00e9s de um cadastro que ser\u00e1 feito pelo Munic\u00edpio. Segundo a Prefeitura de Macei\u00f3, est\u00e3o sendo constru\u00eddas 2.900 casas na parte alta de Macei\u00f3 e, 32 delas j\u00e1 est\u00e3o garantidas para os desabrigados da escola.<\/span><\/p>\n<p style=\"text-align: justify;\"><span style=\"font-size: 14pt;\">Mesmo com o acordo aceito, as fam\u00edlias ainda alegam que o valor do aluguel social, de R$ 150, \u00e9 baixo. \u201cEstamos fazendo o poss\u00edvel para ajud\u00e1-los. Todos os respons\u00e1veis querem a solu\u00e7\u00e3o que seja melhor para todos. Reconhecemos que o valor \u00e9 pouco, mas ele representa apenas uma ajuda emergencial. N\u00e3o \u00e9 a solu\u00e7\u00e3o definitiva\u201d, afirmou Juliana Vergetti, secret\u00e1ria municipal de A\u00e7\u00e3o Social.<\/span><\/p>\n<p style=\"text-align: justify;\"><span style=\"font-size: 14pt;\">Nesta quarta-feira (24) um representante da Secretaria Municipal de Assist\u00eancia Social (Semas) estar\u00e1 na escola comunicando quando o valor do aluguel social ser\u00e1 liberado. Ap\u00f3s a libera\u00e7\u00e3o, as fam\u00edlias t\u00eam prazo de 48 horas para desocupar o local.<\/span><\/p>\n","protected":false},"excerpt":{"rendered":"<p> [&hellip;]<\/p>\n","protected":false},"author":5,"featured_media":10570,"comment_status":"open","ping_status":"open","sticky":false,"template":"","format":"standard","meta":{"om_disable_all_campaigns":false,"_monsterinsights_skip_tracking":false,"_monsterinsights_sitenote_active":false,"_monsterinsights_sitenote_note":"","_monsterinsights_sitenote_category":0,"_uf_show_specific_survey":0,"_uf_disable_surveys":false,"footnotes":""},"categories":[2],"tags":[],"class_list":["post-10568","post","type-post","status-publish","format-standard","has-post-thumbnail","hentry","category-not_mpal"],"aioseo_notices":[],"_links":{"self":[{"href":"https:\/\/www.mpal.mp.br\/index.php?rest_route=\/wp\/v2\/posts\/10568","targetHints":{"allow":["GET"]}}],"collection":[{"href":"https:\/\/www.mpal.mp.br\/index.php?rest_route=\/wp\/v2\/posts"}],"about":[{"href":"https:\/\/www.mpal.mp.br\/index.php?rest_route=\/wp\/v2\/types\/post"}],"author":[{"embeddable":true,"href":"https:\/\/www.mpal.mp.br\/index.php?rest_route=\/wp\/v2\/users\/5"}],"replies":[{"embeddable":true,"href":"https:\/\/www.mpal.mp.br\/index.php?rest_route=%2Fwp%2Fv2%2Fcomments&post=10568"}],"version-history":[{"count":1,"href":"https:\/\/www.mpal.mp.br\/index.php?rest_route=\/wp\/v2\/posts\/10568\/revisions"}],"predecessor-version":[{"id":10571,"href":"https:\/\/www.mpal.mp.br\/index.php?rest_route=\/wp\/v2\/posts\/10568\/revisions\/10571"}],"wp:featuredmedia":[{"embeddable":true,"href":"https:\/\/www.mpal.mp.br\/index.php?rest_route=\/wp\/v2\/media\/10570"}],"wp:attachment":[{"href":"https:\/\/www.mpal.mp.br\/index.php?rest_route=%2Fwp%2Fv2%2Fmedia&parent=10568"}],"wp:term":[{"taxonomy":"category","embeddable":true,"href":"https:\/\/www.mpal.mp.br\/index.php?rest_route=%2Fwp%2Fv2%2Fcategories&post=10568"},{"taxonomy":"post_tag","embeddable":true,"href":"https:\/\/www.mpal.mp.br\/index.php?rest_route=%2Fwp%2Fv2%2Ftags&post=10568"}],"curies":[{"name":"wp","href":"https:\/\/api.w.org\/{rel}","templated":true}]}}