{"id":10561,"date":"2013-08-15T08:25:40","date_gmt":"2013-08-15T11:25:40","guid":{"rendered":"https:\/\/www.mpal.mp.br\/?p=10561"},"modified":"2022-07-04T08:26:42","modified_gmt":"2022-07-04T11:26:42","slug":"promotoria-de-direitos-humanos-recebe-casal-vitima-de-agressao-da-pm","status":"publish","type":"post","link":"https:\/\/www.mpal.mp.br\/?p=10561","title":{"rendered":"Promotoria de Direitos Humanos recebe casal v\u00edtima de agress\u00e3o da PM"},"content":{"rendered":"<p style=\"text-align: justify;\"><span style=\"font-size: 14pt;\">O promotor de Justi\u00e7a Fl\u00e1vio Gomes da Costa recebeu, na manh\u00e3 desta quarta-feira (14), na 61\u00aa Promotoria de Justi\u00e7a da Capital, o aut\u00f4nomo Benedito Jorge Silva filho e a professora Franqueline Terto dos Santos, ambos agredidos verbalmente e algemados, no \u00faltimo final de semana, pela Pol\u00edcia Militar, depois de ele terem tentado defender amigos turistas que filmavam os mesmos PMs supostamente batendo num usu\u00e1rio de drogas, na Pra\u00e7a Lions, no bairro da Paju\u00e7ara. O casal quer uma audi\u00eancia com a chefia do Minist\u00e9rio P\u00fablico Estadual, com o comandantes da Pol\u00edcia Militar de Alagoas e com representantes de movimentos da comunidade negra, de combate a viol\u00eancia e liberdade religiosa e outras minorias para discutir quest\u00f5es sobre racismo e intoler\u00e2ncia.<\/span><\/p>\n<p style=\"text-align: justify;\"><span style=\"font-size: 14pt;\">O casal foi agredido atrav\u00e9s de palavras ofensivas, nesse domingo (11), por um grupo de policiais, ap\u00f3s defender quatro amigos, todos turistas, que filmavam uma suposta agress\u00e3o dos militares a um usu\u00e1rio de drogas na Paju\u00e7ara. \u201cA comunidade negra n\u00e3o aguenta mais os abusos das autoridades, queremos um basta. O que os PMs cometeram foi racismo, abuso de poder e trucul\u00eancia\u201d disse Franqueline Terto dos Santos, em tom de desabafo.<\/span><\/p>\n<p style=\"text-align: justify;\"><span style=\"font-size: 14pt;\">A professora e o marido, Benedito Jorge Silva Filho, chegaram a ser algemados e levados para o 2\u00ba distrito policial, na Jati\u00faca, de onde s\u00f3 foram postos em liberdade ap\u00f3s a assinatura de um Termo Circunstanciado (TCO) que os acusava da pr\u00e1tica de desacato \u00e0 autoridade. Antes disso, por\u00e9m, ainda na pra\u00e7a, os os turistas apagaram os v\u00eddeos gravados em suas c\u00e2meras.<\/span><\/p>\n<p style=\"text-align: justify;\"><span style=\"font-size: 14pt;\">De acordo com as v\u00edtimas, pelo menos seis policiais teriam participado da a\u00e7\u00e3o, que, minutos depois, teria contado com o refor\u00e7o de um helic\u00f3ptero do Bope.<\/span><\/p>\n<p style=\"text-align: justify;\"><span style=\"font-size: 14pt;\">\u201cVamos pedir, j\u00e1 de imediato, \u00e0 Pol\u00edcia Civil, para que ela fa\u00e7a a instaura\u00e7\u00e3o de um inqu\u00e9rito para apurar e responsabilizar esse grupo de PMs\u201d, afirmou o promotor Fl\u00e1vio Costa.<\/span><\/p>\n<p style=\"text-align: justify;\"><span style=\"font-size: 14pt;\">No encontro que dever\u00e1 acontecer entre a chefia do MPE\/AL e o comando da Pol\u00edcia Militar, o casal agredido vai para que as duas institui\u00e7\u00f5es adotem as medidas que forem necess\u00e1rias \u00e0 apura\u00e7\u00e3o do fato. \u201cVamos trazer representantes de v\u00e1rias comunidades ligadas \u00e0s minorias\u201d, garantiu Franqueline Terto.<\/span><\/p>\n<p style=\"text-align: justify;\"><span style=\"font-size: 14pt;\">\u201cO Minist\u00e9rio P\u00fablico n\u00e3o pode admitir que, nos tempos de hoje, ainda se pratique a viola\u00e7\u00e3o de direitos e aconte\u00e7a a pr\u00e1tica de crimes que ocasionem danos \u00e0 instabilidade emocional, psicol\u00f3gica e f\u00edsica das pessoas\u201d, acrescentou o promotor de Justi\u00e7a.<\/span><\/p>\n<p style=\"text-align: justify;\"><span style=\"font-size: 14pt;\">Estiveram ainda presentes no encontro, as vereadoras Tereza Nelma e F\u00e1tima Santiago, o soci\u00f3logo Carlos Martins e representantes da Agentes de Pastoral Negros.<\/span><\/p>\n","protected":false},"excerpt":{"rendered":"<p> [&hellip;]<\/p>\n","protected":false},"author":5,"featured_media":10562,"comment_status":"open","ping_status":"open","sticky":false,"template":"","format":"standard","meta":{"om_disable_all_campaigns":false,"_monsterinsights_skip_tracking":false,"_monsterinsights_sitenote_active":false,"_monsterinsights_sitenote_note":"","_monsterinsights_sitenote_category":0,"_uf_show_specific_survey":0,"_uf_disable_surveys":false,"footnotes":""},"categories":[2],"tags":[],"class_list":["post-10561","post","type-post","status-publish","format-standard","has-post-thumbnail","hentry","category-not_mpal"],"aioseo_notices":[],"_links":{"self":[{"href":"https:\/\/www.mpal.mp.br\/index.php?rest_route=\/wp\/v2\/posts\/10561","targetHints":{"allow":["GET"]}}],"collection":[{"href":"https:\/\/www.mpal.mp.br\/index.php?rest_route=\/wp\/v2\/posts"}],"about":[{"href":"https:\/\/www.mpal.mp.br\/index.php?rest_route=\/wp\/v2\/types\/post"}],"author":[{"embeddable":true,"href":"https:\/\/www.mpal.mp.br\/index.php?rest_route=\/wp\/v2\/users\/5"}],"replies":[{"embeddable":true,"href":"https:\/\/www.mpal.mp.br\/index.php?rest_route=%2Fwp%2Fv2%2Fcomments&post=10561"}],"version-history":[{"count":1,"href":"https:\/\/www.mpal.mp.br\/index.php?rest_route=\/wp\/v2\/posts\/10561\/revisions"}],"predecessor-version":[{"id":10563,"href":"https:\/\/www.mpal.mp.br\/index.php?rest_route=\/wp\/v2\/posts\/10561\/revisions\/10563"}],"wp:featuredmedia":[{"embeddable":true,"href":"https:\/\/www.mpal.mp.br\/index.php?rest_route=\/wp\/v2\/media\/10562"}],"wp:attachment":[{"href":"https:\/\/www.mpal.mp.br\/index.php?rest_route=%2Fwp%2Fv2%2Fmedia&parent=10561"}],"wp:term":[{"taxonomy":"category","embeddable":true,"href":"https:\/\/www.mpal.mp.br\/index.php?rest_route=%2Fwp%2Fv2%2Fcategories&post=10561"},{"taxonomy":"post_tag","embeddable":true,"href":"https:\/\/www.mpal.mp.br\/index.php?rest_route=%2Fwp%2Fv2%2Ftags&post=10561"}],"curies":[{"name":"wp","href":"https:\/\/api.w.org\/{rel}","templated":true}]}}