{"id":10559,"date":"2015-03-10T08:21:58","date_gmt":"2015-03-10T11:21:58","guid":{"rendered":"https:\/\/www.mpal.mp.br\/?p=10559"},"modified":"2022-07-04T08:31:45","modified_gmt":"2022-07-04T11:31:45","slug":"mpe-al-diverge-da-proposta-de-mutirao-organizado-pelo-poder-judiciario-de-alagoas","status":"publish","type":"post","link":"https:\/\/www.mpal.mp.br\/?p=10559","title":{"rendered":"MPE\/AL diverge da proposta de mutir\u00e3o organizado pelo Poder Judici\u00e1rio de Alagoas"},"content":{"rendered":"<p style=\"text-align: justify;\"><span style=\"font-size: 14pt;\">Um dos principais respons\u00e1veis pela realiza\u00e7\u00e3o da Semana Nacional pela Paz em Casa no estado de Alagoas, o Minist\u00e9rio P\u00fablico Estadual (MPE\/AL) demonstrou insatisfa\u00e7\u00e3o pela forma como est\u00e1 sendo conduzida a an\u00e1lise de 776 processos relacionados \u00e0 Lei n\u00ba 11.340\/06, a Lei Maria da Penha, na capital e em munic\u00edpios do interior. Ao longo desta semana, a institui\u00e7\u00e3o ministerial estar\u00e1 presente em alguns julgamentos e diversas audi\u00eancias relacionadas \u00e0 campanha de combate \u00e0 viol\u00eancia dom\u00e9stica e familiar.<\/span><\/p>\n<p style=\"text-align: justify;\"><span style=\"font-size: 14pt;\">A titular da Promotoria de Justi\u00e7a de Combate e Preven\u00e7\u00e3o \u00e0 Viol\u00eancia Dom\u00e9stica, Maria Jos\u00e9 Alves, entende que o mutir\u00e3o n\u00e3o foi fiel \u00e0 proposta original da campanha nacional, que visava pautar a semana com casos emblem\u00e1ticos de viol\u00eancia contra a mulher, seja de compet\u00eancia de ju\u00edzo singular, seja de tribunal do j\u00fari. Mas, em Alagoas, as hist\u00f3rias de maior destaque se limitaram a tr\u00eas julgamentos por j\u00fari popular, nas 8\u00aa e 9\u00aa Varas Criminais, sendo dois em Macei\u00f3 e um em Penedo.<\/span><\/p>\n<p style=\"text-align: justify;\"><span style=\"font-size: 14pt;\">Em vez de mais julgamentos, o Tribunal de Justi\u00e7a de Alagoas e Juizado da Viol\u00eancia Dom\u00e9stica e Familiar Contra a Mulher optaram por centrar esfor\u00e7os na an\u00e1lise de processos que, na verdade, correspondem a simples audi\u00eancias preliminares. De acordo com a promotora de Justi\u00e7a Maria Jos\u00e9, a situa\u00e7\u00e3o se agrava porque as audi\u00eancias s\u00f3 poderiam ser designadas se, em algum momento, a mulher j\u00e1 tivesse manifestado o desejo de se retratar, n\u00e3o podendo ocorrer por decis\u00e3o unilateral do Poder Judici\u00e1rio, conforme recomendam o Conselho Nacional de Justi\u00e7a e o Conselho Nacional do Minist\u00e9rio P\u00fablico.<\/span><\/p>\n<p style=\"text-align: justify;\"><span style=\"font-size: 14pt;\">\u201cN\u00e3o se trata de alcan\u00e7ar n\u00fameros para satisfazer a m\u00eddia ou de usar a campanha em benef\u00edcio das institui\u00e7\u00f5es, no que se refere a diminuir a elevada quantidade de processos em espera de decis\u00e3o judicial. A campanha visa muito mais. Visa a sensibiliza\u00e7\u00e3o, a mudan\u00e7a de postura, a mudan\u00e7a do olhar para as quest\u00f5es da viol\u00eancia dom\u00e9stica e familiar, inclusive, tem por objetivo diminuir o n\u00famero de casos de ren\u00fancia e de retrata\u00e7\u00e3o da representa\u00e7\u00e3o. Portanto, marcar centenas de audi\u00eancias preliminares referentes ao artigo 16 da Lei Maria da Penha \u00e9, no m\u00ednimo, um equ\u00edvoco a ferir, mortalmente, o alvo da campanha\u201d, explicou Maria Jos\u00e9.<\/span><\/p>\n<p style=\"text-align: justify;\"><span style=\"font-size: 14pt;\">De acordo com o artigo em destaque, a v\u00edtima s\u00f3 pode se retratar ou renunciar ao processo perante juiz, em audi\u00eancia especialmente designada para tal finalidade, antes do recebimento da den\u00fancia e ouvido o Minist\u00e9rio P\u00fablico. Entre os diversos casos que ser\u00e3o tratados no mutir\u00e3o, j\u00e1 houve oferecimento de den\u00fancia por parte do MPE\/AL em pelo menos 29, o que impede a abordagem deles no espa\u00e7o.<\/span><\/p>\n<p style=\"text-align: justify;\"><span style=\"font-size: 14pt;\"><strong>Processos prescritos<\/strong><\/span><\/p>\n<p style=\"text-align: justify;\"><span style=\"font-size: 14pt;\">A defensora p\u00fablica estadual Daniela Times criticou a exist\u00eancia de diversos processos pautados no mutir\u00e3o que j\u00e1 se encontram prescritos. Um deles, inclusive, trata-se de um caso de les\u00e3o corporal, que deveria ter sido julgado no prazo de oito anos, contados a partir da representa\u00e7\u00e3o feita pela v\u00edtima, mas que, por alguma raz\u00e3o, deixou de avan\u00e7ar.<\/span><\/p>\n<p style=\"text-align: justify;\"><span style=\"font-size: 14pt;\">\u201cIsso significa que se a v\u00edtima convocada para a audi\u00eancia quiser manter a representa\u00e7\u00e3o feita ao Poder Judici\u00e1rio, este dir\u00e1 \u00e0 parte interessada que n\u00e3o pode fazer nada. Qual \u00e9 o objetivo ent\u00e3o de convoc\u00e1-la para um espa\u00e7o que, para alguns, \u00e9 sin\u00f4nimo de constrangimento? A audi\u00eancia se torna assim um ato in\u00fatil que toma o lugar das a\u00e7\u00f5es verdadeiramente necess\u00e1rias para dar agilidade ao processo no cotidiano da Justi\u00e7a\u201d, destacou a defensora, que tamb\u00e9m reclamou do atraso de duas horas no atendimento ao p\u00fablico por conta da cerim\u00f4nia de abertura no primeiro dia de mutir\u00e3o.<\/span><\/p>\n","protected":false},"excerpt":{"rendered":"<p> [&hellip;]<\/p>\n","protected":false},"author":4,"featured_media":10566,"comment_status":"open","ping_status":"open","sticky":false,"template":"","format":"standard","meta":{"om_disable_all_campaigns":false,"_monsterinsights_skip_tracking":false,"_monsterinsights_sitenote_active":false,"_monsterinsights_sitenote_note":"","_monsterinsights_sitenote_category":0,"_uf_show_specific_survey":0,"_uf_disable_surveys":false,"footnotes":""},"categories":[2],"tags":[],"class_list":["post-10559","post","type-post","status-publish","format-standard","has-post-thumbnail","hentry","category-not_mpal"],"aioseo_notices":[],"_links":{"self":[{"href":"https:\/\/www.mpal.mp.br\/index.php?rest_route=\/wp\/v2\/posts\/10559","targetHints":{"allow":["GET"]}}],"collection":[{"href":"https:\/\/www.mpal.mp.br\/index.php?rest_route=\/wp\/v2\/posts"}],"about":[{"href":"https:\/\/www.mpal.mp.br\/index.php?rest_route=\/wp\/v2\/types\/post"}],"author":[{"embeddable":true,"href":"https:\/\/www.mpal.mp.br\/index.php?rest_route=\/wp\/v2\/users\/4"}],"replies":[{"embeddable":true,"href":"https:\/\/www.mpal.mp.br\/index.php?rest_route=%2Fwp%2Fv2%2Fcomments&post=10559"}],"version-history":[{"count":1,"href":"https:\/\/www.mpal.mp.br\/index.php?rest_route=\/wp\/v2\/posts\/10559\/revisions"}],"predecessor-version":[{"id":10569,"href":"https:\/\/www.mpal.mp.br\/index.php?rest_route=\/wp\/v2\/posts\/10559\/revisions\/10569"}],"wp:featuredmedia":[{"embeddable":true,"href":"https:\/\/www.mpal.mp.br\/index.php?rest_route=\/wp\/v2\/media\/10566"}],"wp:attachment":[{"href":"https:\/\/www.mpal.mp.br\/index.php?rest_route=%2Fwp%2Fv2%2Fmedia&parent=10559"}],"wp:term":[{"taxonomy":"category","embeddable":true,"href":"https:\/\/www.mpal.mp.br\/index.php?rest_route=%2Fwp%2Fv2%2Fcategories&post=10559"},{"taxonomy":"post_tag","embeddable":true,"href":"https:\/\/www.mpal.mp.br\/index.php?rest_route=%2Fwp%2Fv2%2Ftags&post=10559"}],"curies":[{"name":"wp","href":"https:\/\/api.w.org\/{rel}","templated":true}]}}