{"id":10552,"date":"2015-03-11T08:18:00","date_gmt":"2015-03-11T11:18:00","guid":{"rendered":"https:\/\/www.mpal.mp.br\/?p=10552"},"modified":"2022-07-04T08:21:47","modified_gmt":"2022-07-04T11:21:47","slug":"semana-da-mulher-mpe-al-promove-acoes-juridicas-ludicas-e-de-beleza-no-bairro-do-vergel-do-lago","status":"publish","type":"post","link":"https:\/\/www.mpal.mp.br\/?p=10552","title":{"rendered":"Semana da Mulher: MPE\/AL promove a\u00e7\u00f5es jur\u00eddicas, l\u00fadicas e de beleza no bairro do Vergel do Lago"},"content":{"rendered":"<p style=\"text-align: justify;\"><span style=\"font-size: 14pt;\">\u201cA mulher \u00e9 um dom da natureza e o homem tem que dar a ela o seu valor, neste mundo a mulher tem beleza e o homem sem a mulher n\u00e3o tem valor\u201d. Foram nesses versos da aposentada Maria de Lourdes da Concei\u00e7\u00e3o que o Minist\u00e9rio P\u00fablico Estadual de Alagoas viu, na manh\u00e3 desta quarta-feira (11), serem traduzidas todas as a\u00e7\u00f5es desenvolvidas pela institui\u00e7\u00e3o em prol da comunidade do bairro do Vergel do Lago por meio do projeto MP Comunit\u00e1rio. L\u00e1, foram oferecidos servi\u00e7os jur\u00eddicos e atividades de sa\u00fade, entretenimento e beleza ainda por ocasi\u00e3o da Semana da Mulher.<\/span><\/p>\n<p style=\"text-align: justify;\"><span style=\"font-size: 14pt;\">A declama\u00e7\u00e3o da poesia da dona Concei\u00e7\u00e3o foi feita na abertura do projeto \u201cMP vai \u00e0 Pra\u00e7a\u201d, uma iniciativa do programa MP Comunit\u00e1rio, da Promotoria de Combate e Preven\u00e7\u00e3o \u00e0 Viol\u00eancia Dom\u00e9stica e da Escola do Minist\u00e9rio P\u00fablico de Alagoas (ESMP). A aposentada foi uma das centenas de pessoas beneficiadas na manh\u00e3 desta quarta-feira com as a\u00e7\u00f5es que ocorreram na Pra\u00e7a Nossa Senhora do Perp\u00e9tuo Socorro, localizada no Vergel do Lago. \u201cEu j\u00e1 conhe\u00e7o esse projeto, \u00e9 muito importante pra gente que vive numa comunidade carente. Nesta quarta, por exemplo, aferi minha press\u00e3o arterial, medi a taxa da glicose, fui atendida por uma equipe de sa\u00fade e, al\u00e9m disso, meu neto tirou v\u00e1rias d\u00favidas sobre uma quest\u00e3o de Direito de fam\u00edlia\u201d. Acordei feliz e com vontade de cantar porque eu sabia que esta manh\u00e3 seria diferente de todas as minhas outras\u201d, disse ela.<\/span><\/p>\n<p style=\"text-align: justify;\"><span style=\"font-size: 14pt;\">A dona de casa J.M. tamb\u00e9m se beneficiou dos servi\u00e7os jur\u00eddicos ofertados pelo MP Comunit\u00e1rio. \u201cEu sofri um abuso sexual e j\u00e1 fiz o boletim de ocorr\u00eancia contra o agressor. Por\u00e9m, como ainda n\u00e3o sei quando o delegado dar\u00e1 in\u00edcio ao inqu\u00e9rito policial, queria saber o que posso fazer at\u00e9 l\u00e1. Uma mediadora me atendeu e vai chamar o rapaz para que assine um termo de responsabilidade e n\u00e3o se aproxime mais de mim. Tenho medo dele porque se trata de uma pessoa que mora perto da minha casa\u201d, contou ela.<\/span><\/p>\n<p style=\"text-align: justify;\"><span style=\"font-size: 14pt;\">\u201cO acusado ser\u00e1 chamado para assinar um termo de responsabilidade que conter\u00e1 alguns compromissos, dentre eles, n\u00e3o se aproximar mais da v\u00edtima e n\u00e3o mais difam\u00e1-la, haja vista que ele contou aos moradores o que fez, sem medo algum da puni\u00e7\u00e3o. Tamb\u00e9m vamos inform\u00e1-lo sobre o tipo penal do qual ser\u00e1 alvo de acusa\u00e7\u00e3o e quais s\u00e3o as penalidades que poder\u00e3o ser aplicadas, em caso de condena\u00e7\u00e3o. Ciente de tudo isso, pode ser que o agressor se conscientize e mude seu comportamento\u201d, explicou Eug\u00eania Cavalcante, mediadora do MP Comunit\u00e1rio.<\/span><\/p>\n<p style=\"text-align: justify;\"><span style=\"font-size: 14pt;\">\u201cO programa MP Comunit\u00e1rio atua por meio de servi\u00e7os de media\u00e7\u00f5es de conflitos e orienta\u00e7\u00f5es sociais e psicol\u00f3gicas. Quando o cidad\u00e3o nos procura e aquele problema n\u00e3o pode ser resolvido pela nossa equipe, de imediato preenchemos um protocolo de encaminhamento e direcionamos o indiv\u00edduo para o local correto de assist\u00eancia, que pode ser, por exemplo, a Defensoria P\u00fablica, os juizados especiais ou os conselhos tutelares. O importante \u00e9 que ele n\u00e3o sai de l\u00e1 sem saber como resolver a sua situa\u00e7\u00e3o\u201d, explicou a promotora de Justi\u00e7a Maria Jos\u00e9 Alves.<\/span><\/p>\n<p style=\"text-align: justify;\"><span style=\"font-size: 14pt;\">\u201cHoje conseguimos mediar conflitos de guarda de filhos, pens\u00e3o aliment\u00edcia e briga de vizinhos. A resolu\u00e7\u00e3o desses problemas \u00e9 importante porque evita novas judicializa\u00e7\u00f5es\u201d, declarou a psic\u00f3loga Luciana Dantas Ten\u00f3rio, que integra a equipe do programa.<\/span><\/p>\n<p style=\"text-align: justify;\"><span style=\"font-size: 14pt;\">O projeto \u201cMP vai \u00e0 Pra\u00e7a\u201d teve v\u00e1rias outras a\u00e7\u00f5es, todas igualmente gratuitas. Houve a promo\u00e7\u00e3o de servi\u00e7os de sa\u00fade, beleza e bem-estar, com o apoio da Associa\u00e7\u00e3o do Minist\u00e9rio P\u00fablico (Ampal), da Secretaria Municipal de Sa\u00fade, da Secretaria Estadual de Sa\u00fade, da Pol\u00edcia Militar, do SENAC, do Sebrae, da Cooperativa Pindorama, da Cooperativa de Produ\u00e7\u00e3o Leiteira de Alagoas, da Toldos e Varanda, do Col\u00e9gio Batista Moriah, da EmpregaRHabilidades, da Ol\u00e1 Ok e do Mestre dos Cart\u00f5es.<\/span><\/p>\n<p style=\"text-align: justify;\"><span style=\"font-size: 14pt;\"><strong>Outras atividades<\/strong><\/span><\/p>\n<p style=\"text-align: justify;\"><span style=\"font-size: 14pt;\">Ainda como a\u00e7\u00e3o da campanha MPE\/AL em defesa e pelo valor da Mulher, que integra a Campanha Nacional da Justi\u00e7a pela Paz em casa, o \u00f3rg\u00e3o ministerial realiza, desde ter\u00e7a-feira (10), estendendo-se at\u00e9 a pr\u00f3xima sexta-feira (13), atividades de preven\u00e7\u00e3o e combate \u00e0 viol\u00eancia dom\u00e9stica, num estande no Macei\u00f3 Shopping, onde est\u00e3o sendo ofertados aparato psicol\u00f3gico e jur\u00eddico, al\u00e9m de campanhas educativas com distribui\u00e7\u00e3o de panfletos que trata sobre a Lei Maria da Penha, o Feminic\u00eddio e, orienta ao p\u00fablico feminino como realizar den\u00fancias em casos de viol\u00eancia dom\u00e9stica, mostrando quais as redes de atendimento para as mulheres\u00a0 que acabam sendo v\u00edtimas deste crime.<\/span><\/p>\n","protected":false},"excerpt":{"rendered":"<p> [&hellip;]<\/p>\n","protected":false},"author":4,"featured_media":10553,"comment_status":"open","ping_status":"open","sticky":false,"template":"","format":"standard","meta":{"om_disable_all_campaigns":false,"_monsterinsights_skip_tracking":false,"_monsterinsights_sitenote_active":false,"_monsterinsights_sitenote_note":"","_monsterinsights_sitenote_category":0,"_uf_show_specific_survey":0,"_uf_disable_surveys":false,"footnotes":""},"categories":[2],"tags":[],"class_list":["post-10552","post","type-post","status-publish","format-standard","has-post-thumbnail","hentry","category-not_mpal"],"aioseo_notices":[],"_links":{"self":[{"href":"https:\/\/www.mpal.mp.br\/index.php?rest_route=\/wp\/v2\/posts\/10552","targetHints":{"allow":["GET"]}}],"collection":[{"href":"https:\/\/www.mpal.mp.br\/index.php?rest_route=\/wp\/v2\/posts"}],"about":[{"href":"https:\/\/www.mpal.mp.br\/index.php?rest_route=\/wp\/v2\/types\/post"}],"author":[{"embeddable":true,"href":"https:\/\/www.mpal.mp.br\/index.php?rest_route=\/wp\/v2\/users\/4"}],"replies":[{"embeddable":true,"href":"https:\/\/www.mpal.mp.br\/index.php?rest_route=%2Fwp%2Fv2%2Fcomments&post=10552"}],"version-history":[{"count":1,"href":"https:\/\/www.mpal.mp.br\/index.php?rest_route=\/wp\/v2\/posts\/10552\/revisions"}],"predecessor-version":[{"id":10556,"href":"https:\/\/www.mpal.mp.br\/index.php?rest_route=\/wp\/v2\/posts\/10552\/revisions\/10556"}],"wp:featuredmedia":[{"embeddable":true,"href":"https:\/\/www.mpal.mp.br\/index.php?rest_route=\/wp\/v2\/media\/10553"}],"wp:attachment":[{"href":"https:\/\/www.mpal.mp.br\/index.php?rest_route=%2Fwp%2Fv2%2Fmedia&parent=10552"}],"wp:term":[{"taxonomy":"category","embeddable":true,"href":"https:\/\/www.mpal.mp.br\/index.php?rest_route=%2Fwp%2Fv2%2Fcategories&post=10552"},{"taxonomy":"post_tag","embeddable":true,"href":"https:\/\/www.mpal.mp.br\/index.php?rest_route=%2Fwp%2Fv2%2Ftags&post=10552"}],"curies":[{"name":"wp","href":"https:\/\/api.w.org\/{rel}","templated":true}]}}