{"id":10550,"date":"2013-08-29T08:17:02","date_gmt":"2013-08-29T11:17:02","guid":{"rendered":"https:\/\/www.mpal.mp.br\/?p=10550"},"modified":"2022-07-04T08:20:12","modified_gmt":"2022-07-04T11:20:12","slug":"promotor-cobra-punicao-de-agentes-que-ridicularizaram-pacientes-em-centro-psiquiatrico","status":"publish","type":"post","link":"https:\/\/www.mpal.mp.br\/?p=10550","title":{"rendered":"Promotor cobra puni\u00e7\u00e3o de agentes que ridicularizaram pacientes em centro psiqui\u00e1trico"},"content":{"rendered":"<p style=\"text-align: justify;\" align=\"JUSTIFY\"><span style=\"font-size: 14pt;\">O promotor de Justi\u00e7a de Execu\u00e7\u00f5es Penais, Cyro Blatter, solicitou \u00e0 61\u00aa Promotoria de Justi\u00e7a da Capital, comandada pelo promotor Fl\u00e1vio Costa, a instaura\u00e7\u00e3o de Procedimento para a apura\u00e7\u00e3o das eventuais responsabilidades dos agentes p\u00fablicos e terceiros envolvidos na exposi\u00e7\u00e3o de pacientes do Centro Psiqui\u00e1trico Judici\u00e1rio de Macei\u00f3\/AL (CPJ) em mat\u00e9ria veiculada no canal Globo News. A reportagem foi ar no s\u00e1bado passado pelo canal pago.<\/span><\/p>\n<p style=\"text-align: justify;\" align=\"JUSTIFY\"><span style=\"font-size: 14pt;\">Cyro Blatter tamb\u00e9m enviou of\u00edcio ao superintendente-geral de Administra\u00e7\u00e3o Penitenci\u00e1ria, Carlos Alberto Luna dos Santos, cobrando do estado sindic\u00e2ncia administrativa para investigar a conduta dos funcion\u00e1rios p\u00fablicos, que deveriam garantir a integridade f\u00edsica e moral dos pacientes. De acordo com o promotor, a conduta dos agentes merecem uma puni\u00e7\u00e3o disciplinar com base no Estatuto do Funcion\u00e1rio P\u00fablico do Estado.<\/span><\/p>\n<p style=\"text-align: justify;\" align=\"JUSTIFY\"><span style=\"font-size: 14pt;\">Durante a mat\u00e9ria, s\u00e3o exibidas cenas de funcion\u00e1rios do CPJ se divertindo com a situa\u00e7\u00e3o dos pacientes psiqui\u00e1tricos, inclusive com gargalhadas diante do comportamento dos enfermos. Como sinal de repulsa \u00e0 insist\u00eancia da equipe de reportagem, um dos pacientes chegou a jogar comida nos rep\u00f3rteres ap\u00f3s eles insistirem em entrevist\u00e1-lo.<\/span><\/p>\n<p style=\"text-align: justify;\" align=\"JUSTIFY\"><span style=\"font-size: 14pt;\">\u201cNaquela reportagem, foram &#8216;entrevistados&#8217; pacientes portadores de doen\u00e7a mental que foram visivelmente expostos ao rid\u00edculo como se animais fossem quando convidados a explicarem os crimes que cometeram, e sequer seus rostos foram poupados do circo que foi tal exibi\u00e7\u00e3o. Nem mesmo uma autoriza\u00e7\u00e3o judicial tem o cond\u00e3o de promover um espet\u00e1culo t\u00e3o degradante\u201d, disse Cyro Blatter na solicita\u00e7\u00e3o formalizada nesta quarta-feira (28).<\/span><\/p>\n<p style=\"text-align: justify;\" align=\"JUSTIFY\"><span style=\"font-size: 14pt;\">O promotor afirma que a conduta dos agentes fere os direitos fundamentais das pessoas presas, em particular a do internado compuls\u00f3rio por medida de seguran\u00e7a. Entre os direitos violados, est\u00e3o cidadania, honra e imagem.<\/span><\/p>\n","protected":false},"excerpt":{"rendered":"<p> [&hellip;]<\/p>\n","protected":false},"author":5,"featured_media":10554,"comment_status":"open","ping_status":"open","sticky":false,"template":"","format":"standard","meta":{"om_disable_all_campaigns":false,"_monsterinsights_skip_tracking":false,"_monsterinsights_sitenote_active":false,"_monsterinsights_sitenote_note":"","_monsterinsights_sitenote_category":0,"_uf_show_specific_survey":0,"_uf_disable_surveys":false,"footnotes":""},"categories":[2],"tags":[],"class_list":["post-10550","post","type-post","status-publish","format-standard","has-post-thumbnail","hentry","category-not_mpal"],"aioseo_notices":[],"_links":{"self":[{"href":"https:\/\/www.mpal.mp.br\/index.php?rest_route=\/wp\/v2\/posts\/10550","targetHints":{"allow":["GET"]}}],"collection":[{"href":"https:\/\/www.mpal.mp.br\/index.php?rest_route=\/wp\/v2\/posts"}],"about":[{"href":"https:\/\/www.mpal.mp.br\/index.php?rest_route=\/wp\/v2\/types\/post"}],"author":[{"embeddable":true,"href":"https:\/\/www.mpal.mp.br\/index.php?rest_route=\/wp\/v2\/users\/5"}],"replies":[{"embeddable":true,"href":"https:\/\/www.mpal.mp.br\/index.php?rest_route=%2Fwp%2Fv2%2Fcomments&post=10550"}],"version-history":[{"count":1,"href":"https:\/\/www.mpal.mp.br\/index.php?rest_route=\/wp\/v2\/posts\/10550\/revisions"}],"predecessor-version":[{"id":10555,"href":"https:\/\/www.mpal.mp.br\/index.php?rest_route=\/wp\/v2\/posts\/10550\/revisions\/10555"}],"wp:featuredmedia":[{"embeddable":true,"href":"https:\/\/www.mpal.mp.br\/index.php?rest_route=\/wp\/v2\/media\/10554"}],"wp:attachment":[{"href":"https:\/\/www.mpal.mp.br\/index.php?rest_route=%2Fwp%2Fv2%2Fmedia&parent=10550"}],"wp:term":[{"taxonomy":"category","embeddable":true,"href":"https:\/\/www.mpal.mp.br\/index.php?rest_route=%2Fwp%2Fv2%2Fcategories&post=10550"},{"taxonomy":"post_tag","embeddable":true,"href":"https:\/\/www.mpal.mp.br\/index.php?rest_route=%2Fwp%2Fv2%2Ftags&post=10550"}],"curies":[{"name":"wp","href":"https:\/\/api.w.org\/{rel}","templated":true}]}}