{"id":10544,"date":"2015-03-18T08:07:37","date_gmt":"2015-03-18T11:07:37","guid":{"rendered":"https:\/\/www.mpal.mp.br\/?p=10544"},"modified":"2022-07-04T08:13:20","modified_gmt":"2022-07-04T11:13:20","slug":"mpe-al-realiza-acao-educativa-de-prevencao-e-combate-a-violencia-domestica-e-familiar-contra-a-mulher-em-escola-do-benedito-bentes","status":"publish","type":"post","link":"https:\/\/www.mpal.mp.br\/?p=10544","title":{"rendered":"MPE\/AL realiza a\u00e7\u00e3o educativa de preven\u00e7\u00e3o e combate \u00e0 viol\u00eancia dom\u00e9stica e familiar contra a mulher em escola do Benedito Bentes"},"content":{"rendered":"<p style=\"text-align: justify;\"><span style=\"font-size: 14pt;\">A convite do N\u00facleo de Qualidade de Vida do Servidor da Secretaria de Estado da Educa\u00e7\u00e3o, o Minist\u00e9rio P\u00fablico do Estado de Alagoas (MPE\/AL), por meio da Promotoria de Combate e Preven\u00e7\u00e3o \u00e0 Viol\u00eancia Dom\u00e9stica e Familiar contra a Mulher, realizou uma s\u00e9rie de apresenta\u00e7\u00f5es, nesta quarta-feira (18), para os alunos da Escola Estadual Marco Ant\u00f4nio, a primeira escola p\u00fablica do Ensino M\u00e9dio com hor\u00e1rio integral do Benedito Bentes.<\/span><\/p>\n<p style=\"text-align: justify;\"><span style=\"font-size: 14pt;\">A promotora de Justi\u00e7a Maria Jos\u00e9 Alves da Silva explanou sobre a Lei Maria da Penha, as redes de atendimento \u00e0s mulheres v\u00edtimas de viol\u00eancia e sobre o feminic\u00eddio, destacando a import\u00e2ncia da mudan\u00e7a das realidades existentes n\u00e3o apenas em Alagoas, mas em diversos lugares do Brasil, al\u00e9m da necessidade da preserva\u00e7\u00e3o de valores como o respeito.<\/span><\/p>\n<p style=\"text-align: justify;\"><span style=\"font-size: 14pt;\">\u201cO trabalho da Promotoria busca combater e coibir a viol\u00eancia dom\u00e9stica e familiar contra a mulher. Esta oportunidade de atuar na preven\u00e7\u00e3o \u00e9 primordial para uma mudan\u00e7a de comportamento da sociedade, para que os alunos se tornem agentes transformadores e contribuam conosco na constru\u00e7\u00e3o de uma sociedade melhor. O respeito ao outro deve estar dentro de todos n\u00f3s. Tenho certeza que o aprendizado foi marcante\u201d, expressou a promotora.<\/span><\/p>\n<p style=\"text-align: justify;\"><span style=\"font-size: 14pt;\">A chefe do N\u00facleo de Qualidade de Vida do Servidor da Secretaria, Marlene Veronezi, definiu a participa\u00e7\u00e3o do MPE\/AL como essencial, interessante e focada. \u00a0\u201cA promotora Maria Jos\u00e9 \u00e9 muito preparada, percebe-se que mais do que forma\u00e7\u00e3o acad\u00eamica, ela tem viv\u00eancia e propriedade para falar sobre a viol\u00eancia dom\u00e9stica. Outra coisa que achei muito forte foi o trabalho em equipe, a valoriza\u00e7\u00e3o e sintonia de todos, desde os t\u00e9cnicos, assessores \u00e0 promotora, que se estendeu aos alunos, haja vista o acolhimento dado aos estudantes, como no caso do aluno Paulo que se entusiasmou at\u00e9 em tocar viol\u00e3o e cantar para todos. A afinidade na pr\u00e1tica do MP com o que objetiva a educa\u00e7\u00e3o \u00e9 extraordin\u00e1ria. Estamos ligados, sintonizados. Eu encontrei eco nessa rela\u00e7\u00e3o. Estou maravilhada. Muitos pensam que o MPE\/AL \u00e9 distante, mas de fato ele \u00e9 pr\u00f3ximo e alcan\u00e7\u00e1vel. Voc\u00eas conseguiram mostrar essa aproxima\u00e7\u00e3o e acessibilidade, foi isso que fez os nossos jovens se aproximarem e interagirem. Foi a acessibilidade que voc\u00eas deram\u201d, destacou a representante da organiza\u00e7\u00e3o do evento.<\/span><\/p>\n<p style=\"text-align: justify;\"><span style=\"font-size: 14pt;\"><strong>Parceria na a\u00e7\u00e3o<\/strong><\/span><\/p>\n<p style=\"text-align: justify;\"><span style=\"font-size: 14pt;\">Para contribuir com a a\u00e7\u00e3o, a promotora convidou a psic\u00f3loga Carolina Monteiro e as assistentes sociais Charlene Souza e Monique Santos, que integram a equipe multidisciplinar do juizado que diariamente lida com a quest\u00e3o da viol\u00eancia praticada contra a mulher.<\/span><\/p>\n<p style=\"text-align: justify;\"><span style=\"font-size: 14pt;\">\u201cA reflex\u00e3o sobre a igualdade de g\u00eanero e o combate da viol\u00eancia contra a mulher \u00e9 de extrema relev\u00e2ncia diante do atual contexto da sociedade. Essa a\u00e7\u00e3o conjunta com a 38\u00aa Promotoria de Justi\u00e7a foi bastante produtiva. Agradecemos o convite da promotora Maria Jos\u00e9 para participar de uma a\u00e7\u00e3o que possibilitou uma discuss\u00e3o riqu\u00edssima com o p\u00fablico-alvo, os alunos da escola, que s\u00e3o adolescentes e jovens. A ades\u00e3o \u00e0 reflex\u00e3o sobre a tem\u00e1tica proposta suscitou indaga\u00e7\u00f5es e observa\u00e7\u00f5es bastante relevantes. Em resumo, pode-se dizer que a a\u00e7\u00e3o foi um sucesso e o objetivo foi atingido\u201d Charlene Souza.<\/span><\/p>\n<p style=\"text-align: justify;\"><span style=\"font-size: 14pt;\">De acordo com a assistente social Monique Santos, a realiza\u00e7\u00e3o de a\u00e7\u00f5es socioeducativas \u00e9 fundamental para a coibi\u00e7\u00e3o da viol\u00eancia contra mulher e contempla o eixo da preven\u00e7\u00e3o, conforme previsto na lei Maria da Penha. \u201cA a\u00e7\u00e3o de hoje foi extremamente positiva, principalmente pela intera\u00e7\u00e3o com os alunos durante a atividade. Eles trouxeram reflex\u00f5es importantes sobre viol\u00eancia, desigualdades entre homens e mulheres, liberdade e respeito, enfatizando as mudan\u00e7as percebidas na abordagem do papel da mulher na sociedade e do combate \u00e0 viol\u00eancia\u201d, disse Monique.<\/span><\/p>\n<p style=\"text-align: justify;\"><span style=\"font-size: 14pt;\"><strong>A a\u00e7\u00e3o<\/strong><\/span><\/p>\n<p style=\"text-align: justify;\"><span style=\"font-size: 14pt;\">As turmas que cursam o ensino m\u00e9dio foram se revezando ao mini-audit\u00f3rio da escola para participar da apresenta\u00e7\u00e3o organizada pelo Minist\u00e9rio P\u00fablico do Estado, que contou com a exibi\u00e7\u00e3o de v\u00eddeos que tratam da tem\u00e1tica proposta, palestras e debates.<\/span><\/p>\n<p style=\"text-align: justify;\"><span style=\"font-size: 14pt;\">O primeiro v\u00eddeo, trazido pela equipe multidisciplinar do juizado, despertou as mais diversas opini\u00f5es dos alunos, causando um momento de profunda intera\u00e7\u00e3o, pois, de forma alusiva, um homem protagonizava situa\u00e7\u00f5es que, geralmente, s\u00e3o as mulheres que enfrentam no cotidiano, pelo fato de viverem numa sociedade em que prevalece uma cultura de desvaloriza\u00e7\u00e3o do g\u00eanero e o machismo.<\/span><\/p>\n<p style=\"text-align: justify;\"><span style=\"font-size: 14pt;\">J\u00e1 no segundo, por meio de um cordel a Lei Maria da Penha foi retratada de forma resumida, mas sem deixar de destacar pontos importantes para conhecimento dos alunos, como sobre quais s\u00e3o as formas de viol\u00eancia existentes, combatidas e amparadas pela Lei. Os alunos aplaudiram esta apresenta\u00e7\u00e3o pelo fato de o artista conseguir expor de forma po\u00e9tica um assunto t\u00e3o pol\u00eamico, por isso, a escolha da promotora por este instrumento educativo.<\/span><\/p>\n<p style=\"text-align: justify;\"><span style=\"font-size: 14pt;\">Al\u00e9m do debate provocado pela equipe do juizado, a promotora realizou uma palestra para refor\u00e7ar a conscientiza\u00e7\u00e3o dos alunos. E, para finalizar a a\u00e7\u00e3o com cada turma, a promotora trouxe uma anima\u00e7\u00e3o na qual um her\u00f3i defende quem \u00e9 v\u00edtima de viol\u00eancia dom\u00e9stica e familiar, mostrando que quem agride \u00e9 punido, quando denunciado, bem como de que a mulher merece ser tratada com respeito, carinho, aten\u00e7\u00e3o e amor. Neste quesito, a promotora destacou que todos devem e merecem este tratamento.<\/span><\/p>\n<p style=\"text-align: justify;\"><span style=\"font-size: 14pt;\"><strong>Multidisciplinar<\/strong><\/span><\/p>\n<p style=\"text-align: justify;\"><span style=\"font-size: 14pt;\">Para a psic\u00f3loga Carolina Monteiro, a a\u00e7\u00e3o desenvolvida nesta parceria foi muito enriquecedora. \u201cO contato com a comunidade, com representantes do Benedito Bentes, de onde atendemos muitos casos de processos em tr\u00e2mite no juizado \u00e9 estimuladora. Por\u00e9m, o mais importante e gratificante foi a possibilidade de atua\u00e7\u00e3o de nossa equipe multidisciplinar no eixo da preven\u00e7\u00e3o, em especial com o p\u00fablico de jovens, no contexto escolar, de quem esperamos a contribui\u00e7\u00e3o para a transforma\u00e7\u00e3o das rela\u00e7\u00f5es de desigualdade de g\u00eanero, para construirmos juntos uma sociedade mais igualit\u00e1ria\u201d, concluiu a psic\u00f3loga.<\/span><\/p>\n<p style=\"text-align: justify;\"><span style=\"font-size: 14pt;\">Os alunos sa\u00edram entusiasmados da sala e parabenizaram a a\u00e7\u00e3o desenvolvida. \u00a0\u201cAchei bem interessante, pois muitos j\u00e1 ouviram falar da Lei Maria da Penha, mas nem todos compreendem corretamente o que ela quer dizer\u201d, explanou a aluna Daniele Santos.<\/span><\/p>\n<p style=\"text-align: justify;\"><span style=\"font-size: 14pt;\">\u201cGostei muito da a\u00e7\u00e3o, pois me ajudou a aprender de forma mais profunda sobre o assunto. Hoje sei que as mulheres t\u00eam seus direitos. A Lei \u00e9 muito importante para compreendermos o papel da mulher na nossa sociedade. Tanto o homem como a mulher possuem direitos iguais. Devem se respeitar e andar lado a lado, com mesmo valor e import\u00e2ncia. Como foi dito, a mudan\u00e7a e a constru\u00e7\u00e3o de uma sociedade melhor come\u00e7am dentro de n\u00f3s e, apenas, juntos poderemos mudar tantas realidades, como a viol\u00eancia contra a mulher e, assim, contribuirmos com um futuro melhor\u201d, destacou a aluna Millena Pimentel<\/span><\/p>\n<p style=\"text-align: justify;\"><span style=\"font-size: 14pt;\">A a\u00e7\u00e3o aconteceu de forma satisfat\u00f3ria , de acordo com a promotora, devido ao apoio da equipe presente, ao qual ela fez quest\u00e3o de destacar. \u201cAgrade\u00e7o ao apoio do Alexandre Borba, servidor da Promotoria; ao Fernandes, t\u00e9cnico de inform\u00e1tica; ao Jean que auxiliou na parte do som e dos servi\u00e7os gerais; do motorista Nivaldo que permitiu o deslocamento da equipe e materiais utilizados; ao nosso fot\u00f3grafo Claudemir Mota, que p\u00f4de registrar este momento marcante. Enfim, agrade\u00e7o a todos da educa\u00e7\u00e3o, da escola, ao cerimonial do MP e as meninas do juizado e, sem sombra de d\u00favida, aos alunos que tornaram a discuss\u00e3o calorosa e valorativa\u201d, concluiu a promotora.<\/span><\/p>\n<p style=\"text-align: justify;\"><span style=\"font-size: 14pt;\"><strong>A Escola<\/strong><\/span><\/p>\n<p style=\"text-align: justify;\"><span style=\"font-size: 14pt;\">A Escola Estadual Marco Ant\u00f4nio possui 280 alunos, que come\u00e7aram a estudar na \u00faltima segunda-feira (16), em hor\u00e1rio integral e, desde ent\u00e3o, participam de a\u00e7\u00f5es de conscientiza\u00e7\u00e3o que se encerram nesta quarta-feira (18).<\/span><\/p>\n","protected":false},"excerpt":{"rendered":"<p> [&hellip;]<\/p>\n","protected":false},"author":4,"featured_media":10545,"comment_status":"open","ping_status":"open","sticky":false,"template":"","format":"standard","meta":{"om_disable_all_campaigns":false,"_monsterinsights_skip_tracking":false,"_monsterinsights_sitenote_active":false,"_monsterinsights_sitenote_note":"","_monsterinsights_sitenote_category":0,"_uf_show_specific_survey":0,"_uf_disable_surveys":false,"footnotes":""},"categories":[2],"tags":[],"class_list":["post-10544","post","type-post","status-publish","format-standard","has-post-thumbnail","hentry","category-not_mpal"],"aioseo_notices":[],"_links":{"self":[{"href":"https:\/\/www.mpal.mp.br\/index.php?rest_route=\/wp\/v2\/posts\/10544","targetHints":{"allow":["GET"]}}],"collection":[{"href":"https:\/\/www.mpal.mp.br\/index.php?rest_route=\/wp\/v2\/posts"}],"about":[{"href":"https:\/\/www.mpal.mp.br\/index.php?rest_route=\/wp\/v2\/types\/post"}],"author":[{"embeddable":true,"href":"https:\/\/www.mpal.mp.br\/index.php?rest_route=\/wp\/v2\/users\/4"}],"replies":[{"embeddable":true,"href":"https:\/\/www.mpal.mp.br\/index.php?rest_route=%2Fwp%2Fv2%2Fcomments&post=10544"}],"version-history":[{"count":1,"href":"https:\/\/www.mpal.mp.br\/index.php?rest_route=\/wp\/v2\/posts\/10544\/revisions"}],"predecessor-version":[{"id":10546,"href":"https:\/\/www.mpal.mp.br\/index.php?rest_route=\/wp\/v2\/posts\/10544\/revisions\/10546"}],"wp:featuredmedia":[{"embeddable":true,"href":"https:\/\/www.mpal.mp.br\/index.php?rest_route=\/wp\/v2\/media\/10545"}],"wp:attachment":[{"href":"https:\/\/www.mpal.mp.br\/index.php?rest_route=%2Fwp%2Fv2%2Fmedia&parent=10544"}],"wp:term":[{"taxonomy":"category","embeddable":true,"href":"https:\/\/www.mpal.mp.br\/index.php?rest_route=%2Fwp%2Fv2%2Fcategories&post=10544"},{"taxonomy":"post_tag","embeddable":true,"href":"https:\/\/www.mpal.mp.br\/index.php?rest_route=%2Fwp%2Fv2%2Ftags&post=10544"}],"curies":[{"name":"wp","href":"https:\/\/api.w.org\/{rel}","templated":true}]}}