{"id":10541,"date":"2015-03-26T08:00:41","date_gmt":"2015-03-26T11:00:41","guid":{"rendered":"https:\/\/www.mpal.mp.br\/?p=10541"},"modified":"2022-07-04T08:07:17","modified_gmt":"2022-07-04T11:07:17","slug":"mpe-al-participa-da-jornada-de-lideranca-feminina-dos-correios","status":"publish","type":"post","link":"https:\/\/www.mpal.mp.br\/?p=10541","title":{"rendered":"MPE\/AL participa da Jornada de Lideran\u00e7a Feminina dos Correios"},"content":{"rendered":"<p style=\"text-align: justify;\" align=\"justify\"><span style=\"font-size: 14pt;\">O Minist\u00e9rio P\u00fablico do Estado de Alagoas, por meio da Promotoria de Justi\u00e7a de Combate e Preven\u00e7\u00e3o \u00e0 Viol\u00eancia Dom\u00e9stica e Familiar contra a mulher, realizou uma \u201cPalestra sobre o Direito e o empoderamento da Mulher\u201d, na manh\u00e3 desta quinta-feira (26\/03), no edif\u00edcio sede dos Correios, que fica no Farol. O evento faz parte da Jornada de Lideran\u00e7a Feminina dos Correios, que acontece, simultaneamente, em todas as 28 Diretorias Regionais da institui\u00e7\u00e3o presentes no pa\u00eds.<\/span><\/p>\n<p style=\"text-align: justify;\"><span style=\"font-size: 14pt;\">O objetivo principal da Jornada \u00e9 fortalecer a imagem da mulher nas decis\u00f5es e nos processos de mudan\u00e7a e crescimento dentro do Correios, sensibilizando os colaboradores para o despertar do entendimento sobre a import\u00e2ncia da gest\u00e3o compartilhada entre homens e mulheres, de forma que ambos reconhe\u00e7am o contexto hist\u00f3rico-social e, percebam a import\u00e2ncia de o tema ser desenvolvido no ambiente corporativo.<\/span><\/p>\n<p style=\"text-align: justify;\"><span style=\"font-size: 14pt;\">\u201cQueremos proporcionar que homens e mulheres, trabalhadores dos Correios, conhe\u00e7am e reconhe\u00e7am habilidades espec\u00edficas de lideran\u00e7as femininas; despertando nas mulheres o interesse em desenvolver sua lideran\u00e7a, tornando suas especificidades diferenciais importantes na busca do desenvolvimento profissional\u201d, explicou a assistente social, analista do Correios, K\u00e1tia da Silva.<\/span><\/p>\n<p style=\"text-align: justify;\"><span style=\"font-size: 14pt;\">Com o tema mestre \u201cA l\u00edder do s\u00e9culo XXI\u201d, o evento contou com duas abordagens, que se complementaram durante as quatro horas do evento. A primeira delas, foi a do ponto de vista jur\u00eddico, na qual a promotora de Justi\u00e7a Maria Jos\u00e9 Alves da Silva destacou a Lei Maria da Penha e outros artigos da Constitui\u00e7\u00e3o Federal. J\u00e1, no segundo momento, as psic\u00f3logas da Cooperativa Unipsico abordaram o tema tendo como vertente o aspecto psicossocial, por meio da aplica\u00e7\u00e3o da ferramenta de coach \u201cRoda da Vida\u201d e de um debate entre os participantes do evento.<\/span><\/p>\n<p style=\"text-align: justify;\"><span style=\"font-size: 14pt;\">Para Maria Jos\u00e9 participar de eventos que \u00a0possuem a finalidade de mostrar que as mulheres devem deixar de ser v\u00edtimas ou, meramente, espectadoras, para serem protagonistas de suas pr\u00f3prias hist\u00f3rias \u00e9 uma miss\u00e3o perene.<\/span><\/p>\n<p style=\"text-align: justify;\"><span style=\"font-size: 14pt;\">\u201cA luta \u00e9 permanente, a mulher precisa conhecer a si mesma, seu valor e papel. Deve saber que pode ser l\u00edder onde quer que esteja. Mesmo em 2015, encontramos realidades duras no tratamento \u00e0 mulher em diversos lugares do mundo, como no Oriente M\u00e9dio. A mulher precisa ter vez e voz. No Brasil da d\u00e9cada de 70 para c\u00e1, as mulheres obtiveram muitas conquistas. Devemos entender que a luta contra a viol\u00eancia dom\u00e9stica e familiar contra a mulher, passa tamb\u00e9m pela quest\u00e3o do entendimento pol\u00edtico, cultural e comportamental\u201d, exp\u00f4s a promotora.<\/span><\/p>\n<p style=\"text-align: justify;\"><span style=\"font-size: 14pt;\">\u201cA lideran\u00e7a compartilhada deve come\u00e7ar dentro de casa. No entanto, devemos aprender e apreender que esta mudan\u00e7a t\u00e3o sonhada, a luta pela valoriza\u00e7\u00e3o das mulheres em todos os aspectos, n\u00e3o \u00e9 uma briga contra os homens, mas pela igualdade, pelo equil\u00edbrio das rela\u00e7\u00f5es. Devemos subir no mesmo barco para atuar em prol da mesma causa\u201d, conclui a agente ministerial.<\/span><\/p>\n<p style=\"text-align: justify;\"><span style=\"font-size: 14pt;\"><strong>A palestra<\/strong><\/span><\/p>\n<p style=\"text-align: justify;\"><span style=\"font-size: 14pt;\">A promotora de Justi\u00e7a Maria Jos\u00e9 Alves da Silva iniciou a sua palestra com um v\u00eddeo da m\u00fasica \u201cCome\u00e7ar de Novo\u201d, destacando trechos dela e contextualizando com a realidade das mulheres ao longo dos anos. De acordo com a promotora, a m\u00fasica foi escolhida por promotores de todo o Brasil para representar a luta que a mulher vem travando em busca de seus direitos e pela valoriza\u00e7\u00e3o do seu papel.<\/span><\/p>\n<p style=\"text-align: justify;\"><span style=\"font-size: 14pt;\">Durante quase uma hora, a promotora partilhou informa\u00e7\u00f5es que causaram bastante reflex\u00e3o para o p\u00fablico presente, esclarecendo que o feminismo, n\u00e3o \u00e9 e nem deve ser um \u00f3dio aos homens, mas sim, a luta pela desigualdade, e que esta luta deve ser travada em conjunto, com homens e mulheres juntos.<\/span><\/p>\n<p style=\"text-align: justify;\"><span style=\"font-size: 14pt;\">Refor\u00e7ando essa vis\u00e3o, ela destacou o papel da ONU, citando a import\u00e2ncia do discurso de Emma Watson, atriz que interpretou a Hermione Granger na saga \u201cHarry Potter\u201d, e representa a organiza\u00e7\u00e3o na luta pela igualdade.<\/span><\/p>\n<p style=\"text-align: justify;\"><span style=\"font-size: 14pt;\">No discurso feito para divulgar a campanha HeForShe, na busca de que os homens se envolvam mais na resolu\u00e7\u00e3o da desigualdade que atinge as mulheres, a atriz emocionou e levou a reflex\u00e3o, de acordo com a promotora. \u201cSer\u00e1 que n\u00e3o chegou a hora de nos envolvermos nas coisas que realmente importam para n\u00f3s?\u201d, foi uma das frases da atriz.<\/span><\/p>\n<p style=\"text-align: justify;\"><span style=\"font-size: 14pt;\">A promotora indicou ainda que, as colaboradoras dos Correios, assistam ao v\u00eddeo \u201cA maioria Oprimida\u201d e finalizou sua palestra contando um pouco de sua hist\u00f3ria pessoal, na qual enalteceu o valor que o seu pai dava a sua m\u00e3e e aos filhos, e como isso \u00e9 importante e deve existir no ambiente familiar. Ap\u00f3s concluir sua palestra, a promotora participou das a\u00e7\u00f5es feitas pela Unipsico, sendo atuante no debate.<\/span><\/p>\n<p style=\"text-align: justify;\"><span style=\"font-size: 14pt;\">A gerente de Recursos Humanos dos Correios, em Alagoas, Marilane Miranda, enalteceu a participa\u00e7\u00e3o da promotora. \u201cA promotora Maria Jos\u00e9 \u00e9 quase do Correios. Um amor antigo. Desde de que a conhecemos em outro evento, ficamos apaixonadas pela forma que ela transmite conhecimento, pela forma de ela ver a vida e as pessoas, de uma maneira leve e justa, e \u00e9 isso que buscamos e desejamos\u201d, partilhou a gerente.<\/span><\/p>\n<p style=\"text-align: justify;\"><span style=\"font-size: 14pt;\">\u201cS\u00f3 me restar a agradecer a promotora Maria Jos\u00e9 pela disponibilidade em participar de uma a\u00e7\u00e3o que tem muita import\u00e2ncia para n\u00f3s, mulheres dos Correios de Alagoas. Vimos com muito entusiasmo a participa\u00e7\u00e3o dela em mais esse momento da nossa institui\u00e7\u00e3o, pois buscamos unir for\u00e7as das pessoas e das institui\u00e7\u00f5es nesse grandioso processo de reconfigura\u00e7\u00e3o do papel da mulher em nossa sociedade\u201d, explanou K\u00e1tia da Silva.<\/span><\/p>\n<p style=\"text-align: justify;\"><span style=\"font-size: 14pt;\">Para a servidora Camila Gusm\u00e3o, o evento foi fundamental por diversos motivos e levou a reflex\u00e3o do papel da mulher tamb\u00e9m como m\u00e3e. \u201c\u00c9 importante conscientizar a mulher, pois \u00e9 ela que, na maioria das vezes, educa e transmite a vis\u00e3o do mundo para os seus filhos. Ela deve mostrar que n\u00e3o h\u00e1 supremacia feminina ou masculina, mas sim que deve ser respeitado o homem e a mulher, orientando-os sobre a igualdade de g\u00eanero\u201d, concluiu a servidora.<\/span><\/p>\n<p style=\"text-align: justify;\"><span style=\"font-size: 14pt;\"><strong>Roda da Vida<\/strong><\/span><\/p>\n<p style=\"text-align: justify;\"><span style=\"font-size: 14pt;\">As psicol\u00f3gas da Unipsico aplicaram a ferramenta Roda da vida, um sistema de autoavalia\u00e7\u00e3o usada para mapear como est\u00e3o as principais \u00e1reas da vida de uma pessoa em um determinado momento. A roda \u00e9 composta por um c\u00edrculo com diversas divis\u00f5es. Em cada uma delas \u00e9 definida uma esfera da vida considerada fundamental para a conquista do equil\u00edbrio pessoal.<\/span><\/p>\n<p style=\"text-align: justify;\"><span style=\"font-size: 14pt;\">\u201cComo a sua roda se encontra?! Qual o setor que voc\u00ea est\u00e1 dando mais aten\u00e7\u00e3o e qual o que merece mais aten\u00e7\u00e3o? Como buscar o equil\u00edbrio para que a roda possa rodar adequadamente?!\u201d, com estas indaga\u00e7\u00f5es a psic\u00f3loga Ruth S\u00e1, come\u00e7ou a desenvolver a reflex\u00e3o da roda da vida resultante de cada pessoa.<\/span><\/p>\n<p style=\"text-align: justify;\"><span style=\"font-size: 14pt;\">A Jornada<\/span><\/p>\n<p style=\"text-align: justify;\"><span style=\"font-size: 14pt;\">Em Bras\u00edlia, a Jornada conta com a presen\u00e7a da Ministra de Estado Chefe da Secretaria de Pol\u00edticas para as Mulheres da Presid\u00eancia da Rep\u00fablica (SPM\/PR), Eleonora Menicucci; da Ministra de Estado Chefe da Secretaria de Pol\u00edticas de Promo\u00e7\u00e3o da Igualdade Racial da Presid\u00eancia da Rep\u00fablica (SEPPIR\/PR), Nilma Lino Gomes; e da representante do Escrit\u00f3rio da ONU Mulheres no Brasil, Nadine Gasman. Em cada regional, foram convidados personalidades que pudessem contribuir para o processo de aprimoramento das compet\u00eancias das mulheres dos Correios.<\/span><\/p>\n<p style=\"text-align: justify;\"><span style=\"font-size: 14pt;\">O evento \u00e9 uma a\u00e7\u00e3o conjunta e alinhada ao Programa de Desenvolvimento de Lideran\u00e7a dos Correios, \u00e0 Mesa Nacional de Negocia\u00e7\u00e3o \u2013 Mulheres, e \u00e0s ades\u00f5es dos Correios ao Programa Pr\u00f3-equidade de G\u00eanero e Ra\u00e7a e aos Princ\u00edpios de Empoderamento das Mulheres.<\/span><\/p>\n<p style=\"text-align: justify;\"><span style=\"font-size: 14pt;\">Objetivando ser os Correios uma empresa de classe mundial, tem tamb\u00e9m intensificado desenvolvimento de Programas e a\u00e7\u00f5es voltados a Sustentabilidade Social para disseminar a cultura da equidade de g\u00eanero e ra\u00e7a e, da promo\u00e7\u00e3o dos Direitos Humanos no ambiente corporativo, al\u00e9m de promover a\u00e7\u00f5es voltadas aos demais temas centrais (norma ISO 26000) da Responsabilidade Social&#8221;.<\/span><\/p>\n<p style=\"text-align: justify;\"><span style=\"font-size: 14pt;\">Atualmente, 28 mil mulheres fazem parte do quadro de empregados dos Correios (24% do efetivo total). J\u00e1 em cargos de gest\u00e3o, a porcentagem aumenta: as mulheres ocupam hoje em torno de 30% do total.<\/span><\/p>\n","protected":false},"excerpt":{"rendered":"<p> [&hellip;]<\/p>\n","protected":false},"author":4,"featured_media":10542,"comment_status":"open","ping_status":"open","sticky":false,"template":"","format":"standard","meta":{"om_disable_all_campaigns":false,"_monsterinsights_skip_tracking":false,"_monsterinsights_sitenote_active":false,"_monsterinsights_sitenote_note":"","_monsterinsights_sitenote_category":0,"_uf_show_specific_survey":0,"_uf_disable_surveys":false,"footnotes":""},"categories":[2],"tags":[],"class_list":["post-10541","post","type-post","status-publish","format-standard","has-post-thumbnail","hentry","category-not_mpal"],"aioseo_notices":[],"_links":{"self":[{"href":"https:\/\/www.mpal.mp.br\/index.php?rest_route=\/wp\/v2\/posts\/10541","targetHints":{"allow":["GET"]}}],"collection":[{"href":"https:\/\/www.mpal.mp.br\/index.php?rest_route=\/wp\/v2\/posts"}],"about":[{"href":"https:\/\/www.mpal.mp.br\/index.php?rest_route=\/wp\/v2\/types\/post"}],"author":[{"embeddable":true,"href":"https:\/\/www.mpal.mp.br\/index.php?rest_route=\/wp\/v2\/users\/4"}],"replies":[{"embeddable":true,"href":"https:\/\/www.mpal.mp.br\/index.php?rest_route=%2Fwp%2Fv2%2Fcomments&post=10541"}],"version-history":[{"count":1,"href":"https:\/\/www.mpal.mp.br\/index.php?rest_route=\/wp\/v2\/posts\/10541\/revisions"}],"predecessor-version":[{"id":10543,"href":"https:\/\/www.mpal.mp.br\/index.php?rest_route=\/wp\/v2\/posts\/10541\/revisions\/10543"}],"wp:featuredmedia":[{"embeddable":true,"href":"https:\/\/www.mpal.mp.br\/index.php?rest_route=\/wp\/v2\/media\/10542"}],"wp:attachment":[{"href":"https:\/\/www.mpal.mp.br\/index.php?rest_route=%2Fwp%2Fv2%2Fmedia&parent=10541"}],"wp:term":[{"taxonomy":"category","embeddable":true,"href":"https:\/\/www.mpal.mp.br\/index.php?rest_route=%2Fwp%2Fv2%2Fcategories&post=10541"},{"taxonomy":"post_tag","embeddable":true,"href":"https:\/\/www.mpal.mp.br\/index.php?rest_route=%2Fwp%2Fv2%2Ftags&post=10541"}],"curies":[{"name":"wp","href":"https:\/\/api.w.org\/{rel}","templated":true}]}}