{"id":10536,"date":"2013-02-21T12:01:26","date_gmt":"2013-02-21T15:01:26","guid":{"rendered":"https:\/\/www.mpal.mp.br\/?p=10536"},"modified":"2022-06-22T12:01:41","modified_gmt":"2022-06-22T15:01:41","slug":"gecoc-prende-criminosos-acusados-de-assaltos-a-bancos-e-lotericas","status":"publish","type":"post","link":"https:\/\/www.mpal.mp.br\/?p=10536","title":{"rendered":"Gecoc prende criminosos acusados de assaltos a bancos e lot\u00e9ricas"},"content":{"rendered":"<p style=\"text-align: justify;\"><span style=\"font-size: 14pt;\">Uma opera\u00e7\u00e3o do Grupo Estadual de Combate \u00e0s Organiza\u00e7\u00f5es Criminosas (Gecoc), do Minist\u00e9rio P\u00fablico Estadual, e da Pol\u00edcia Militar, resultou na pris\u00e3o de um grupo de assaltantes, na tarde desta quinta-feira (21), no bairro da Mangabeiras. A a\u00e7\u00e3o teve a autoriza\u00e7\u00e3o judicial da 17\u00ba Vara Criminal da Capital. Os criminosos respondem pela acusa\u00e7\u00e3o de roubos contra institui\u00e7\u00f5es banc\u00e1rias, casas lot\u00e9ricas, ag\u00eancias dos Correios e as conhecidas \u2018saidinhas\u2019de banco.<\/span><\/p>\n<p style=\"text-align: justify;\"><span style=\"font-size: 14pt;\">Na a\u00e7\u00e3o da tarde desta quinta, os bandidos, que organizaram o assalto a uma ag\u00eancia de MultiBank, localizada nas proximidades do Viaduto Jo\u00e3o Lyra, ainda conseguiram roubar R$ 10 mil. Entretanto, como estavam sendo monitorados, foram abordados por policiais da Radiopatrulha &#8211; que deram apoio \u00e0 opera\u00e7\u00e3o do Gecoc -, no momento em que deixavam o estabelecimento comercial.<\/span><\/p>\n<p style=\"text-align: justify;\"><span style=\"font-size: 14pt;\">Os criminosos reagiram e houve troca de tiros. Tr\u00eas pessoas foram presas no momento da a\u00e7\u00e3o e, uma quarta, numa resid\u00eancia na Vila dos Pescadores, em Jaragu\u00e1. Esta \u00faltima, ainda de nome n\u00e3o revelado, \u00e9 considerada o l\u00edder do bando. O homem, natural do estado do Maranh\u00e3o, usa tornozeleira eletr\u00f4nica e est\u00e1 morando em Macei\u00f3. Exatamente por fazer uso do equipamento, ele n\u00e3o participava dos crimes, todavia, era o planejador dos mesmos. Ele foi preso quando estava na Vila.<\/span><\/p>\n<p style=\"text-align: justify;\"><span style=\"font-size: 14pt;\">A quadrilha vinha sendo monitorada h\u00e1 pelo menos 20 dias pelo Gecoc. Para executar a a\u00e7\u00e3o, o MPE contou com o apoio do Servi\u00e7o de Intelig\u00eancia da Pol\u00edcia Militar e de policiais da Radiopatrulha.<\/span><\/p>\n","protected":false},"excerpt":{"rendered":"<p> [&hellip;]<\/p>\n","protected":false},"author":2,"featured_media":3993,"comment_status":"open","ping_status":"open","sticky":false,"template":"","format":"standard","meta":{"om_disable_all_campaigns":false,"_monsterinsights_skip_tracking":false,"_monsterinsights_sitenote_active":false,"_monsterinsights_sitenote_note":"","_monsterinsights_sitenote_category":0,"_uf_show_specific_survey":0,"_uf_disable_surveys":false,"footnotes":""},"categories":[23],"tags":[],"class_list":["post-10536","post","type-post","status-publish","format-standard","has-post-thumbnail","hentry","category-not_gaeco"],"aioseo_notices":[],"_links":{"self":[{"href":"https:\/\/www.mpal.mp.br\/index.php?rest_route=\/wp\/v2\/posts\/10536","targetHints":{"allow":["GET"]}}],"collection":[{"href":"https:\/\/www.mpal.mp.br\/index.php?rest_route=\/wp\/v2\/posts"}],"about":[{"href":"https:\/\/www.mpal.mp.br\/index.php?rest_route=\/wp\/v2\/types\/post"}],"author":[{"embeddable":true,"href":"https:\/\/www.mpal.mp.br\/index.php?rest_route=\/wp\/v2\/users\/2"}],"replies":[{"embeddable":true,"href":"https:\/\/www.mpal.mp.br\/index.php?rest_route=%2Fwp%2Fv2%2Fcomments&post=10536"}],"version-history":[{"count":1,"href":"https:\/\/www.mpal.mp.br\/index.php?rest_route=\/wp\/v2\/posts\/10536\/revisions"}],"predecessor-version":[{"id":10537,"href":"https:\/\/www.mpal.mp.br\/index.php?rest_route=\/wp\/v2\/posts\/10536\/revisions\/10537"}],"wp:featuredmedia":[{"embeddable":true,"href":"https:\/\/www.mpal.mp.br\/index.php?rest_route=\/wp\/v2\/media\/3993"}],"wp:attachment":[{"href":"https:\/\/www.mpal.mp.br\/index.php?rest_route=%2Fwp%2Fv2%2Fmedia&parent=10536"}],"wp:term":[{"taxonomy":"category","embeddable":true,"href":"https:\/\/www.mpal.mp.br\/index.php?rest_route=%2Fwp%2Fv2%2Fcategories&post=10536"},{"taxonomy":"post_tag","embeddable":true,"href":"https:\/\/www.mpal.mp.br\/index.php?rest_route=%2Fwp%2Fv2%2Ftags&post=10536"}],"curies":[{"name":"wp","href":"https:\/\/api.w.org\/{rel}","templated":true}]}}