{"id":10526,"date":"2015-12-03T10:42:30","date_gmt":"2015-12-03T12:42:30","guid":{"rendered":"https:\/\/www.mpal.mp.br\/?p=10526"},"modified":"2022-06-22T10:46:27","modified_gmt":"2022-06-22T13:46:27","slug":"mpe-participa-de-audiencia-que-discutiu-combate-a-violencia-domestica-promotora-de-justica-quer-criar-o-laboratorio-maria-da-penha","status":"publish","type":"post","link":"https:\/\/www.mpal.mp.br\/?p=10526","title":{"rendered":"MPE participa de audi\u00eancia que discutiu combate a viol\u00eancia dom\u00e9stica; promotora de Justi\u00e7a quer criar o &#8216;Laborat\u00f3rio Maria da Penha&#8217;"},"content":{"rendered":"<p style=\"text-align: justify;\"><span style=\"font-size: 14pt;\">Numa grande reuni\u00e3o que envolveu diversas institui\u00e7\u00f5es, dentre Minist\u00e9rio P\u00fablico Estadual (MPE), Tribunal de Justi\u00e7a, secretarias municipais e estaduais e o pr\u00f3prio governo de Alagoas, foram discutidas sa\u00eddas para o combate a viol\u00eancia dom\u00e9stica. O objetivo da audi\u00eancia foi encontrar solu\u00e7\u00f5es para fortalecer a rede de assist\u00eancia \u00e0 mulher v\u00edtima de agress\u00f5es f\u00edsicas e psicol\u00f3gicas, intensificar medidas para preven\u00e7\u00e3o e repress\u00e3o e criar projetos que visem a diminui\u00e7\u00e3o dos n\u00fameros negativos relacionados ao tema. O MPE\/AL sugeriu a implanta\u00e7\u00e3o de duas inicativas, que foram elogiadas pelas autoridades presentes.<\/span><\/p>\n<p style=\"text-align: justify;\"><span style=\"font-size: 14pt;\">Na reuni\u00e3o, que ocorreu no gabinete da presid\u00eancia do Tribunal de Justi\u00e7a, foi tra\u00e7ado um diagn\u00f3stico a respeito do sistema de Justi\u00e7a e dos \u00f3rg\u00e3os da Prefeitura e do Estado que t\u00eam a obriga\u00e7\u00e3o de planejar e desenvolver pol\u00edticas p\u00fablicas de combate a viol\u00eancia contra as mulheres. Os representantes de cada \u00f3rg\u00e3o expuseram suas dificuldades e se comprometeram em apresentar, com urg\u00eancia, alternativas para fazer com que, de forma efetiva, Alagoas registre menos crimes de viol\u00eancia dom\u00e9stica.<\/span><\/p>\n<p style=\"text-align: justify;\"><span style=\"font-size: 14pt;\"><strong>Propostas do Minist\u00e9rio P\u00fablico<\/strong><\/span><\/p>\n<p style=\"text-align: justify;\"><span style=\"font-size: 14pt;\">Titular do Juizado de Combate a Viol\u00eancia Dom\u00e9stica, a promotora de Justi\u00e7a Maria Jos\u00e9 Alves informou aos presentes que o Minist\u00e9rio P\u00fablico Estadual de Alagoas est\u00e1 se articulando para p\u00f4r em pr\u00e1tica a execu\u00e7\u00e3o de dois projetos que visam minizar os \u00edndices que tornam v\u00edtimas as mulheres com companheiros agressivos.<\/span><\/p>\n<p style=\"text-align: justify;\"><span style=\"font-size: 14pt;\">O primeiro projeto foi implantado pelo Minist\u00e9rio P\u00fablico Estadual do Piau\u00ed e se chama &#8216;Labotar\u00f3rio Maria da Penha&#8217;. \u201cEssa \u00e9 a uma iniciativa que visa capacitar e sensibilizar alunos sobre a Lei Maria da Penha, realizar levantamento de dados acerca do fluxo de atendimento da rede de enfrentamento a viol\u00eancia dom\u00e9stica e familiar contra a mulher, iddentificar o perfil das mulheres em situa\u00e7\u00e3o de viol\u00eancia dom\u00e9stica e realizar nas comunidades das zonas urbana e rural oficinas de di\u00e1logos sobre a Lei Maria da Penha\u201d, detalhou Maria Jos\u00e9 Alves, explicando ainda que, naquele estado, o projeto j\u00e1 conseguiu resultados bastante positivos.<\/span><\/p>\n<p style=\"text-align: justify;\"><span style=\"font-size: 14pt;\">\u201c\u00c9 uma estrat\u00e9gia que reformula par\u00e2metros de mudan\u00e7as culturais. Sei que o Conselho Nacional de Justi\u00e7a, por meio da ministra Carmen L\u00facia, tem cobrado mais a\u00e7\u00f5es voltadas para o combate \u00e0 viol\u00eancia dom\u00e9stica e o Labotar\u00f3rio Maria da Penha \u00e9 um eficiente instrumento. Vamos trazer os colegas do MPE do Piau\u00ed para fazer o compartilhamento da sua experi\u00eancia conosco e, a partir da\u00ed, trabalhar para criar um modelo semelhante aqui em Alagoas tamb\u00e9m\u201d, acrescentou a promotora de Justi\u00e7a.<\/span><\/p>\n<p style=\"text-align: justify;\"><span style=\"font-size: 14pt;\">O segundo projeto sugerido por Maria Jos\u00e9 Alves \u00e9 o &#8216;Veredas&#8217;. \u201cTrata-se de um grupo reflexivo para homens autores de viol\u00eancia dom\u00e9stica, ou seja, uma equipe multidisciplinar vai trabalhar com esses agressores para tentar modificar o perfil violento de cada um deles. \u00c9 uma inicativa que tanto aborda o lado educacional, quanto o lado da responsabiliza\u00e7\u00e3o\u201d, esclareceu a promotora.<\/span><\/p>\n<p style=\"text-align: justify;\"><span style=\"font-size: 14pt;\"><strong>Outras solu\u00e7\u00f5es<\/strong><\/span><\/p>\n<p style=\"text-align: justify;\"><span style=\"font-size: 14pt;\">Presente \u00e0 reuni\u00e3o, o governador Renan Filho disse que vai promover um encontro com o seu secretariado a fim de que, cada pasta, dentro da sua compet\u00eancia, possa apresentar solu\u00e7\u00f5es a curto prazo para tentar combater a viol\u00eancia dom\u00e9stica na capital e no interior. Fortalecer a rede de assist\u00eancia, estruturar as delegacias especializadas da mulher e melhorar a qualidade dos inqu\u00e9ritos policiais foram alguns dos compromissos assumidos pelo chefe do Executivo. J\u00e1 o Poder Judici\u00e1rio informou que vai estudar a possibilidade de criar mais um Juizado de Combate a Viol\u00eancia Dom\u00e9stica.<\/span><\/p>\n","protected":false},"excerpt":{"rendered":"<p> [&hellip;]<\/p>\n","protected":false},"author":4,"featured_media":10527,"comment_status":"open","ping_status":"open","sticky":false,"template":"","format":"standard","meta":{"om_disable_all_campaigns":false,"_monsterinsights_skip_tracking":false,"_monsterinsights_sitenote_active":false,"_monsterinsights_sitenote_note":"","_monsterinsights_sitenote_category":0,"_uf_show_specific_survey":0,"_uf_disable_surveys":false,"footnotes":""},"categories":[2],"tags":[],"class_list":["post-10526","post","type-post","status-publish","format-standard","has-post-thumbnail","hentry","category-not_mpal"],"aioseo_notices":[],"_links":{"self":[{"href":"https:\/\/www.mpal.mp.br\/index.php?rest_route=\/wp\/v2\/posts\/10526","targetHints":{"allow":["GET"]}}],"collection":[{"href":"https:\/\/www.mpal.mp.br\/index.php?rest_route=\/wp\/v2\/posts"}],"about":[{"href":"https:\/\/www.mpal.mp.br\/index.php?rest_route=\/wp\/v2\/types\/post"}],"author":[{"embeddable":true,"href":"https:\/\/www.mpal.mp.br\/index.php?rest_route=\/wp\/v2\/users\/4"}],"replies":[{"embeddable":true,"href":"https:\/\/www.mpal.mp.br\/index.php?rest_route=%2Fwp%2Fv2%2Fcomments&post=10526"}],"version-history":[{"count":1,"href":"https:\/\/www.mpal.mp.br\/index.php?rest_route=\/wp\/v2\/posts\/10526\/revisions"}],"predecessor-version":[{"id":10528,"href":"https:\/\/www.mpal.mp.br\/index.php?rest_route=\/wp\/v2\/posts\/10526\/revisions\/10528"}],"wp:featuredmedia":[{"embeddable":true,"href":"https:\/\/www.mpal.mp.br\/index.php?rest_route=\/wp\/v2\/media\/10527"}],"wp:attachment":[{"href":"https:\/\/www.mpal.mp.br\/index.php?rest_route=%2Fwp%2Fv2%2Fmedia&parent=10526"}],"wp:term":[{"taxonomy":"category","embeddable":true,"href":"https:\/\/www.mpal.mp.br\/index.php?rest_route=%2Fwp%2Fv2%2Fcategories&post=10526"},{"taxonomy":"post_tag","embeddable":true,"href":"https:\/\/www.mpal.mp.br\/index.php?rest_route=%2Fwp%2Fv2%2Ftags&post=10526"}],"curies":[{"name":"wp","href":"https:\/\/api.w.org\/{rel}","templated":true}]}}