{"id":10524,"date":"2016-03-04T10:38:49","date_gmt":"2016-03-04T13:38:49","guid":{"rendered":"https:\/\/www.mpal.mp.br\/?p=10524"},"modified":"2022-06-22T10:42:26","modified_gmt":"2022-06-22T13:42:26","slug":"promotora-de-justica-participa-de-encontro-nacional-sobre-violencia-domestica-agentes-publicos-debatem-lei-maria-da-penha","status":"publish","type":"post","link":"https:\/\/www.mpal.mp.br\/?p=10524","title":{"rendered":"Promotora de Justi\u00e7a participa de encontro nacional sobre viol\u00eancia dom\u00e9stica; agentes p\u00fablicos debatem Lei Maria da Penha"},"content":{"rendered":"<p style=\"text-align: justify;\"><span style=\"font-size: 14pt;\">Titular da 38\u00aa Promotoria de Justi\u00e7a da Capital (Viol\u00eancia Dom\u00e9stica e Familiar), a promotora Maria Jos\u00e9 Alves da Silva representou o Minist\u00e9rio P\u00fablico do Estado de Alagoas no 1\u00ba Encontro \u201cDi\u00e1logos no Sistema de Justi\u00e7a para o Enfrentamento \u00e0 Viol\u00eancia contra as Mulheres\u201d. A atividade foi promovida pela Secretaria Especial de Pol\u00edticas para as Mulheres (SPM) do Minist\u00e9rio das Mulheres, da Igualdade Racial e dos Direitos Humanos, em Bras\u00edlia, no dia 26 de fevereiro, e reuniu cerca de 60 agentes p\u00fablicos que trabalham com a Lei Maria da Penha em todo pa\u00eds, entre membros do\u00a0<em>Parquet<\/em>, defensores p\u00fablicos e ju\u00edzes.<\/span><\/p>\n<p style=\"text-align: justify;\"><span style=\"font-size: 14pt;\">O objetivo do encontro foi criar uma grande rede dos operadores da legisla\u00e7\u00e3o em destaque, buscando pontos de converg\u00eancia sobre a adequada implementa\u00e7\u00e3o da lei. De acordo com a secret\u00e1ria especial substituta da SPM, Aparecida Gon\u00e7alves, que abriu a reuni\u00e3o, h\u00e1 interpreta\u00e7\u00f5es diferenciadas dos artigos da lei. \u201cUm dos nossos desafios \u00e9 o de construir refer\u00eancias, para que possamos avan\u00e7ar cada vez mais na garantia dos direitos das mulheres\u201d. Ela afirmou que \u201ca Lei Maria da Penha resgatou nas mulheres a credibilidade no Estado brasileiro\u201d.<\/span><\/p>\n<p style=\"text-align: justify;\"><span style=\"font-size: 14pt;\">\u201cPara todos os participantes, o espa\u00e7o serviu n\u00e3o s\u00f3 para integrar as institui\u00e7\u00f5es como tamb\u00e9m para nos estimular, no sentido de estarmos no caminho certo. \u00c9 o caso da quest\u00e3o de g\u00eanero. No encontro foi dado \u00eanfase a ela porque muita gente, por equ\u00edvoco ou ideologia pol\u00edtica, usa o termo g\u00eanero de forma pejorativa, quando n\u00e3o deveria. Tal quest\u00e3o, quando corretamente observada, fortalece a incid\u00eancia da Lei Maria da Penha e mereceria uma aten\u00e7\u00e3o melhor do poder p\u00fablico. Tor\u00e7o para que o evento, de fato, torne-se peri\u00f3dico\u201d, disse Maria Jos\u00e9, que tamb\u00e9m destacou o debate sobre medidas preventivas, que obrigam o agressor e protegem a v\u00edtima, se poderiam tais medidas serem deferidas independentemente de boletim de ocorr\u00eancia, inqu\u00e9rito ou a\u00e7\u00e3o penal futura. O titular do 4\u00ba Juizado Especial da Viol\u00eancia Dom\u00e9stica e Familiar contra a Mulher da Comarca da Capital, juiz Paulo Zacarias, tamb\u00e9m participou do encontro.<\/span><\/p>\n<p style=\"text-align: justify;\"><span style=\"font-size: 14pt;\">Entre os temas debatidos estavam a compet\u00eancia h\u00edbrida da Lei Maria da Penha, as medidas protetivas de urg\u00eancia e o direito da v\u00edtima e o papel da Defensoria P\u00fablica. A secret\u00e1ria- executiva do Minist\u00e9rio das Mulheres, da Igualdade Racial e dos Direitos Humanos, \u00c9lida de Oliveira, disse que a SPM soube criar pol\u00edticas assentadas na articula\u00e7\u00e3o federativa. \u201cO movimento feminista tem no\u00e7\u00e3o de onde tem que ser defensivo e onde tem que ser ofensivo. Estamos aqui para criar uma agenda ofensiva e defensiva a respeito do Direito das Mulheres que encare a Justi\u00e7a como solu\u00e7\u00e3o\u201d.<\/span><\/p>\n<p style=\"text-align: justify;\"><span style=\"font-size: 14pt;\">Val\u00e9ria Fernandez, coordenadora da Comiss\u00e3o Permanente dos Promotores de Combate \u00e0 Viol Dom e Fam contra a Mulher (Copevid) lembrou que \u201cestamos num momento dif\u00edcil, onde \u2018g\u00eanero\u2019 virou palavr\u00e3o e o \u00e1lcool \u00e9 considerado autoriza\u00e7\u00e3o para estupro em algumas universidades\u201d. Madg\u00e9li Frantz Machado, do F\u00f3rum Nacional de Ju\u00edzes de Viol\u00eancia Dom\u00e9stica e Familiar contra a Mulher (Fonavid) e Ana Paula de Oliveira Lewin (Condege) apresentaram avan\u00e7os da Lei Maria da Penha no sistema judici\u00e1rio nos \u00faltimos 10 anos. Segundo Madg\u00e9li Frantz, o encontro \u201cpermitiu conhecer a realidade de cada institui\u00e7\u00e3o\u201d. Para Ana Paula, foi uma oportunidade de pensar sobre a Lei e nas suas atribui\u00e7\u00f5es.<\/span><\/p>\n<p style=\"text-align: justify;\"><span style=\"font-size: 14pt;\"><em>Com informa\u00e7\u00f5es da Ascom\/SPM.<\/em><\/span><\/p>\n","protected":false},"excerpt":{"rendered":"<p> [&hellip;]<\/p>\n","protected":false},"author":4,"featured_media":10515,"comment_status":"open","ping_status":"open","sticky":false,"template":"","format":"standard","meta":{"om_disable_all_campaigns":false,"_monsterinsights_skip_tracking":false,"_monsterinsights_sitenote_active":false,"_monsterinsights_sitenote_note":"","_monsterinsights_sitenote_category":0,"_uf_show_specific_survey":0,"_uf_disable_surveys":false,"footnotes":""},"categories":[2],"tags":[],"class_list":["post-10524","post","type-post","status-publish","format-standard","has-post-thumbnail","hentry","category-not_mpal"],"aioseo_notices":[],"_links":{"self":[{"href":"https:\/\/www.mpal.mp.br\/index.php?rest_route=\/wp\/v2\/posts\/10524","targetHints":{"allow":["GET"]}}],"collection":[{"href":"https:\/\/www.mpal.mp.br\/index.php?rest_route=\/wp\/v2\/posts"}],"about":[{"href":"https:\/\/www.mpal.mp.br\/index.php?rest_route=\/wp\/v2\/types\/post"}],"author":[{"embeddable":true,"href":"https:\/\/www.mpal.mp.br\/index.php?rest_route=\/wp\/v2\/users\/4"}],"replies":[{"embeddable":true,"href":"https:\/\/www.mpal.mp.br\/index.php?rest_route=%2Fwp%2Fv2%2Fcomments&post=10524"}],"version-history":[{"count":1,"href":"https:\/\/www.mpal.mp.br\/index.php?rest_route=\/wp\/v2\/posts\/10524\/revisions"}],"predecessor-version":[{"id":10525,"href":"https:\/\/www.mpal.mp.br\/index.php?rest_route=\/wp\/v2\/posts\/10524\/revisions\/10525"}],"wp:featuredmedia":[{"embeddable":true,"href":"https:\/\/www.mpal.mp.br\/index.php?rest_route=\/wp\/v2\/media\/10515"}],"wp:attachment":[{"href":"https:\/\/www.mpal.mp.br\/index.php?rest_route=%2Fwp%2Fv2%2Fmedia&parent=10524"}],"wp:term":[{"taxonomy":"category","embeddable":true,"href":"https:\/\/www.mpal.mp.br\/index.php?rest_route=%2Fwp%2Fv2%2Fcategories&post=10524"},{"taxonomy":"post_tag","embeddable":true,"href":"https:\/\/www.mpal.mp.br\/index.php?rest_route=%2Fwp%2Fv2%2Ftags&post=10524"}],"curies":[{"name":"wp","href":"https:\/\/api.w.org\/{rel}","templated":true}]}}