{"id":10522,"date":"2016-04-27T10:36:42","date_gmt":"2016-04-27T13:36:42","guid":{"rendered":"https:\/\/www.mpal.mp.br\/?p=10522"},"modified":"2022-06-22T10:38:40","modified_gmt":"2022-06-22T13:38:40","slug":"promotora-de-justica-maria-jose-alves-ministra-palestra-de-prevencao-a-violencia-contra-a-mulher-em-curso-realizado-pela-uncisal-e-secretaria-especial-da-presidencia-da-republica","status":"publish","type":"post","link":"https:\/\/www.mpal.mp.br\/?p=10522","title":{"rendered":"Promotora de Justi\u00e7a Maria Jos\u00e9 Alves ministra palestra de Preven\u00e7\u00e3o \u00e0 Viol\u00eancia contra a Mulher, em curso realizado pela Uncisal e Secretaria Especial da Presid\u00eancia da Rep\u00fablica"},"content":{"rendered":"<p style=\"text-align: justify;\"><span style=\"font-size: 14pt;\">A promotora de Justi\u00e7a da 38\u00aa Promotoria de Justi\u00e7a da Capital, Maria Jos\u00e9 Alves da Silva, ministra, nesta quinta-feira (28), \u00e0s 8h, a palestra \u201cO trabalho no Juizado da Viol\u00eancia Dom\u00e9stica e Familiar contra a mulher: dificuldades e desafios\u201d, que integra o quarto m\u00f3dulo do Curso de Capacita\u00e7\u00e3o para Preven\u00e7\u00e3o da Viol\u00eancia contra a Mulher, realizado pela Universidade Estadual de Ci\u00eancias da Sa\u00fade de Alagoas (Uncisal), por interm\u00e9dio da Pr\u00f3-reitoria de Extens\u00e3o e em parceria com a Secretaria Especial de Pol\u00edticas para as Mulheres da Presid\u00eancia da Rep\u00fablica.<\/span><\/p>\n<p style=\"text-align: justify;\"><span style=\"font-size: 14pt;\">O curso tem por objetivo capacitar gestores e t\u00e9cnicos da Uncisal e demais profissionais da \u00e1rea da sa\u00fade sobre o enfrentamento da viol\u00eancia contra a mulher. Tema este que a promotora de Justi\u00e7a se dedica ao longo de sua hist\u00f3ria de atua\u00e7\u00e3o no Minist\u00e9rio P\u00fablico do Estado de Alagoas, no trabalho que ela desenvolve na promotoria em que atua.<\/span><\/p>\n<p style=\"text-align: justify;\"><span style=\"font-size: 14pt;\">Durante duas horas, Maria Jos\u00e9 Alves da Silva, ter\u00e1 a oportunidade de partilhar o conhecimento que possui e as experi\u00eancias adquiridas com os participantes desse projeto. Sua miss\u00e3o ser\u00e1 expor os desafios e dificuldades que enfrentam os operadores de Direito para que realizem um trabalho voltado para a Viol\u00eancia Dom\u00e9stica e Familiar contra a mulher.<\/span><\/p>\n<p style=\"text-align: justify;\"><span style=\"font-size: 14pt;\">Segundo a promotora, \u00e9 vital a forma\u00e7\u00e3o desses profissionais, pois esse tipo de viol\u00eancia \u00e9 um grave e recorrente problema no Brasil e, a depender da situa\u00e7\u00e3o, agressores, v\u00edtimas e, at\u00e9, parentes precisam da atua\u00e7\u00e3o dos mesmos.<\/span><\/p>\n<p style=\"text-align: justify;\"><span style=\"font-size: 14pt;\">\u201cSaber lidar com casos que envolvem a viol\u00eancia dom\u00e9stica e familiar contra a mulher ou qualquer outro tipo de viol\u00eancia exige conhecimento, habilidades e cuidados especiais. Os danos causados \u00e0 vida familiar por conta desse problema se refletem de forma bastante negativa. Ao contr\u00e1rio do que muitos pensam o problema n\u00e3o atinge somente \u00e0s mulheres e a vida familiar, mas tamb\u00e9m o resto da sociedade. Os gastos com assist\u00eancia \u00e0 sa\u00fade resultantes desse tipo de viol\u00eancia s\u00e3o alt\u00edssimos. Al\u00e9m disso, os danos f\u00edsicos e emocionais, muitas vezes, requerem a aten\u00e7\u00e3o de toda uma equipe multidisciplinar\u201d, exp\u00f4s a promotora.<\/span><\/p>\n<p style=\"text-align: justify;\"><span style=\"font-size: 14pt;\">Na sua abordagem, ela levar\u00e1 a reflex\u00e3o sobre o desafio da sensibiliza\u00e7\u00e3o dos operadores de direito e a necessidade de capacita\u00e7\u00e3o deles para que possam atuar na \u00e1rea. Ainda, discorrer\u00e1 sobre a necessidade de que exista um integra\u00e7\u00e3o mais eficiente entre o Poder Judici\u00e1rio, Minist\u00e9rio P\u00fablico, Defensoria P\u00fablica \u00a0e Secretarias de Estado, como a de Seguran\u00e7a P\u00fablica.<\/span><\/p>\n<p style=\"text-align: justify;\"><span style=\"font-size: 14pt;\">\u201cElevar o n\u00edvel de conhecimento e cultura sobre esse tema \u00e9 um desafio di\u00e1rio, inclusive para os pr\u00f3prios servidores e operadores do Direito. O combate a viol\u00eancia dom\u00e9stica e familiar possui dois eixos, o da preven\u00e7\u00e3o e o da san\u00e7\u00e3o. N\u00e3o podemos ter por base os estere\u00f3tipos para a aplicabilidade da Lei Maria da Penha, ou outra. \u00c9 preciso entender de forma aprofundada tudo o que est\u00e1 relacionado a esse tipo de viol\u00eancia, como, \u00e9 o caso, por exemplo, do feminic\u00eddio, na qual a mulher se torna v\u00edtima pela simples condi\u00e7\u00e3o de ser mulher. Ent\u00e3o, devemos conhecer e estar preparados para lidar com todas as situa\u00e7\u00f5es oriundas desse processo. Outro desafio \u00e9 a melhoria na integra\u00e7\u00e3o dos \u00f3rg\u00e3os que direta ou indiretamente devem agir em casos decorrentes dessa viol\u00eancia\u201d, esclareceu a promotora.<\/span><\/p>\n<p style=\"text-align: justify;\"><span style=\"font-size: 14pt;\">Outro ponto que faz parte de sua explana\u00e7\u00e3o \u00e9 a import\u00e2ncia do di\u00e1logo com a m\u00eddia, para que ela atue de forma tamb\u00e9m preventiva.<\/span><\/p>\n<p style=\"text-align: justify;\"><span style=\"font-size: 14pt;\">\u201cMuitas vezes a m\u00eddia noticia fatos de viol\u00eancia dom\u00e9stica e familiar contra a mulher de forma extremamente sensacionalista, mas n\u00e3o se dedica ao trabalho de transmitir informa\u00e7\u00f5es de cunho mais preventivo e educativo, como sobre oportunizar que seja exposto sobre as redes de atendimento ou outras informa\u00e7\u00f5es que contribuam para solucionar essa complexa situa\u00e7\u00e3o da sociedade. Acredito que o conhecimento \u00e9 a chave para solucionar estas e tantas situa\u00e7\u00f5es sociais. A m\u00eddia tem poder\u00a0 e papel para ajudar a modificar tantas realidades\u201d, argumentou a promotora.<\/span><\/p>\n<p style=\"text-align: justify;\"><span style=\"font-size: 14pt;\"><strong>O Curso<\/strong><\/span><\/p>\n<p style=\"text-align: justify;\"><span style=\"font-size: 14pt;\">O curso que est\u00e1 acontecendo, sempre \u00e0s quintas e sextas-feiras de cada m\u00eas, no Conselho Regional de Psicologia, desde janeiro e deve se encerrar no pr\u00f3ximo m\u00eas de junho, possui a carga hor\u00e1ria de 20 horas.<\/span><\/p>\n<p style=\"text-align: justify;\"><span style=\"font-size: 14pt;\">Durante o curso est\u00e3o sendo discutidos temas referentes \u00e0s Rela\u00e7\u00f5es de g\u00eanero; Viol\u00eancia de g\u00eanero: conceitua\u00e7\u00f5es, ra\u00edzes hist\u00f3ricas e culturais; Dados epidemiol\u00f3gicos da viol\u00eancia contra a mulher no Brasil e no mundo; Direitos humanos e viol\u00eancia contra a mulher; Impactos da Viol\u00eancia na Sa\u00fade; Viol\u00eancia intrafamiliar e vulnerabilidade; Marcos Legais de Enfrentamento \u00e0 Viol\u00eancia; Notifica\u00e7\u00e3o Compuls\u00f3ria de casos de viol\u00eancia; Rede protetivas \u00e0 viol\u00eancia contra a mulher; Estrat\u00e9gias de educa\u00e7\u00e3o em sa\u00fade para a preven\u00e7\u00e3o da viol\u00eancia contra a mulher e Promo\u00e7\u00e3o \u00e0 cultura de paz.<\/span><\/p>\n","protected":false},"excerpt":{"rendered":"<p> [&hellip;]<\/p>\n","protected":false},"author":4,"featured_media":10515,"comment_status":"open","ping_status":"open","sticky":false,"template":"","format":"standard","meta":{"om_disable_all_campaigns":false,"_monsterinsights_skip_tracking":false,"_monsterinsights_sitenote_active":false,"_monsterinsights_sitenote_note":"","_monsterinsights_sitenote_category":0,"_uf_show_specific_survey":0,"_uf_disable_surveys":false,"footnotes":""},"categories":[2],"tags":[],"class_list":["post-10522","post","type-post","status-publish","format-standard","has-post-thumbnail","hentry","category-not_mpal"],"aioseo_notices":[],"_links":{"self":[{"href":"https:\/\/www.mpal.mp.br\/index.php?rest_route=\/wp\/v2\/posts\/10522","targetHints":{"allow":["GET"]}}],"collection":[{"href":"https:\/\/www.mpal.mp.br\/index.php?rest_route=\/wp\/v2\/posts"}],"about":[{"href":"https:\/\/www.mpal.mp.br\/index.php?rest_route=\/wp\/v2\/types\/post"}],"author":[{"embeddable":true,"href":"https:\/\/www.mpal.mp.br\/index.php?rest_route=\/wp\/v2\/users\/4"}],"replies":[{"embeddable":true,"href":"https:\/\/www.mpal.mp.br\/index.php?rest_route=%2Fwp%2Fv2%2Fcomments&post=10522"}],"version-history":[{"count":1,"href":"https:\/\/www.mpal.mp.br\/index.php?rest_route=\/wp\/v2\/posts\/10522\/revisions"}],"predecessor-version":[{"id":10523,"href":"https:\/\/www.mpal.mp.br\/index.php?rest_route=\/wp\/v2\/posts\/10522\/revisions\/10523"}],"wp:featuredmedia":[{"embeddable":true,"href":"https:\/\/www.mpal.mp.br\/index.php?rest_route=\/wp\/v2\/media\/10515"}],"wp:attachment":[{"href":"https:\/\/www.mpal.mp.br\/index.php?rest_route=%2Fwp%2Fv2%2Fmedia&parent=10522"}],"wp:term":[{"taxonomy":"category","embeddable":true,"href":"https:\/\/www.mpal.mp.br\/index.php?rest_route=%2Fwp%2Fv2%2Fcategories&post=10522"},{"taxonomy":"post_tag","embeddable":true,"href":"https:\/\/www.mpal.mp.br\/index.php?rest_route=%2Fwp%2Fv2%2Ftags&post=10522"}],"curies":[{"name":"wp","href":"https:\/\/api.w.org\/{rel}","templated":true}]}}