{"id":10517,"date":"2016-06-06T10:29:32","date_gmt":"2016-06-06T13:29:32","guid":{"rendered":"https:\/\/www.mpal.mp.br\/?p=10517"},"modified":"2022-06-22T10:33:08","modified_gmt":"2022-06-22T13:33:08","slug":"ministerio-publico-judiciario-e-defensoria-definem-data-e-local-para-5a-etapa-da-semana-da-justica-pela-paz-em-casa","status":"publish","type":"post","link":"https:\/\/www.mpal.mp.br\/?p=10517","title":{"rendered":"Minist\u00e9rio P\u00fablico, Judici\u00e1rio e Defensoria definem data e local para 5\u00aa etapa da Semana da Justi\u00e7a pela Paz em Casa"},"content":{"rendered":"<p style=\"text-align: justify;\"><span style=\"font-size: 14pt;\">A 5\u00aa etapa da Semana da Justi\u00e7a pela Paz em Casa ser\u00e1 realizada no per\u00edodo de 15 a 19 de agosto de 2016, na Central de Concilia\u00e7\u00e3o do F\u00f3rum do Barro Duro, em mais uma atua\u00e7\u00e3o conjunta do Minist\u00e9rio P\u00fablico, Poder Judici\u00e1rio e Defensoria P\u00fablica do Estado de Alagoas. A promotora de Justi\u00e7a Maria Jos\u00e9 Alves participou nesta quinta-feira (2) da reuni\u00e3o no Juizado da Viol\u00eancia Dom\u00e9stica e Familiar contra a Mulher que definiu a data e o local da atividade em Macei\u00f3 da campanha nacional.<\/span><\/p>\n<p style=\"text-align: justify;\"><span style=\"font-size: 14pt;\">A titular da 38\u00aa Promotoria de Justi\u00e7a da Capital informou que a expectativa dos \u00f3rg\u00e3os da Justi\u00e7a \u00e9 de realizar audi\u00eancias de instru\u00e7\u00e3o e julgamento para atender 200 processos que t\u00eam mulheres como v\u00edtimas. Haver\u00e1 participa\u00e7\u00e3o da Equipe Multidisciplinar do Juizado da Viol\u00eancia Dom\u00e9stica e Familiar contra a Mulher, bem como membros e servidores da Equipe T\u00e9cnica da Central de Concilia\u00e7\u00e3o.<\/span><\/p>\n<p style=\"text-align: justify;\"><span style=\"font-size: 14pt;\">&#8220;Acho importar recordar que no pr\u00f3ximo 06 de agosto a Lei Maria da Penha far\u00e1 10 anos.E embora haja muito a fazer, muitos obst\u00e1culos a superar, devemos reconhecer alguns avan\u00e7os e entre estes o fato das mulheres denunciarem os seus algozes.\u00a0Claro, muitas ainda s\u00e3o oprimidas, e precisamos agir e intervir para garantir a elas o direito de vez e voz. Precisamos ir \u00e0 raiz da quest\u00e3o: combater este grave problema social, mudar a \u00a0postura patriarcal e a rela\u00e7\u00e3o de posse do homem sobre a mulher&#8221;, Maria Jos\u00e9.<\/span><\/p>\n<p style=\"text-align: justify;\"><span style=\"font-size: 14pt;\">Al\u00e9m da promotora de Justi\u00e7a, tamb\u00e9m estiveram presentes na reuni\u00e3o o coordenador da Justi\u00e7a Itinerante, juiz Andr\u00e9 G\u00eada, o magistrado Paulo Zacarias e a defensora p\u00fablica Andr\u00e9a Carla Tonin.<\/span><\/p>\n","protected":false},"excerpt":{"rendered":"<p> [&hellip;]<\/p>\n","protected":false},"author":4,"featured_media":10515,"comment_status":"open","ping_status":"open","sticky":false,"template":"","format":"standard","meta":{"om_disable_all_campaigns":false,"_monsterinsights_skip_tracking":false,"_monsterinsights_sitenote_active":false,"_monsterinsights_sitenote_note":"","_monsterinsights_sitenote_category":0,"_uf_show_specific_survey":0,"_uf_disable_surveys":false,"footnotes":""},"categories":[2],"tags":[],"class_list":["post-10517","post","type-post","status-publish","format-standard","has-post-thumbnail","hentry","category-not_mpal"],"aioseo_notices":[],"_links":{"self":[{"href":"https:\/\/www.mpal.mp.br\/index.php?rest_route=\/wp\/v2\/posts\/10517","targetHints":{"allow":["GET"]}}],"collection":[{"href":"https:\/\/www.mpal.mp.br\/index.php?rest_route=\/wp\/v2\/posts"}],"about":[{"href":"https:\/\/www.mpal.mp.br\/index.php?rest_route=\/wp\/v2\/types\/post"}],"author":[{"embeddable":true,"href":"https:\/\/www.mpal.mp.br\/index.php?rest_route=\/wp\/v2\/users\/4"}],"replies":[{"embeddable":true,"href":"https:\/\/www.mpal.mp.br\/index.php?rest_route=%2Fwp%2Fv2%2Fcomments&post=10517"}],"version-history":[{"count":1,"href":"https:\/\/www.mpal.mp.br\/index.php?rest_route=\/wp\/v2\/posts\/10517\/revisions"}],"predecessor-version":[{"id":10518,"href":"https:\/\/www.mpal.mp.br\/index.php?rest_route=\/wp\/v2\/posts\/10517\/revisions\/10518"}],"wp:featuredmedia":[{"embeddable":true,"href":"https:\/\/www.mpal.mp.br\/index.php?rest_route=\/wp\/v2\/media\/10515"}],"wp:attachment":[{"href":"https:\/\/www.mpal.mp.br\/index.php?rest_route=%2Fwp%2Fv2%2Fmedia&parent=10517"}],"wp:term":[{"taxonomy":"category","embeddable":true,"href":"https:\/\/www.mpal.mp.br\/index.php?rest_route=%2Fwp%2Fv2%2Fcategories&post=10517"},{"taxonomy":"post_tag","embeddable":true,"href":"https:\/\/www.mpal.mp.br\/index.php?rest_route=%2Fwp%2Fv2%2Ftags&post=10517"}],"curies":[{"name":"wp","href":"https:\/\/api.w.org\/{rel}","templated":true}]}}