{"id":10514,"date":"2016-06-14T10:24:47","date_gmt":"2016-06-14T13:24:47","guid":{"rendered":"https:\/\/www.mpal.mp.br\/?p=10514"},"modified":"2022-06-22T10:29:15","modified_gmt":"2022-06-22T13:29:15","slug":"em-nota-promotora-de-justica-critica-projeto-de-lei-que-altera-lei-maria-da-penha-movimentos-sociais-das-mulheres-foram-excluidos-do-debate-sobre-a-nova-legislacao","status":"publish","type":"post","link":"https:\/\/www.mpal.mp.br\/?p=10514","title":{"rendered":"Em nota, promotora de Justi\u00e7a critica projeto de lei que altera Lei Maria da Penha; movimentos sociais das mulheres foram exclu\u00eddos do debate sobre a nova legisla\u00e7\u00e3o"},"content":{"rendered":"<p style=\"text-align: justify;\"><span style=\"font-size: 14pt;\">A discuss\u00e3o sobre o projeto de lei da C\u00e2mara (PLC 7\/2016) que altera a Lei Maria da Penha (Lei 1.340\/2006) est\u00e1 em tramita\u00e7\u00e3o na Comiss\u00e3o de Constitui\u00e7\u00e3o, Justi\u00e7a e Cidadania do Senado Federal. Entre outras mudan\u00e7as, a medida permite que delegados de Pol\u00edcia decidam sobre o &#8220;deferimento&#8221; de medidas protetivas de urg\u00eancia, ap\u00f3s o registro de ocorr\u00eancia policial.<\/span><\/p>\n<p style=\"text-align: justify;\"><span style=\"font-size: 14pt;\">De acordo com a promotora de Justi\u00e7a Maria Jos\u00e9 Alves, que \u00e9 membro da Comiss\u00e3o de Promotores do Combate \u00e0 Viol\u00eancia Dom\u00e9stica e Familiar contra a Mulher (COPEVID), tal mudan\u00e7a baseia-se no falso argumento de ser isso mais c\u00e9lere que a Justi\u00e7a e, assim, as v\u00edtimas estariam mais seguras.<\/span><\/p>\n<p style=\"text-align: justify;\"><span style=\"font-size: 14pt;\">Veja abaixo a nota da titular da 38\u00aa Promotoria de Justi\u00e7a da Capital &#8211; Combate \u00e0 Viol\u00eancia Dom\u00e9stica e Familiar contra a Mulher na \u00edntegra:<\/span><\/p>\n<p style=\"text-align: justify;\"><span style=\"font-size: 14pt;\">&#8220;Cumprindo com meu dever de membro da Comiss\u00e3o de Promotores do Combate \u00e0 Viol\u00eancia Dom\u00e9stica e Familiar contra a Mulher (COPEVID), informo a todos que est\u00e1 tramitando o PL 07\/2016 na Comiss\u00e3o de Constitui\u00e7\u00e3o e Justi\u00e7a do Senado Federal, que visa modificar a Lei Maria da Penha, dando poderes aos delegados de pol\u00edcia para concederem, na delegacia, as medidas protetivas de urg\u00eancia \u00e0s mulheres v\u00edtimas de viol\u00eancia dom\u00e9stica e familiar, sob o falso argumento de ser mais c\u00e9lere que a justi\u00e7a e as v\u00edtimas estariam mais seguras.<\/span><\/p>\n<p style=\"text-align: justify;\"><span style=\"font-size: 14pt;\">Por causa dessa n\u00edtida ilegalidade, v\u00e1rios \u00f3rg\u00e3os institucionais emitiram notas t\u00e9cnicas firmando posicionamento contr\u00e1rio a essa aberrante altera\u00e7\u00e3o. O que nos causou maior estranheza \u00e9 este projeto de lei estar tramitando em regime de urg\u00eancia em raz\u00e3o de decis\u00e3o do relator, que sequer possibilitou a realiza\u00e7\u00e3o de audi\u00eancia p\u00fablica para que os movimentos sociais das mulheres pudessem discutir, com mais detalhes, as consequ\u00eancias jur\u00eddicas e de fato decorrentes dessa modifica\u00e7\u00e3o.<\/span><\/p>\n<p style=\"text-align: justify;\"><span style=\"font-size: 14pt;\">Os\/as promotores (as) de justi\u00e7a atentos e cuidadosos em preservar todos os direitos conquistados pela Lei Maria da Penha foram at\u00e9 Bras\u00edlia conversar com os senadores membros da CCJ para expor o preju\u00edzo que as mulheres sofreriam. As senadoras Vanessa Grazziotin e Marta Suplicy preocupadas com poss\u00edveis danos para as mulheres v\u00edtimas de viol\u00eancia dom\u00e9stica conseguiram adiar a vota\u00e7\u00e3o do PL de quarta-feira passada amanh\u00e3, dia 15 de junho, por entenderem ser necess\u00e1rio debater com a sociedade, por meio de realiza\u00e7\u00e3o de audi\u00eancia p\u00fablica, esse PL.<\/span><\/p>\n<p style=\"text-align: justify;\"><span style=\"font-size: 14pt;\">Todos os promotores de justi\u00e7a se comprometeram a entrar em contato com os movimentos sociais de seus estados e noticiar o que est\u00e1 ocorrendo e pedir para comparecerem no dia da vota\u00e7\u00e3o na CCJ do Senado Federal em Bras\u00edlia. Notas t\u00e9cnicas e os motivos que esclarecem os malef\u00edcios desse PL foram divulgadas pelo CNPG\/GNDH, CONAMP, AMB, FONAVID, CONDEGE. \u00c9 imprescind\u00edvel n\u00e3o confundir poder jurisdicional com investiga\u00e7\u00e3o, n\u00e3o se corrige omiss\u00e3o com ilegalidade.&#8221;<\/span><\/p>\n","protected":false},"excerpt":{"rendered":"<p> [&hellip;]<\/p>\n","protected":false},"author":4,"featured_media":10515,"comment_status":"open","ping_status":"open","sticky":false,"template":"","format":"standard","meta":{"om_disable_all_campaigns":false,"_monsterinsights_skip_tracking":false,"_monsterinsights_sitenote_active":false,"_monsterinsights_sitenote_note":"","_monsterinsights_sitenote_category":0,"_uf_show_specific_survey":0,"_uf_disable_surveys":false,"footnotes":""},"categories":[2],"tags":[],"class_list":["post-10514","post","type-post","status-publish","format-standard","has-post-thumbnail","hentry","category-not_mpal"],"aioseo_notices":[],"_links":{"self":[{"href":"https:\/\/www.mpal.mp.br\/index.php?rest_route=\/wp\/v2\/posts\/10514","targetHints":{"allow":["GET"]}}],"collection":[{"href":"https:\/\/www.mpal.mp.br\/index.php?rest_route=\/wp\/v2\/posts"}],"about":[{"href":"https:\/\/www.mpal.mp.br\/index.php?rest_route=\/wp\/v2\/types\/post"}],"author":[{"embeddable":true,"href":"https:\/\/www.mpal.mp.br\/index.php?rest_route=\/wp\/v2\/users\/4"}],"replies":[{"embeddable":true,"href":"https:\/\/www.mpal.mp.br\/index.php?rest_route=%2Fwp%2Fv2%2Fcomments&post=10514"}],"version-history":[{"count":1,"href":"https:\/\/www.mpal.mp.br\/index.php?rest_route=\/wp\/v2\/posts\/10514\/revisions"}],"predecessor-version":[{"id":10516,"href":"https:\/\/www.mpal.mp.br\/index.php?rest_route=\/wp\/v2\/posts\/10514\/revisions\/10516"}],"wp:featuredmedia":[{"embeddable":true,"href":"https:\/\/www.mpal.mp.br\/index.php?rest_route=\/wp\/v2\/media\/10515"}],"wp:attachment":[{"href":"https:\/\/www.mpal.mp.br\/index.php?rest_route=%2Fwp%2Fv2%2Fmedia&parent=10514"}],"wp:term":[{"taxonomy":"category","embeddable":true,"href":"https:\/\/www.mpal.mp.br\/index.php?rest_route=%2Fwp%2Fv2%2Fcategories&post=10514"},{"taxonomy":"post_tag","embeddable":true,"href":"https:\/\/www.mpal.mp.br\/index.php?rest_route=%2Fwp%2Fv2%2Ftags&post=10514"}],"curies":[{"name":"wp","href":"https:\/\/api.w.org\/{rel}","templated":true}]}}