{"id":10511,"date":"2016-06-16T10:20:53","date_gmt":"2016-06-16T13:20:53","guid":{"rendered":"https:\/\/www.mpal.mp.br\/?p=10511"},"modified":"2022-06-22T10:24:43","modified_gmt":"2022-06-22T13:24:43","slug":"promotora-de-justica-aborda-violencia-domestica-e-familiar-contra-mulher-em-seminario-da-secretaria-de-seguranca-publica","status":"publish","type":"post","link":"https:\/\/www.mpal.mp.br\/?p=10511","title":{"rendered":"Promotora de Justi\u00e7a aborda viol\u00eancia dom\u00e9stica e familiar contra mulher em semin\u00e1rio da Secretaria de Seguran\u00e7a P\u00fablica"},"content":{"rendered":"<p style=\"text-align: justify;\"><span style=\"font-size: 14pt;\">A promotora de Justi\u00e7a Stela Val\u00e9ria Cavalcanti representou, nesta quinta-feira (16), o Minist\u00e9rio P\u00fablico do Estado de Alagoas no 4\u00ba Semin\u00e1rio Alagoano de Atua\u00e7\u00e3o Policial frente a Prote\u00e7\u00e3o e Promo\u00e7\u00e3o dos Direitos dos Grupos Vulner\u00e1reis. Na ocasi\u00e3o, ela ministrou a palestra sobre a a\u00e7\u00e3o das Pol\u00edcias no enfrentamento \u00e0 viol\u00eancia dom\u00e9stica e familiar contra a mulher para um p\u00fablico formado por policiais militares e civis, bombeiros militares, agentes penitenci\u00e1rios e guardas municipais.<\/span><\/p>\n<p style=\"text-align: justify;\"><span style=\"font-size: 14pt;\">O semin\u00e1rio \u00e9 organizado pela Chefia de Ensino Integrado da Secretaria de Seguran\u00e7a P\u00fablica (SSP-AL) e est\u00e1 sendo realizado no audit\u00f3rio na sede do \u00f3rg\u00e3o, no centro de Macei\u00f3. O intuito \u00e9 esclarecer os dispositivos legais referentes aos grupos considerados vulner\u00e1veis, como crian\u00e7as, mulheres, adolescentes, negros, comunidade LGBTT (L\u00e9sbicas, Gays, Bissexuais, Transexuais e Travestis), pessoas com defici\u00eancia f\u00edsica ou sofrimento mental, idosos e popula\u00e7\u00e3o de rua.<\/span><\/p>\n<p style=\"text-align: justify;\"><span style=\"font-size: 14pt;\">\u201cA minha apresenta\u00e7\u00e3o teve uma abordagem te\u00f3rica e pr\u00e1tica, tirando d\u00favidas dos participantes. V\u00e1rios temas relativos \u00e0 viol\u00eancia dom\u00e9stica e familiar contra a mulher foram tratados, conceitos, tipos penais, atua\u00e7\u00e3o espec\u00edfica das pol\u00edcias, medidas protetivas e abordagem policial. Sensibilizando os participantes da import\u00e2ncia do atendimento humanizado\u201d, disse a promotora de Justi\u00e7a.<\/span><\/p>\n<p style=\"text-align: justify;\"><span style=\"font-size: 14pt;\">Os palestrantes dos cinco dias de semin\u00e1rio s\u00e3o profissionais especializados no assunto, oriundos de \u00f3rg\u00e3os como Conselho Estadual do Idoso, Secretaria Estadual de Direitos Humanos e das Mulheres, Centro de Defesa dos Direitos da Crian\u00e7a e Adolescente Zumbi dos Palmares, da Secretaria Estadual de Preven\u00e7\u00e3o \u00e0 Viol\u00eancia (Seprev), Secretaria Municipal de Direitos Humanos e da Sa\u00fade, Minist\u00e9rio P\u00fablico do Estado de Alagoas e Delegacia da Mulher.<\/span><\/p>\n","protected":false},"excerpt":{"rendered":"<p> [&hellip;]<\/p>\n","protected":false},"author":4,"featured_media":10512,"comment_status":"open","ping_status":"open","sticky":false,"template":"","format":"standard","meta":{"om_disable_all_campaigns":false,"_monsterinsights_skip_tracking":false,"_monsterinsights_sitenote_active":false,"_monsterinsights_sitenote_note":"","_monsterinsights_sitenote_category":0,"_uf_show_specific_survey":0,"_uf_disable_surveys":false,"footnotes":""},"categories":[2],"tags":[],"class_list":["post-10511","post","type-post","status-publish","format-standard","has-post-thumbnail","hentry","category-not_mpal"],"aioseo_notices":[],"_links":{"self":[{"href":"https:\/\/www.mpal.mp.br\/index.php?rest_route=\/wp\/v2\/posts\/10511","targetHints":{"allow":["GET"]}}],"collection":[{"href":"https:\/\/www.mpal.mp.br\/index.php?rest_route=\/wp\/v2\/posts"}],"about":[{"href":"https:\/\/www.mpal.mp.br\/index.php?rest_route=\/wp\/v2\/types\/post"}],"author":[{"embeddable":true,"href":"https:\/\/www.mpal.mp.br\/index.php?rest_route=\/wp\/v2\/users\/4"}],"replies":[{"embeddable":true,"href":"https:\/\/www.mpal.mp.br\/index.php?rest_route=%2Fwp%2Fv2%2Fcomments&post=10511"}],"version-history":[{"count":1,"href":"https:\/\/www.mpal.mp.br\/index.php?rest_route=\/wp\/v2\/posts\/10511\/revisions"}],"predecessor-version":[{"id":10513,"href":"https:\/\/www.mpal.mp.br\/index.php?rest_route=\/wp\/v2\/posts\/10511\/revisions\/10513"}],"wp:featuredmedia":[{"embeddable":true,"href":"https:\/\/www.mpal.mp.br\/index.php?rest_route=\/wp\/v2\/media\/10512"}],"wp:attachment":[{"href":"https:\/\/www.mpal.mp.br\/index.php?rest_route=%2Fwp%2Fv2%2Fmedia&parent=10511"}],"wp:term":[{"taxonomy":"category","embeddable":true,"href":"https:\/\/www.mpal.mp.br\/index.php?rest_route=%2Fwp%2Fv2%2Fcategories&post=10511"},{"taxonomy":"post_tag","embeddable":true,"href":"https:\/\/www.mpal.mp.br\/index.php?rest_route=%2Fwp%2Fv2%2Ftags&post=10511"}],"curies":[{"name":"wp","href":"https:\/\/api.w.org\/{rel}","templated":true}]}}