{"id":10508,"date":"2016-07-06T10:15:38","date_gmt":"2016-07-06T13:15:38","guid":{"rendered":"https:\/\/www.mpal.mp.br\/?p=10508"},"modified":"2022-06-22T10:20:46","modified_gmt":"2022-06-22T13:20:46","slug":"38a-promotoria-de-justica-da-capital-comemora-lancamento-de-video-sobre-o-papel-dos-profissionais-de-saude-no-combate-a-violencia-contra-mulher","status":"publish","type":"post","link":"https:\/\/www.mpal.mp.br\/?p=10508","title":{"rendered":"38\u00aa Promotoria de Justi\u00e7a da Capital comemora lan\u00e7amento de v\u00eddeo sobre o papel dos profissionais de sa\u00fade no combate \u00e0 viol\u00eancia contra mulher"},"content":{"rendered":"<p style=\"text-align: justify;\"><span style=\"font-size: 14pt;\">O Minist\u00e9rio P\u00fablico do Estado de Alagoas, por meio da 38\u00aa Promotoria de Justi\u00e7a da Capital, que trata de viol\u00eancia dom\u00e9stica e familiar contra a mulher, comemorou o lan\u00e7amento do novo v\u00eddeo do Conselho Federal de Psicologia. Intitulado \u201cViol\u00eancia contra as mulheres: o que os profissionais de sa\u00fade t\u00eam a ver com isso?\u201d, a realiza\u00e7\u00e3o audiovisual discute o papel dessas pessoas no que se refere ao tratamento oferecido \u00e0s v\u00edtimas no pa\u00eds.<\/span><\/p>\n<p style=\"text-align: justify;\"><span style=\"font-size: 14pt;\">Uma das principais vias de identifica\u00e7\u00e3o desse tipo de agress\u00e3o est\u00e1 em locais de atendimento \u00e0 sa\u00fade, como hospitais, ambulat\u00f3rios e na rede de aten\u00e7\u00e3o \u00e0 sa\u00fade mental. Por esse motivo, a pe\u00e7a pretende apresentar ao p\u00fablico, com foco nos profissionais da \u00e1rea, aspectos como o impacto da viol\u00eancia na sa\u00fade mental, a Lei Maria da Penha, quais os servi\u00e7os dispon\u00edveis para atendimento na rede e o que o profissional de sa\u00fade deve fazer ao se deparar com uma situa\u00e7\u00e3o de viol\u00eancia contra a mulher.<\/span><\/p>\n<p style=\"text-align: justify;\" align=\"JUSTIFY\"><span style=\"font-size: 14pt;\">Para a promotora de Justi\u00e7a Maria Jos\u00e9 Alves, a responsabilidade por enfrentar problemas sociais como a viol\u00eancia dom\u00e9stica e familiar vai al\u00e9m dos operadores do direito penal ou processual penal, principalmente se o objetivo for garantir uma \u201cretaguarda\u201d maior para a v\u00edtima, a partir do primeiro contato com ela, como ocorre no atendimento em unidades de sa\u00fade.<\/span><\/p>\n<p style=\"text-align: justify;\" align=\"JUSTIFY\"><span style=\"font-size: 14pt;\">\u201cQuando os profissionais de sa\u00fade t\u00eam um olhar diferenciado perante seu paciente, percebe-se que as justificativas pela procurar repetitiva de postos de atendimento s\u00e3o, na verdade, desculpas para encobrir a viol\u00eancia contra a mulher. Em certo epis\u00f3dio, uma m\u00e9dica descobriu que a fratura de um dos bra\u00e7os da v\u00edtima era provocada por pancadas de cabo de vassoura, ao tentar se defender do c\u00f4njuge, e n\u00e3o porque ca\u00eda constantemente. Quer dizer, se o enfermeiro, terapeuta, cl\u00ednico abra\u00e7arem a causa, a rede de prote\u00e7\u00e3o \u00e0 mulher cresce. Juntos, podemos fazer mais do que fazemos hoje\u201d, disse a titular da\u00a038\u00aa Promotoria de Justi\u00e7a da Capital.<\/span><\/p>\n<p style=\"text-align: justify;\" align=\"JUSTIFY\"><span style=\"font-size: 14pt;\"><strong>Viol\u00eancia psicol\u00f3gica<\/strong><\/span><\/p>\n<p style=\"text-align: justify;\"><span style=\"font-size: 14pt;\">O v\u00eddeo tamb\u00e9m mostra que h\u00e1 cinco tipos de viol\u00eancias contra a mulher, que s\u00e3o a f\u00edsica, sexual, patrimonial, moral e psicol\u00f3gica. Sobre esta o juiz do Tribunal de Justi\u00e7a do Distrito Federal e dos Territ\u00f3rios (TJDFT), Ben-hur Viza, considera que ela causa tanto ou mais dano quanto a viol\u00eancia. O promotor de Justi\u00e7a do MPDFT, Thiago Pierobon, segue a mesma linha de pensamento:<\/span><\/p>\n<p style=\"text-align: justify;\"><span style=\"font-size: 14pt;\">&#8220;A viol\u00eancia psicol\u00f3gica \u00e9 uma viola\u00e7\u00e3o dos direitos humanos e merece uma atua\u00e7\u00e3o protetiva dos profissionais da \u00e1rea de sa\u00fade e de responsabiliza\u00e7\u00e3o do sistema de justi\u00e7a&#8221;, disse o membro do Minist\u00e9rio P\u00fablico. Para Pierobon, o pa\u00eds vive uma &#8220;epidemia&#8221; de viol\u00eancia contra a mulher tamanho s\u00e3o os \u00edndices desta pr\u00e1tica criminosa.<\/span><\/p>\n<p style=\"text-align: justify;\"><span style=\"font-size: 14pt;\">A produ\u00e7\u00e3o contou com o apoio do N\u00facleo de G\u00eanero Pr\u00f3-Mulher do Minist\u00e9rio P\u00fablico do Distrito Federal e Territ\u00f3rios, Grupo Sa\u00fade Mental e G\u00eanero da Universidade de Bras\u00edlia, Centro Judici\u00e1rio da Mulher, Tribunal de Justi\u00e7a do Distrito Federal e Territ\u00f3rios e Governo de Bras\u00edlia.<\/span><\/p>\n<p style=\"text-align: justify;\"><span style=\"font-size: 14pt;\">Confira o v\u00eddeo completo\u00a0<a href=\"https:\/\/www.youtube.com\/watch?v=084Z58rI8rE&amp;app=desktop\">aqui<\/a>.<\/span><\/p>\n<p style=\"text-align: justify;\"><span style=\"font-size: 14pt;\"><strong>Mapa da viol\u00eancia<\/strong><\/span><\/p>\n<p style=\"text-align: justify;\"><span style=\"font-size: 14pt;\">Dados do Mapa da Viol\u00eancia de 2015 mostram que entre 2003 e 2013, o n\u00famero de v\u00edtimas de homic\u00eddio do sexo feminino passou de 3.937 para 4.762; um aumento de 21% na d\u00e9cada. O pa\u00eds tem taxa de 4,8 homic\u00eddios por cada 100 mil mulheres, a quinta maior do mundo em um ranking com 83 pa\u00edses, segundo a Organiza\u00e7\u00e3o Mundial da Sa\u00fade (OMS).<\/span><\/p>\n<p style=\"text-align: justify;\"><span style=\"font-size: 14pt;\">O Mapa mostra ainda que, em 2014, o Sistema \u00danico de Sa\u00fade (SUS) atendeu a 23.630 mulheres v\u00edtimas de viol\u00eancia sexual. Dados da Central de Atendimento \u00e0 Mulher, o Ligue 180 (servi\u00e7o da Secretaria de Pol\u00edticas para Mulheres), registrou em 2015 cerca de dez casos de viol\u00eancia sexual por dia, com um aumento de 165,27% no n\u00famero de estupros em rela\u00e7\u00e3o ao levantamento anterior, computando a m\u00e9dia de oito estupros por dia, um a cada tr\u00eas horas.<\/span><\/p>\n<p style=\"text-align: justify;\"><span style=\"font-size: 14pt;\">O Conselho Federal de Psicologia \u00e9 uma autarquia federal que orienta, fiscaliza e disciplina a profiss\u00e3o de psic\u00f3logo.<\/span><\/p>\n","protected":false},"excerpt":{"rendered":"<p> [&hellip;]<\/p>\n","protected":false},"author":4,"featured_media":10509,"comment_status":"open","ping_status":"open","sticky":false,"template":"","format":"standard","meta":{"om_disable_all_campaigns":false,"_monsterinsights_skip_tracking":false,"_monsterinsights_sitenote_active":false,"_monsterinsights_sitenote_note":"","_monsterinsights_sitenote_category":0,"_uf_show_specific_survey":0,"_uf_disable_surveys":false,"footnotes":""},"categories":[2],"tags":[],"class_list":["post-10508","post","type-post","status-publish","format-standard","has-post-thumbnail","hentry","category-not_mpal"],"aioseo_notices":[],"_links":{"self":[{"href":"https:\/\/www.mpal.mp.br\/index.php?rest_route=\/wp\/v2\/posts\/10508","targetHints":{"allow":["GET"]}}],"collection":[{"href":"https:\/\/www.mpal.mp.br\/index.php?rest_route=\/wp\/v2\/posts"}],"about":[{"href":"https:\/\/www.mpal.mp.br\/index.php?rest_route=\/wp\/v2\/types\/post"}],"author":[{"embeddable":true,"href":"https:\/\/www.mpal.mp.br\/index.php?rest_route=\/wp\/v2\/users\/4"}],"replies":[{"embeddable":true,"href":"https:\/\/www.mpal.mp.br\/index.php?rest_route=%2Fwp%2Fv2%2Fcomments&post=10508"}],"version-history":[{"count":1,"href":"https:\/\/www.mpal.mp.br\/index.php?rest_route=\/wp\/v2\/posts\/10508\/revisions"}],"predecessor-version":[{"id":10510,"href":"https:\/\/www.mpal.mp.br\/index.php?rest_route=\/wp\/v2\/posts\/10508\/revisions\/10510"}],"wp:featuredmedia":[{"embeddable":true,"href":"https:\/\/www.mpal.mp.br\/index.php?rest_route=\/wp\/v2\/media\/10509"}],"wp:attachment":[{"href":"https:\/\/www.mpal.mp.br\/index.php?rest_route=%2Fwp%2Fv2%2Fmedia&parent=10508"}],"wp:term":[{"taxonomy":"category","embeddable":true,"href":"https:\/\/www.mpal.mp.br\/index.php?rest_route=%2Fwp%2Fv2%2Fcategories&post=10508"},{"taxonomy":"post_tag","embeddable":true,"href":"https:\/\/www.mpal.mp.br\/index.php?rest_route=%2Fwp%2Fv2%2Ftags&post=10508"}],"curies":[{"name":"wp","href":"https:\/\/api.w.org\/{rel}","templated":true}]}}