{"id":10505,"date":"2016-08-23T10:11:51","date_gmt":"2016-08-23T13:11:51","guid":{"rendered":"https:\/\/www.mpal.mp.br\/?p=10505"},"modified":"2022-06-22T10:15:31","modified_gmt":"2022-06-22T13:15:31","slug":"ao-som-de-cancao-premiada-promotora-de-justica-apresenta-lei-maria-da-penha-para-estudantes-da-rede-publica-de-ensino","status":"publish","type":"post","link":"https:\/\/www.mpal.mp.br\/?p=10505","title":{"rendered":"Ao som de can\u00e7\u00e3o premiada, promotora de Justi\u00e7a apresenta Lei Maria da Penha para estudantes da rede p\u00fablica de ensino"},"content":{"rendered":"<p style=\"text-align: justify;\"><span style=\"font-size: 14pt;\">Pela 5\u00aa edi\u00e7\u00e3o da Campanha Justi\u00e7a pela Paz em Casa, a promotora de Justi\u00e7a Maria Jos\u00e9 Alves da Silva promoveu, nesta segunda-feira (23), a palestra \u201cPrazer, Sou a Lei Maria da Penha\u201d para 300 estudantes de escolas p\u00fablicas na Escola Superior da Magistratura do Estado de Alagoas (Esmal). A forma\u00e7\u00e3o tamb\u00e9m faz parte do programa Justi\u00e7a e Cidadania na Escola promovido pela entidade do Poder Judici\u00e1rio.<\/span><\/p>\n<p style=\"text-align: justify;\"><span style=\"font-size: 14pt;\">Na palestra, a promotora de Justi\u00e7a apresentou de forma did\u00e1tica temas relacionados \u00e0 Lei Maria da Penha, a exemplo da origem do nome da legisla\u00e7\u00e3o, dos tipos de viol\u00eancia dom\u00e9stica e como o Estado age em defesa da v\u00edtima por meio de uma rede de atendimento integrada com v\u00e1rios \u00f3rg\u00e3os p\u00fablicos, al\u00e9m da quest\u00e3o de g\u00eanero. \u201cA lei incide sempre que a viol\u00eancia tiver por base uma a\u00e7\u00e3o ou omiss\u00e3o relacionada \u00e0 quest\u00e3o de g\u00eanero, independentemente de orienta\u00e7\u00e3o sexual\u201d, explicou a representante do Minist\u00e9rio P\u00fablico do Estado de Alagoas<\/span><\/p>\n<p style=\"text-align: justify;\"><span style=\"font-size: 14pt;\">\u201cEntendo que se quisermos mudar essa cultura do machismo, sexismo, misoginia e estupro impregnada na nossa sociedade, devemos come\u00e7ar pelos mais jovens. \u00c9 uma mudan\u00e7a mais lenta? \u00c9! Mas \u00e9 a \u00fanica mudan\u00e7a efetivamente capaz de transformar, mudar e alterar posturas e comportamentos arraigados em nossa sociedade\u201d, completou a promotora de Justi\u00e7a, que comemorou a participa\u00e7\u00e3o dos estudantes no debate ap\u00f3s a explana\u00e7\u00e3o do tema, observando que muitos deles, quando faziam seus questionamentos, falavam sobre os pr\u00f3prios dramas.<\/span><\/p>\n<p style=\"text-align: justify;\"><span style=\"font-size: 14pt;\">Participaram do evento acad\u00eamicos da nona s\u00e9rie do Ensino Fundamental, das escolas Prof\u00aa Gilvana Ata\u00edde Cavalcante Cabral, Maria Ivone Santos de Oliveira e Teot\u00f4nio Viela, pela rede estadual de ensino, e das escolas Prof\u00aa Hevia Valeria Maia Amorim, K\u00e1tia Pimentel Assun\u00e7\u00e3o e Senador Arnon de Melo, pela rede municipal. A representante do MPE\/AL elogiou diretores, professores e equipe t\u00e9cnica das escolas que participaram ativamente da atividade, em virtude do &#8220;est\u00edmulo&#8221; dado aos estudantes.<\/span><\/p>\n<p style=\"text-align: justify;\"><span style=\"font-size: 14pt;\"><strong>Can\u00e7\u00e3o premiada<\/strong><\/span><\/p>\n<p style=\"text-align: justify;\"><span style=\"font-size: 14pt;\">Por conta da faixa et\u00e1ria do p\u00fablico-alvo da palestra, de 15 a 17 anos, a promotora de Justi\u00e7a Maria Jos\u00e9 Alves apresentou o rock \u201c<a href=\"https:\/\/www.youtube.com\/watch?v=6fSV6uhUw9w\">Ligue 180<\/a>\u201d \u2013 uma refer\u00eancia ao n\u00famero nacional que recebe den\u00fancias de agress\u00f5es contra a mulher \u2013, da cantora Fernanda Azevedo.<\/span><\/p>\n<p style=\"text-align: justify;\"><span style=\"font-size: 14pt;\">Ao lado do rap \u201c<a href=\"https:\/\/www.youtube.com\/watch?v=gO2pmqIFVNo\">Lei Maria da Penha<\/a>\u201d, das DJs Luana Hansen e Drika Ferreira, a\u00a0can\u00e7\u00e3o recebeu um dos pr\u00eamios do concurso musical sobre a Lei Maria da Penha promovido pelo Banco Mundial, em parceria com o Congresso Nacional, para celebrar a luta contra a viol\u00eancia dom\u00e9stica e conscientizar a popula\u00e7\u00e3o brasileira a respeito da discrimina\u00e7\u00e3o de g\u00eanero. Em 2016, a Lei Maria da Penha completou 10 anos de vig\u00eancia.<\/span><\/p>\n<p style=\"text-align: justify;\"><span style=\"font-size: 14pt;\">A iniciativa recebeu 190 composi\u00e7\u00f5es e escolheu cinco can\u00e7\u00f5es vencedoras que foram premiadas com a grava\u00e7\u00e3o de videoclipes. Outras 15 m\u00fasicas inscritas foram contempladas e gravadas num CD junto com as campe\u00e3s.<\/span><\/p>\n<p style=\"text-align: justify;\"><span style=\"font-size: 14pt;\">Recentemente, a cantora Elza Soares chamou a aten\u00e7\u00e3o dos brasileiros para a viol\u00eancia dom\u00e9stica com a m\u00fasica &#8220;<a href=\"https:\/\/www.youtube.com\/watch?v=Kk9Msq05SRM\">Maria da Vila Matilde<\/a>&#8220;, que integra o \u00e1lbum &#8220;A Mulher do Fim do Mundo&#8221;.<\/span><\/p>\n","protected":false},"excerpt":{"rendered":"<p> [&hellip;]<\/p>\n","protected":false},"author":4,"featured_media":10506,"comment_status":"open","ping_status":"open","sticky":false,"template":"","format":"standard","meta":{"om_disable_all_campaigns":false,"_monsterinsights_skip_tracking":false,"_monsterinsights_sitenote_active":false,"_monsterinsights_sitenote_note":"","_monsterinsights_sitenote_category":0,"_uf_show_specific_survey":0,"_uf_disable_surveys":false,"footnotes":""},"categories":[2],"tags":[],"class_list":["post-10505","post","type-post","status-publish","format-standard","has-post-thumbnail","hentry","category-not_mpal"],"aioseo_notices":[],"_links":{"self":[{"href":"https:\/\/www.mpal.mp.br\/index.php?rest_route=\/wp\/v2\/posts\/10505","targetHints":{"allow":["GET"]}}],"collection":[{"href":"https:\/\/www.mpal.mp.br\/index.php?rest_route=\/wp\/v2\/posts"}],"about":[{"href":"https:\/\/www.mpal.mp.br\/index.php?rest_route=\/wp\/v2\/types\/post"}],"author":[{"embeddable":true,"href":"https:\/\/www.mpal.mp.br\/index.php?rest_route=\/wp\/v2\/users\/4"}],"replies":[{"embeddable":true,"href":"https:\/\/www.mpal.mp.br\/index.php?rest_route=%2Fwp%2Fv2%2Fcomments&post=10505"}],"version-history":[{"count":1,"href":"https:\/\/www.mpal.mp.br\/index.php?rest_route=\/wp\/v2\/posts\/10505\/revisions"}],"predecessor-version":[{"id":10507,"href":"https:\/\/www.mpal.mp.br\/index.php?rest_route=\/wp\/v2\/posts\/10505\/revisions\/10507"}],"wp:featuredmedia":[{"embeddable":true,"href":"https:\/\/www.mpal.mp.br\/index.php?rest_route=\/wp\/v2\/media\/10506"}],"wp:attachment":[{"href":"https:\/\/www.mpal.mp.br\/index.php?rest_route=%2Fwp%2Fv2%2Fmedia&parent=10505"}],"wp:term":[{"taxonomy":"category","embeddable":true,"href":"https:\/\/www.mpal.mp.br\/index.php?rest_route=%2Fwp%2Fv2%2Fcategories&post=10505"},{"taxonomy":"post_tag","embeddable":true,"href":"https:\/\/www.mpal.mp.br\/index.php?rest_route=%2Fwp%2Fv2%2Ftags&post=10505"}],"curies":[{"name":"wp","href":"https:\/\/api.w.org\/{rel}","templated":true}]}}