{"id":10493,"date":"2016-10-20T09:50:25","date_gmt":"2016-10-20T11:50:25","guid":{"rendered":"https:\/\/www.mpal.mp.br\/?p=10493"},"modified":"2022-06-22T09:53:38","modified_gmt":"2022-06-22T12:53:38","slug":"promotora-de-justica-fala-sobre-direitos-humanos-das-mulheres-em-seminario","status":"publish","type":"post","link":"https:\/\/www.mpal.mp.br\/?p=10493","title":{"rendered":"Promotora de Justi\u00e7a fala sobre direitos humanos das mulheres em semin\u00e1rio"},"content":{"rendered":"<p style=\"text-align: justify;\"><span style=\"font-size: 14pt;\">A promotora de Justi\u00e7a Stela Val\u00e9ria Soares de Farias Cavalcanti participa, nesta quinta-feira (20), do III Semin\u00e1rio de Direito Contempor\u00e2neo. Sob o comando da Coordena\u00e7\u00e3o do Curso de Direito da Faculdade da Cidade de Macei\u00f3 (Facima), o evento ser\u00e1 realizado no audit\u00f3rio da Casa da Ind\u00fastria, no Farol, a partir das 17h.<\/span><\/p>\n<p style=\"text-align: justify;\"><span style=\"font-size: 14pt;\">A representante do Minist\u00e9rio P\u00fablico do Estado de Alagoas (MPE\/AL) ministrar\u00e1 a palestra \u201cOs direitos humanos das mulheres no contexto internacional\u201d, onde abordar\u00e1 as v\u00e1rias viol\u00eancias existentes contra o g\u00eanero, a exemplo do feminic\u00eddio.<\/span><\/p>\n<p style=\"text-align: justify;\"><span style=\"font-size: 14pt;\">\u201cSobre os direitos humanos das mulheres, tamb\u00e9m vou abordar como a viol\u00eancia dom\u00e9stica vem sendo tratada no Brasil e como outras viol\u00eancias afligem mulheres do mundo todo, a partir de estupros, tr\u00e1ficos de pessoas e mutila\u00e7\u00f5es, que muitas vezes contam com coniv\u00eancia da fam\u00edlia e do Estado. S\u00e3o temas importantes, de interesse do p\u00fablico\u201d, destaca a promotora de Justi\u00e7a.<\/span><\/p>\n<p style=\"text-align: justify;\"><span style=\"font-size: 14pt;\">Ao final da palestra, Stella Val\u00e9ria discorrer\u00e1 sobre as pol\u00edticas p\u00fablicas existentes no pa\u00eds para prote\u00e7\u00e3o da mulher e as formas como o Estado pode agir contra a viol\u00eancia de g\u00eanero no Brasil.<\/span><\/p>\n<p style=\"text-align: justify;\"><span style=\"font-size: 14pt;\">Al\u00e9m da promotora de Justi\u00e7a, estar\u00e3o presentes o procurador do Estado de Alagoas Jos\u00e9 Roberto Fernandes Teixeira, que falar\u00e1 sobre a \u201cCoisa julgada da quest\u00e3o prejudicial\u201d, e o juiz de Direito Ricardo Jorge Cavalcante Lima, a quem compete palestrar sobre \u201cA banaliza\u00e7\u00e3o do dano moral na lei 9.099\/95\u201d.<\/span><\/p>\n<p style=\"text-align: justify;\"><span style=\"font-size: 14pt;\">Para participar do evento, o interessado deve se inscrever na coordena\u00e7\u00e3o do curso de Direito da Facima. Haver\u00e1 certificados de cinco horas para os participantes do semin\u00e1rio.<\/span><\/p>\n","protected":false},"excerpt":{"rendered":"<p> [&hellip;]<\/p>\n","protected":false},"author":4,"featured_media":10496,"comment_status":"open","ping_status":"open","sticky":false,"template":"","format":"standard","meta":{"om_disable_all_campaigns":false,"_monsterinsights_skip_tracking":false,"_monsterinsights_sitenote_active":false,"_monsterinsights_sitenote_note":"","_monsterinsights_sitenote_category":0,"_uf_show_specific_survey":0,"_uf_disable_surveys":false,"footnotes":""},"categories":[2],"tags":[],"class_list":["post-10493","post","type-post","status-publish","format-standard","has-post-thumbnail","hentry","category-not_mpal"],"aioseo_notices":[],"_links":{"self":[{"href":"https:\/\/www.mpal.mp.br\/index.php?rest_route=\/wp\/v2\/posts\/10493","targetHints":{"allow":["GET"]}}],"collection":[{"href":"https:\/\/www.mpal.mp.br\/index.php?rest_route=\/wp\/v2\/posts"}],"about":[{"href":"https:\/\/www.mpal.mp.br\/index.php?rest_route=\/wp\/v2\/types\/post"}],"author":[{"embeddable":true,"href":"https:\/\/www.mpal.mp.br\/index.php?rest_route=\/wp\/v2\/users\/4"}],"replies":[{"embeddable":true,"href":"https:\/\/www.mpal.mp.br\/index.php?rest_route=%2Fwp%2Fv2%2Fcomments&post=10493"}],"version-history":[{"count":1,"href":"https:\/\/www.mpal.mp.br\/index.php?rest_route=\/wp\/v2\/posts\/10493\/revisions"}],"predecessor-version":[{"id":10497,"href":"https:\/\/www.mpal.mp.br\/index.php?rest_route=\/wp\/v2\/posts\/10493\/revisions\/10497"}],"wp:featuredmedia":[{"embeddable":true,"href":"https:\/\/www.mpal.mp.br\/index.php?rest_route=\/wp\/v2\/media\/10496"}],"wp:attachment":[{"href":"https:\/\/www.mpal.mp.br\/index.php?rest_route=%2Fwp%2Fv2%2Fmedia&parent=10493"}],"wp:term":[{"taxonomy":"category","embeddable":true,"href":"https:\/\/www.mpal.mp.br\/index.php?rest_route=%2Fwp%2Fv2%2Fcategories&post=10493"},{"taxonomy":"post_tag","embeddable":true,"href":"https:\/\/www.mpal.mp.br\/index.php?rest_route=%2Fwp%2Fv2%2Ftags&post=10493"}],"curies":[{"name":"wp","href":"https:\/\/api.w.org\/{rel}","templated":true}]}}