{"id":10487,"date":"2013-05-24T09:47:10","date_gmt":"2013-05-24T12:47:10","guid":{"rendered":"https:\/\/www.mpal.mp.br\/?p=10487"},"modified":"2022-06-22T09:48:12","modified_gmt":"2022-06-22T12:48:12","slug":"operacao-do-gecoc-apreende-drogas-na-forene-quatro-pessoas-foram-presas","status":"publish","type":"post","link":"https:\/\/www.mpal.mp.br\/?p=10487","title":{"rendered":"Opera\u00e7\u00e3o do Gecoc apreende drogas na Forene; quatro pessoas foram presas"},"content":{"rendered":"<p style=\"text-align: justify;\"><span style=\"font-size: 14pt;\">O Grupo Estadual de Combate \u00e0s Organiza\u00e7\u00f5es Criminosas (Gecoc), do Minist\u00e9rio P\u00fablico do Estado de Alagoas, realizou na tarde desta sexta-feira (24) uma opera\u00e7\u00e3o no bairro da Forene com o apoio da da Radiopatrulha e da 2\u00aa se\u00e7\u00e3o do Estado Maior da Pol\u00edcia Militar. Foram cumpridos seis mandados de busca e apreens\u00e3o expedidos pela 17\u00aa Vara Criminal da Capital, que resultaram na pris\u00e3o em flagrante de quatro pessoas e apreens\u00e3o de R$ 8,2 mil, dois quilos de crack e 1,5 de coca\u00edna.<\/span><\/p>\n<p style=\"text-align: justify;\"><span style=\"font-size: 14pt;\">Wellington Ferreira, acusado de ser o l\u00edder do bando, foi preso em casa, junto com a esposa, identificada apenas como Carla Patr\u00edcia. Um ve\u00edculo zero Km, da marca Renault, foi apreendido na resid\u00eancia do casal.\u00a0Com eles, o Gecoc ainda aprendeu drogas. Uma mulher identificada como Rosita tamb\u00e9m foi presa. Ela estava com duas armas, uma pistola Glock e um rev\u00f3lver 38, e parte da coca\u00edna. O \u00faltimo preso em flagrante foi um jovem chamado Erick. Ele escondia uma moto CG nova e outra parte dos entorpecentes. Presos e material apreendidos foram encaminhados \u00e0 sede da Central de Pol\u00edcia, no Prado.<\/span><\/p>\n<p style=\"text-align: justify;\"><span style=\"font-size: 14pt;\">A opera\u00e7\u00e3o foi um desdobramento da \u00faltima a\u00e7\u00e3o de combate ao tr\u00e1fico de entorpecentes comandada em abril pelo Gecoc, quando 48 kg de maconha, mais seis kg de pasta b\u00e1sica de coca\u00edna, e mais R$ 43 mil em esp\u00e9cie foram apreendidas nos bairros do Farol e da Santa L\u00facia, em Macei\u00f3. A quadrilha vinha sendo investigada h\u00e1 dois meses e liderava esse tipo de crime em v\u00e1rios bairros da parte alta da cidade.<\/span><\/p>\n","protected":false},"excerpt":{"rendered":"<p> [&hellip;]<\/p>\n","protected":false},"author":2,"featured_media":9722,"comment_status":"open","ping_status":"open","sticky":false,"template":"","format":"standard","meta":{"om_disable_all_campaigns":false,"_monsterinsights_skip_tracking":false,"_monsterinsights_sitenote_active":false,"_monsterinsights_sitenote_note":"","_monsterinsights_sitenote_category":0,"_uf_show_specific_survey":0,"_uf_disable_surveys":false,"footnotes":""},"categories":[23],"tags":[],"class_list":["post-10487","post","type-post","status-publish","format-standard","has-post-thumbnail","hentry","category-not_gaeco"],"aioseo_notices":[],"_links":{"self":[{"href":"https:\/\/www.mpal.mp.br\/index.php?rest_route=\/wp\/v2\/posts\/10487","targetHints":{"allow":["GET"]}}],"collection":[{"href":"https:\/\/www.mpal.mp.br\/index.php?rest_route=\/wp\/v2\/posts"}],"about":[{"href":"https:\/\/www.mpal.mp.br\/index.php?rest_route=\/wp\/v2\/types\/post"}],"author":[{"embeddable":true,"href":"https:\/\/www.mpal.mp.br\/index.php?rest_route=\/wp\/v2\/users\/2"}],"replies":[{"embeddable":true,"href":"https:\/\/www.mpal.mp.br\/index.php?rest_route=%2Fwp%2Fv2%2Fcomments&post=10487"}],"version-history":[{"count":1,"href":"https:\/\/www.mpal.mp.br\/index.php?rest_route=\/wp\/v2\/posts\/10487\/revisions"}],"predecessor-version":[{"id":10489,"href":"https:\/\/www.mpal.mp.br\/index.php?rest_route=\/wp\/v2\/posts\/10487\/revisions\/10489"}],"wp:featuredmedia":[{"embeddable":true,"href":"https:\/\/www.mpal.mp.br\/index.php?rest_route=\/wp\/v2\/media\/9722"}],"wp:attachment":[{"href":"https:\/\/www.mpal.mp.br\/index.php?rest_route=%2Fwp%2Fv2%2Fmedia&parent=10487"}],"wp:term":[{"taxonomy":"category","embeddable":true,"href":"https:\/\/www.mpal.mp.br\/index.php?rest_route=%2Fwp%2Fv2%2Fcategories&post=10487"},{"taxonomy":"post_tag","embeddable":true,"href":"https:\/\/www.mpal.mp.br\/index.php?rest_route=%2Fwp%2Fv2%2Ftags&post=10487"}],"curies":[{"name":"wp","href":"https:\/\/api.w.org\/{rel}","templated":true}]}}