{"id":10481,"date":"2013-06-13T09:43:50","date_gmt":"2013-06-13T12:43:50","guid":{"rendered":"https:\/\/www.mpal.mp.br\/?p=10481"},"modified":"2022-06-22T09:46:27","modified_gmt":"2022-06-22T12:46:27","slug":"foragido-da-justica-ha-7-sete-anos-thiago-da-vera-cruz-e-preso-pelo-gecoc","status":"publish","type":"post","link":"https:\/\/www.mpal.mp.br\/?p=10481","title":{"rendered":"Foragido da Justi\u00e7a h\u00e1 7 sete anos, Thiago da Vera Cruz \u00e9 preso pelo Gecoc"},"content":{"rendered":"<p style=\"text-align: justify;\"><span style=\"font-size: 14pt;\">Uma opera\u00e7\u00e3o coordenada pelo Grupo Estadual de Combate \u00e0s Organiza\u00e7\u00f5es Criminosas do Minist\u00e9rio P\u00fablico Estadual (Gecoc), em parceria com o Servi\u00e7o de Intelig\u00eancia (P2) da Pol\u00edcia Militar e a Radiopatrulha, prendeu, no final da manh\u00e3 desta quinta-feira (13), o jovem Thiago Alexandre da Vera Cruz, de 31 anos. Ele \u00e9 acusado do cometimento de tr\u00eas assassinatos e ainda est\u00e1 sendo investigado pela pr\u00e1tica de outros quatro homic\u00eddios. O jovem fugiu de Alagoas desde 2006 e, em 2010, foi julgado \u00e0 revelia e condenado h\u00e1 26 anos de pris\u00e3o por um duplo assassinato.<\/span><\/p>\n<p style=\"text-align: justify;\"><span style=\"font-size: 14pt;\">Thiago Alexandre da Vera Cruz, que estaria ocupando um cargo pol\u00edtico em Recife, chegara em Macei\u00f3 na madrugada desta quinta, e, no final da manh\u00e3, quando estava indo \u00e0 casa de um parente, foi abordado pelo promotor de Justi\u00e7a Alfredo Gaspar de Mendon\u00e7a Neto, e os policiais que faziam parte da opera\u00e7\u00e3o. Ele n\u00e3o reagiu a pris\u00e3o e foi preso em flagrante delito porque, no momento, portava documentos falsos.<\/span><\/p>\n<p style=\"text-align: justify;\"><span style=\"font-size: 14pt;\">Thiago Eduardo de Melo Costa era o nome fict\u00edcio que estava sendo utilizado pelo acusado em tr\u00eas documentos: carteira de identidade, carteira nacional de habilita\u00e7\u00e3o e t\u00edtulo de eleitor. Por conta dessa pr\u00e1tica ele ser\u00e1 denunciado pelo crime de uso de documento falso.<\/span><\/p>\n<p style=\"text-align: justify;\"><span style=\"font-size: 14pt;\"><strong>Homic\u00eddios atribu\u00eddos ao acusado<\/strong><\/span><\/p>\n<p style=\"text-align: justify;\"><span style=\"font-size: 14pt;\">Thiago Alexandre da Vera Cruz, mais conhecido como \u201cThiago Lampi\u00e3o\u201d e filho do ex-prefeito de Campo Grande, Cyro da Vera Cruz, foi condenado, em 2010, pela autoria material de dois assassinatos. As v\u00edtimas foram M\u00edlton Muniz e Genaldo Ferreira e perderam a vida num atentado que ocorreu no dia 12 de outubro de 2002.<\/span><\/p>\n<p style=\"text-align: justify;\"><span style=\"font-size: 14pt;\">\u201cO motivo foi f\u00fatil, tanto que, o juiz Maur\u00edcio Breda o sentenciou h\u00e1 mais de 30 anos de pris\u00e3o. A pena s\u00f3 foi diminu\u00edda para 26 anos por causa de uma decis\u00e3o do Supremo Tribunal Federal. O Thiago at\u00e9 tenta se defender, dizendo que outras duas pessoas assumiram o crime. Entretanto, \u00e9 preciso esclarecer que, arranjar pessoas para assumir as a\u00e7\u00f5es il\u00edcitas cometidas por ele, \u00e9 uma pr\u00e1tica do acusado. O processo tem provas concretas da periculosidade do r\u00e9u, inclusive com testemunhas que o reconheceram. Por isso, para o Minist\u00e9rio P\u00fablico, n\u00e3o h\u00e1 d\u00favidas de que ele foi o autor dos assassinatos\u201d, explicou o coordenador do Gecoc, Alfredo Gaspar de Mendon\u00e7a Neto.<\/span><\/p>\n<p style=\"text-align: justify;\"><span style=\"font-size: 14pt;\">Quando da condena\u00e7\u00e3o, Thiago foi julgado \u00e0 revelia porque se encontrava na condi\u00e7\u00e3o de foragido.<\/span><\/p>\n<p style=\"text-align: justify;\"><span style=\"font-size: 14pt;\">Tamb\u00e9m de acordo com o promotor, o acusado, durante o tempo em que estava foragido, passou pelos estados da Bahia, Maranh\u00e3o e Pernambuco, at\u00e9 fixar resid\u00eancia no munic\u00edpio de Recife. Todavia, quando voltava para Macei\u00f3, para visitar familiares, ele contava com o apoio de policiais miliares. \u201cEsses PMs davam cobertura ao r\u00e9u\u201d, garantiu Alfredo Gaspar de Mendon\u00e7a.<\/span><\/p>\n<p style=\"text-align: justify;\"><span style=\"font-size: 14pt;\">Thiago Alexandre da Vera Cruz foi ouvido pela coordena\u00e7\u00e3o do Gecoc e, em seguida, encaminhado para realizar exame de corpo de delito. Na sequ\u00eancia, ser\u00e1 encaminhado para o sistema prisional alagoano. Enquanto permanecer\u00e1 preso, cumprindo a senten\u00e7a prolatada em 2010, ele continuar\u00e1 sendo investigado pelo envolvimento em outros quatro homic\u00eddios.<\/span><\/p>\n","protected":false},"excerpt":{"rendered":"<p> [&hellip;]<\/p>\n","protected":false},"author":2,"featured_media":10482,"comment_status":"open","ping_status":"open","sticky":false,"template":"","format":"standard","meta":{"om_disable_all_campaigns":false,"_monsterinsights_skip_tracking":false,"_monsterinsights_sitenote_active":false,"_monsterinsights_sitenote_note":"","_monsterinsights_sitenote_category":0,"_uf_show_specific_survey":0,"_uf_disable_surveys":false,"footnotes":""},"categories":[23],"tags":[],"class_list":["post-10481","post","type-post","status-publish","format-standard","has-post-thumbnail","hentry","category-not_gaeco"],"aioseo_notices":[],"_links":{"self":[{"href":"https:\/\/www.mpal.mp.br\/index.php?rest_route=\/wp\/v2\/posts\/10481","targetHints":{"allow":["GET"]}}],"collection":[{"href":"https:\/\/www.mpal.mp.br\/index.php?rest_route=\/wp\/v2\/posts"}],"about":[{"href":"https:\/\/www.mpal.mp.br\/index.php?rest_route=\/wp\/v2\/types\/post"}],"author":[{"embeddable":true,"href":"https:\/\/www.mpal.mp.br\/index.php?rest_route=\/wp\/v2\/users\/2"}],"replies":[{"embeddable":true,"href":"https:\/\/www.mpal.mp.br\/index.php?rest_route=%2Fwp%2Fv2%2Fcomments&post=10481"}],"version-history":[{"count":1,"href":"https:\/\/www.mpal.mp.br\/index.php?rest_route=\/wp\/v2\/posts\/10481\/revisions"}],"predecessor-version":[{"id":10485,"href":"https:\/\/www.mpal.mp.br\/index.php?rest_route=\/wp\/v2\/posts\/10481\/revisions\/10485"}],"wp:featuredmedia":[{"embeddable":true,"href":"https:\/\/www.mpal.mp.br\/index.php?rest_route=\/wp\/v2\/media\/10482"}],"wp:attachment":[{"href":"https:\/\/www.mpal.mp.br\/index.php?rest_route=%2Fwp%2Fv2%2Fmedia&parent=10481"}],"wp:term":[{"taxonomy":"category","embeddable":true,"href":"https:\/\/www.mpal.mp.br\/index.php?rest_route=%2Fwp%2Fv2%2Fcategories&post=10481"},{"taxonomy":"post_tag","embeddable":true,"href":"https:\/\/www.mpal.mp.br\/index.php?rest_route=%2Fwp%2Fv2%2Ftags&post=10481"}],"curies":[{"name":"wp","href":"https:\/\/api.w.org\/{rel}","templated":true}]}}