{"id":10472,"date":"2013-07-25T09:35:01","date_gmt":"2013-07-25T12:35:01","guid":{"rendered":"https:\/\/www.mpal.mp.br\/?p=10472"},"modified":"2022-06-22T09:35:24","modified_gmt":"2022-06-22T12:35:24","slug":"operacao-do-gecoc-prende-suspeito-de-duplo-homicidio","status":"publish","type":"post","link":"https:\/\/www.mpal.mp.br\/?p=10472","title":{"rendered":"Opera\u00e7\u00e3o do Gecoc prende suspeito de duplo homic\u00eddio"},"content":{"rendered":"<div class=\"content-wrapper-1\">\n<div class=\"content-wrapper-2\">\n<div id=\"mainmiddle\">\n<div id=\"mainmiddle-expand\">\n<div id=\"content\">\n<div id=\"content-shift\">\n<div class=\"floatbox\">\n<div class=\"joomla \">\n<div class=\"article\">\n<div id=\"articlepxfontsize1\">\n<p style=\"text-align: justify;\"><span style=\"font-size: 14pt;\">O Grupo Estadual de Combate \u00e0s Organiza\u00e7\u00f5es Criminosas (Gecoc), efetuou no in\u00edcio da tarde desta quinta-feira (25), a pris\u00e3o de Jos\u00e9 Sebasti\u00e3o dos Santos, de 45 anos. Ele \u00e9 acusado de um duplo homic\u00eddio no interior do estado do Mato Grosso.<\/span><\/p>\n<p style=\"text-align: justify;\"><span style=\"font-size: 14pt;\">Jos\u00e9 Sebasti\u00e3o foi preso no bairro da Mangabeiras, por volta das 14h de hoje. Ele deixava o apartamento onde estava morando, edif\u00edcio P\u00f3voa de Varzim, quando foi abordado por uma equipe do Gecoc.<\/span><\/p>\n<p style=\"text-align: justify;\"><span style=\"font-size: 14pt;\">O preso \u00e9 acusado de ter assassinado, em maio deste ano, Acir Magalh\u00e3es Antunes, de 55 anos e Valmir Correia de Lima, de 52 anos. O crime ocorreu na cidade de Pangar\u00e1 da Serra, interior do Mato Grosso.<\/span><\/p>\n<p style=\"text-align: justify;\" align=\"JUSTIFY\"><span style=\"font-size: 14pt;\">O trabalho de captura de Jos\u00e9 Sebasti\u00e3o foi feito pelo Gecoc em parceria com o servi\u00e7o de intelig\u00eancia da Pol\u00edcia Militar. Ele foragiu do MT ap\u00f3s o cometimento dos homic\u00eddios. Ap\u00f3s ser detido, o acusado foi levado para fazer exame de corpo de delito no IML (imagem da foto) e, em seguida, foi encaminhado para a Casa de Cust\u00f3dia da Pol\u00edcia Civil. O Gecoc vai informar \u00e0 pol\u00edcia e \u00e0 Justi\u00e7a do MT a respeito da pris\u00e3o, j\u00e1 que ele estava na condi\u00e7\u00e3o de foragido. Sebasti\u00e3o dever\u00e1 ser transferido para o seu estado de origem.<\/span><\/p>\n<\/div>\n<\/div>\n<\/div>\n<\/div>\n<\/div>\n<\/div>\n<\/div>\n<\/div>\n<\/div>\n<\/div>\n<div class=\"content-wrapper-b1\">\n<div class=\"content-wrapper-b2\" style=\"text-align: justify;\"><\/div>\n<\/div>\n","protected":false},"excerpt":{"rendered":"<p> [&hellip;]<\/p>\n","protected":false},"author":2,"featured_media":9722,"comment_status":"open","ping_status":"open","sticky":false,"template":"","format":"standard","meta":{"om_disable_all_campaigns":false,"_monsterinsights_skip_tracking":false,"_monsterinsights_sitenote_active":false,"_monsterinsights_sitenote_note":"","_monsterinsights_sitenote_category":0,"_uf_show_specific_survey":0,"_uf_disable_surveys":false,"footnotes":""},"categories":[23],"tags":[],"class_list":["post-10472","post","type-post","status-publish","format-standard","has-post-thumbnail","hentry","category-not_gaeco"],"aioseo_notices":[],"_links":{"self":[{"href":"https:\/\/www.mpal.mp.br\/index.php?rest_route=\/wp\/v2\/posts\/10472","targetHints":{"allow":["GET"]}}],"collection":[{"href":"https:\/\/www.mpal.mp.br\/index.php?rest_route=\/wp\/v2\/posts"}],"about":[{"href":"https:\/\/www.mpal.mp.br\/index.php?rest_route=\/wp\/v2\/types\/post"}],"author":[{"embeddable":true,"href":"https:\/\/www.mpal.mp.br\/index.php?rest_route=\/wp\/v2\/users\/2"}],"replies":[{"embeddable":true,"href":"https:\/\/www.mpal.mp.br\/index.php?rest_route=%2Fwp%2Fv2%2Fcomments&post=10472"}],"version-history":[{"count":1,"href":"https:\/\/www.mpal.mp.br\/index.php?rest_route=\/wp\/v2\/posts\/10472\/revisions"}],"predecessor-version":[{"id":10473,"href":"https:\/\/www.mpal.mp.br\/index.php?rest_route=\/wp\/v2\/posts\/10472\/revisions\/10473"}],"wp:featuredmedia":[{"embeddable":true,"href":"https:\/\/www.mpal.mp.br\/index.php?rest_route=\/wp\/v2\/media\/9722"}],"wp:attachment":[{"href":"https:\/\/www.mpal.mp.br\/index.php?rest_route=%2Fwp%2Fv2%2Fmedia&parent=10472"}],"wp:term":[{"taxonomy":"category","embeddable":true,"href":"https:\/\/www.mpal.mp.br\/index.php?rest_route=%2Fwp%2Fv2%2Fcategories&post=10472"},{"taxonomy":"post_tag","embeddable":true,"href":"https:\/\/www.mpal.mp.br\/index.php?rest_route=%2Fwp%2Fv2%2Ftags&post=10472"}],"curies":[{"name":"wp","href":"https:\/\/api.w.org\/{rel}","templated":true}]}}