{"id":10464,"date":"2013-09-30T09:31:54","date_gmt":"2013-09-30T12:31:54","guid":{"rendered":"https:\/\/www.mpal.mp.br\/?p=10464"},"modified":"2022-06-22T09:32:23","modified_gmt":"2022-06-22T12:32:23","slug":"gecoc-prende-quadrilha-acusada-de-dezenas-de-crimes-apos-tentativa-fracassada-de-sequestro","status":"publish","type":"post","link":"https:\/\/www.mpal.mp.br\/?p=10464","title":{"rendered":"Gecoc prende quadrilha acusada de dezenas de crimes, ap\u00f3s tentativa fracassada de sequestro"},"content":{"rendered":"<p style=\"text-align: justify;\"><span style=\"font-size: 14pt;\">Foram cerca de tr\u00eas semanas de investiga\u00e7\u00f5es, feitas com autoriza\u00e7\u00e3o judicial e, ap\u00f3s um trabalho de intelig\u00eancia minucioso, o Grupo Estadual de Combate \u00e0s Organiza\u00e7\u00f5es Criminosas (Gecoc) do Minist\u00e9rio P\u00fablico Estadual de Alagoas prendeu, com o apoio Pol\u00edcia Militar, oito pessoas acusadas de dezenas de crimes de roubos contra resid\u00eancias e ve\u00edculos, &#8216;saidinhas de banco&#8217; e sequestros. A opera\u00e7\u00e3o come\u00e7ou no final da tarde deste domingo (29) e terminou no final da manh\u00e3 desta segunda-feira (30).<\/span><\/p>\n<p style=\"text-align: justify;\"><span style=\"font-size: 14pt;\">As pris\u00f5es come\u00e7aram a ser efetuadas por volta das 20h30 da noite deste domingo, ap\u00f3s os acusados Pedro Ricardo Marques da Silva, G\u00edlson Rosa e Devair Bispo da Silva n\u00e3o terem conseguido praticar um crime sequestro, orquestrado para ocorrer na cidade da Barra de Santo Ant\u00f4nio, litoral Norte de Alagoas. Eles foram detidos no bairro de Guaxuma, na AL-101 Norte, oportunidade em que foram apreendidos um ve\u00edculo Fiesta, placa NMN-3006\/Macei\u00f3-AL, uma moto XRE 300 preta, placa NMF-0944\/Macei\u00f3-AL, al\u00e9m de duas armas de fogo calibre 38, com 12 muni\u00e7\u00f5es intactas, uma cuja numera\u00e7\u00e3o \u00e9 KK529404 e, a outra, de identifica\u00e7\u00e3o suprimida. Devair Bispo da Silva \u00e9 foragido da Justi\u00e7a do estado de S\u00e3o Paulo. L\u00e1, em tem uma condena\u00e7\u00e3o por duplo assassinato e deveria ficar preso at\u00e9 o ano de 2031. O acusado tamb\u00e9m \u00e9 r\u00e9u em outros dois processos, sob acusa\u00e7\u00e3o dos il\u00edcitos de tr\u00e1fico de entorpecentes e roubo.<\/span><\/p>\n<p style=\"text-align: justify;\"><span style=\"font-size: 14pt;\">Na mesma noite, o Gecoc, o Batalh\u00e3o de Pol\u00edcia Rodovi\u00e1ria (<em>BPRv<\/em>), a Radiopatrulha e o Servi\u00e7o de Intelig\u00eancia da Pol\u00edcia Militar tamb\u00e9m prenderam Jos\u00e9 Leandro Pimentel do Nascimento; Andr\u00e9 da Silva Firmino, Manoel Carlos Rodrigues Calheiros J\u00fanior e Alex Soares dos Santos, todos em bairros da parte alta da cidade, identificados como membros da mesma organiza\u00e7\u00e3o criminosa. Investiga\u00e7\u00f5es feitas com autoriza\u00e7\u00e3o da 17\u00aa Vara Criminal da capital comprovaram que os acusados fazem parte do mesmo bando, especializado em crimes de assaltos contra casas, roubos de carros, &#8216;saidinhas de bancos&#8217; e motos e sequestros.<\/span><\/p>\n<p style=\"text-align: justify;\"><span style=\"font-size: 14pt;\">Dami\u00e3o Ferreira de Lima foi o \u00faltimo a ser preso. Ele estava em posse de um rev\u00f3lver calibre 38, n\u00ba 1647673, com cinco muni\u00e7\u00f5es intactas. Ele tamb\u00e9m foi detido num bairro do Tabuleiro do Martins. Ele j\u00e1 havia cumprido 12 anos de cadeia pelo crime de latroc\u00ednio, aqui em Alagoas.<\/span><\/p>\n<p style=\"text-align: justify;\"><span style=\"font-size: 14pt;\"><strong>Os crimes<\/strong><\/span><\/p>\n<p style=\"text-align: justify;\"><span style=\"font-size: 14pt;\">H\u00e1 suspeitas de que a quadrilha tenha participado do assalto contra a resid\u00eancia do prefeito de Anadia, ocorrido recentemente. Um computador laptop HP cinza, semelhante aquele que pertence ao chefe do Poder Executivo, foi encontrado com Pedro Ricardo Marques da Silva.<\/span><\/p>\n<p style=\"text-align: justify;\"><span style=\"font-size: 14pt;\">J\u00e1 na data de 26 de setembro \u00faltimo, o grupo \u00e9 acusado de, no hor\u00e1rio da noite, ter roubado, no bairro da Serraria, o ve\u00edculo GM\/Celta, que pertence a Maria Eliane Vieira de Melo. O boletim de ocorr\u00eancia n\u00ba 12-A\/13-2008 comprovou a queixa de assalto. O carro foi recuperado alguns dias depois, depois de uma a\u00e7\u00e3o promovida pelo Gecoc e pela PM.<\/span><\/p>\n<p style=\"text-align: justify;\"><span style=\"font-size: 14pt;\">O Gecoc tamb\u00e9m descobriu que a organiza\u00e7\u00e3o criminosa se utilizava de parte das terras da usina Santa Clotilde, localizada em Rio Largo, para manter um cemit\u00e9rio clandestino de ve\u00edculos. L\u00e1, na manh\u00e3 desta segunda-feira, foram encontradas cinco carca\u00e7as semi-desmontadas de ve\u00edculos roubados. Elas estavam nos lotes 12.003 e 12.006 da ind\u00fastria. Os autom\u00f3veis foram identificados como um Celta branco; um Agile chumbo; um Voyage prata, um Prisma prata e outro, completamente queimado, cuja identifica\u00e7\u00e3o n\u00e3o foi poss\u00edvel.<\/span><\/p>\n<p style=\"text-align: justify;\"><span style=\"font-size: 14pt;\"><strong>Pris\u00f5es em flagrante<\/strong><\/span><\/p>\n<p style=\"text-align: justify;\"><span style=\"font-size: 14pt;\">Em of\u00edcio enviado ao delegado plantonista da Central de Flagrantes, os promotores Alfredo Gaspar de Mendon\u00e7a, coordenador do Grupo Estadual de Combate \u00e0s Organiza\u00e7\u00f5es Criminosas, e o promotor Ant\u00f4nio Luiz dos Santos Filhos, que tamb\u00e9m integra o Gecoc, solicitaram a pris\u00e3o em flagrante delito dos oito acusados: Jos\u00e9 Leandro Pimentel do Nascimento; Dami\u00e3o Ferreira de Lima; Andr\u00e9 da Silva Firmino; Devair Bispo da Silva; G\u00edlson Rosa; Manoel Carlos Rodrigues Calheiros J\u00fanior; Alex Soares dos Santos e Pedro Ricardo Marques da Silva.<\/span><\/p>\n<p style=\"text-align: justify;\"><span style=\"font-size: 14pt;\">\u201cEm raz\u00e3o de monitoramento autorizado judicialmente, n\u00f3s fizemos uma solicita\u00e7\u00e3o para que fossem lavrados os autos de pris\u00e3o em flagrante de todos os envolvidos. N\u00e3o nos resta d\u00favida de que eles se associaram para o cometimento de il\u00edcitos e tinham tarefas divididas dentro do bando\u201d, explicou Alfredo Gaspar.<\/span><\/p>\n<p style=\"text-align: justify;\"><span style=\"font-size: 14pt;\">\u201cO crime de associa\u00e7\u00e3o criminosa \u00e9 permanente e enseja pris\u00e3o em flagrante\u201d, diz texto do of\u00edcio encaminhado \u00e0 Pol\u00edcia Civil.<\/span><\/p>\n","protected":false},"excerpt":{"rendered":"<p> [&hellip;]<\/p>\n","protected":false},"author":2,"featured_media":10466,"comment_status":"open","ping_status":"open","sticky":false,"template":"","format":"standard","meta":{"om_disable_all_campaigns":false,"_monsterinsights_skip_tracking":false,"_monsterinsights_sitenote_active":false,"_monsterinsights_sitenote_note":"","_monsterinsights_sitenote_category":0,"_uf_show_specific_survey":0,"_uf_disable_surveys":false,"footnotes":""},"categories":[23],"tags":[],"class_list":["post-10464","post","type-post","status-publish","format-standard","has-post-thumbnail","hentry","category-not_gaeco"],"aioseo_notices":[],"_links":{"self":[{"href":"https:\/\/www.mpal.mp.br\/index.php?rest_route=\/wp\/v2\/posts\/10464","targetHints":{"allow":["GET"]}}],"collection":[{"href":"https:\/\/www.mpal.mp.br\/index.php?rest_route=\/wp\/v2\/posts"}],"about":[{"href":"https:\/\/www.mpal.mp.br\/index.php?rest_route=\/wp\/v2\/types\/post"}],"author":[{"embeddable":true,"href":"https:\/\/www.mpal.mp.br\/index.php?rest_route=\/wp\/v2\/users\/2"}],"replies":[{"embeddable":true,"href":"https:\/\/www.mpal.mp.br\/index.php?rest_route=%2Fwp%2Fv2%2Fcomments&post=10464"}],"version-history":[{"count":1,"href":"https:\/\/www.mpal.mp.br\/index.php?rest_route=\/wp\/v2\/posts\/10464\/revisions"}],"predecessor-version":[{"id":10467,"href":"https:\/\/www.mpal.mp.br\/index.php?rest_route=\/wp\/v2\/posts\/10464\/revisions\/10467"}],"wp:featuredmedia":[{"embeddable":true,"href":"https:\/\/www.mpal.mp.br\/index.php?rest_route=\/wp\/v2\/media\/10466"}],"wp:attachment":[{"href":"https:\/\/www.mpal.mp.br\/index.php?rest_route=%2Fwp%2Fv2%2Fmedia&parent=10464"}],"wp:term":[{"taxonomy":"category","embeddable":true,"href":"https:\/\/www.mpal.mp.br\/index.php?rest_route=%2Fwp%2Fv2%2Fcategories&post=10464"},{"taxonomy":"post_tag","embeddable":true,"href":"https:\/\/www.mpal.mp.br\/index.php?rest_route=%2Fwp%2Fv2%2Ftags&post=10464"}],"curies":[{"name":"wp","href":"https:\/\/api.w.org\/{rel}","templated":true}]}}