{"id":10456,"date":"2013-10-11T09:25:33","date_gmt":"2013-10-11T12:25:33","guid":{"rendered":"https:\/\/www.mpal.mp.br\/?p=10456"},"modified":"2022-06-22T09:30:57","modified_gmt":"2022-06-22T12:30:57","slug":"operacao-do-gecoc-e-da-policia-civil-prende-quadrilha-acusada-de-roubo-a-banco-em-tres-estados","status":"publish","type":"post","link":"https:\/\/www.mpal.mp.br\/?p=10456","title":{"rendered":"Opera\u00e7\u00e3o do Gecoc e da Pol\u00edcia Civil prende quadrilha acusada de roubo a banco em tr\u00eas estados"},"content":{"rendered":"<div class=\"content-wrapper-1\">\n<div class=\"content-wrapper-2\">\n<div id=\"mainmiddle\">\n<div id=\"mainmiddle-expand\">\n<div id=\"content\">\n<div id=\"content-shift\">\n<div class=\"floatbox\">\n<div class=\"joomla \">\n<div class=\"article\">\n<div id=\"articlepxfontsize1\">\n<p style=\"text-align: justify;\" align=\"JUSTIFY\"><span style=\"font-size: 14pt;\">Uma opera\u00e7\u00e3o do Grupo Estadual de Combate \u00e0s Organiza\u00e7\u00f5es Criminosas (Gecoc), em parceria com a Divis\u00e3o Especial de Investiga\u00e7\u00f5es e Capturas (Deic) da Pol\u00edcia Civil e policiais do 7\u00ba Batalh\u00e3o da Pol\u00edcia Militar, situado no munic\u00edpio de Santana do Ipanema, prendeu, na noite desta quinta-feira (10) e madrugada da sexta-feira (11), cinco pessoas acusadas de assaltar o Banco do Brasil da cidade de S\u00e3o Jos\u00e9 da Tapera. O roubo ocorreu na \u00faltima ter\u00e7a-feira. As autoridades continuam em persegui\u00e7\u00e3o para tentar prender outros tr\u00eas suspeitos.<\/span><\/p>\n<p style=\"text-align: justify;\" align=\"JUSTIFY\"><span style=\"font-size: 14pt;\">De acordo com os promotores de Justi\u00e7a do Gecoc, Luiz Ten\u00f3rio e Alfredo Gaspar de Mendon\u00e7a, que coordenaram a opera\u00e7\u00e3o, a a\u00e7\u00e3o integrada dos \u00f3rg\u00e3os come\u00e7ou ainda na pr\u00f3pria ter\u00e7a-feira, quando o assalto foi praticado. As autoridades chegaram at\u00e9 os acusados depois que uma jovem, que teve sua caminhonete roubada naquela data, identificou o ve\u00edculo e os assaltantes ap\u00f3s prestar queixa \u00e0 pol\u00edcia. O Gecoc e a Deic, que monitoravam algumas quadrilhas na regi\u00e3o do Sert\u00e3o, dispunham de fotos de v\u00e1rios suspeitos.<\/span><\/p>\n<p style=\"text-align: justify;\" align=\"JUSTIFY\"><span style=\"font-size: 14pt;\">Na noite de ontem, foi preso Jair Sandro, no munic\u00edpio de Piranhas. Jean Lopes, quer seria o l\u00edder do bando, reagiu e morreu ap\u00f3s troca de tiros com a Deic. Na mesma ocasi\u00e3o foi presa uma mulher conhecida como Neide. Ela \u00e9 acusada de conseguir os im\u00f3veis para que os criminosos pudessem se esconder ap\u00f3s o cometimento dos il\u00edcitos.<\/span><\/p>\n<p style=\"text-align: justify;\" align=\"JUSTIFY\"><span style=\"font-size: 14pt;\">J\u00e1 na madrugada de hoje as pris\u00f5es foram efetuadas contra Josen\u00edlton de S\u00e1 e dois homens conhecidos como &#8220;Z\u00e9 Nego&#8221; e &#8220;T\u00f3ia&#8221;. Eles foram localizados nas cidades de Paulo Afonso (BA) e Canind\u00e9 de S\u00e3o Francisco (SE), respectivamente, ap\u00f3s confiss\u00e3o de Jair Sandro, que apontou os esconderijos dos comparsas.<\/span><\/p>\n<p style=\"text-align: justify;\" align=\"JUSTIFY\"><span style=\"font-size: 14pt;\">Os mandados de busca e apreens\u00e3o foram expedidos pela 17\u00aa Vara Criminal da Capital. As pris\u00f5es foram efetuadas contra os acusados porque forma\u00e7\u00e3o de quadrilha \u00e9 um crime permanente e n\u00e3o necessita de mandado de pris\u00e3o para que aconte\u00e7a a deten\u00e7\u00e3o dos suspeitos.<\/span><\/p>\n<p style=\"text-align: justify;\" align=\"JUSTIFY\"><span style=\"font-size: 14pt;\">O Gecoc e a Deic continuam rastreando outros tr\u00eas acusados no interior do Estado. O dinheiro roubado do BB n\u00e3o ainda n\u00e3o foi encontrado.<\/span><\/p>\n<\/div>\n<\/div>\n<\/div>\n<\/div>\n<\/div>\n<\/div>\n<\/div>\n<\/div>\n<\/div>\n<\/div>\n<div class=\"content-wrapper-b1\">\n<div class=\"content-wrapper-b2\" style=\"text-align: justify;\"><\/div>\n<\/div>\n","protected":false},"excerpt":{"rendered":"<p> [&hellip;]<\/p>\n","protected":false},"author":2,"featured_media":9722,"comment_status":"open","ping_status":"open","sticky":false,"template":"","format":"standard","meta":{"om_disable_all_campaigns":false,"_monsterinsights_skip_tracking":false,"_monsterinsights_sitenote_active":false,"_monsterinsights_sitenote_note":"","_monsterinsights_sitenote_category":0,"_uf_show_specific_survey":0,"_uf_disable_surveys":false,"footnotes":""},"categories":[23],"tags":[],"class_list":["post-10456","post","type-post","status-publish","format-standard","has-post-thumbnail","hentry","category-not_gaeco"],"aioseo_notices":[],"_links":{"self":[{"href":"https:\/\/www.mpal.mp.br\/index.php?rest_route=\/wp\/v2\/posts\/10456","targetHints":{"allow":["GET"]}}],"collection":[{"href":"https:\/\/www.mpal.mp.br\/index.php?rest_route=\/wp\/v2\/posts"}],"about":[{"href":"https:\/\/www.mpal.mp.br\/index.php?rest_route=\/wp\/v2\/types\/post"}],"author":[{"embeddable":true,"href":"https:\/\/www.mpal.mp.br\/index.php?rest_route=\/wp\/v2\/users\/2"}],"replies":[{"embeddable":true,"href":"https:\/\/www.mpal.mp.br\/index.php?rest_route=%2Fwp%2Fv2%2Fcomments&post=10456"}],"version-history":[{"count":1,"href":"https:\/\/www.mpal.mp.br\/index.php?rest_route=\/wp\/v2\/posts\/10456\/revisions"}],"predecessor-version":[{"id":10457,"href":"https:\/\/www.mpal.mp.br\/index.php?rest_route=\/wp\/v2\/posts\/10456\/revisions\/10457"}],"wp:featuredmedia":[{"embeddable":true,"href":"https:\/\/www.mpal.mp.br\/index.php?rest_route=\/wp\/v2\/media\/9722"}],"wp:attachment":[{"href":"https:\/\/www.mpal.mp.br\/index.php?rest_route=%2Fwp%2Fv2%2Fmedia&parent=10456"}],"wp:term":[{"taxonomy":"category","embeddable":true,"href":"https:\/\/www.mpal.mp.br\/index.php?rest_route=%2Fwp%2Fv2%2Fcategories&post=10456"},{"taxonomy":"post_tag","embeddable":true,"href":"https:\/\/www.mpal.mp.br\/index.php?rest_route=%2Fwp%2Fv2%2Ftags&post=10456"}],"curies":[{"name":"wp","href":"https:\/\/api.w.org\/{rel}","templated":true}]}}