{"id":10450,"date":"2013-10-23T09:18:55","date_gmt":"2013-10-23T11:18:55","guid":{"rendered":"https:\/\/www.mpal.mp.br\/?p=10450"},"modified":"2022-06-22T09:24:40","modified_gmt":"2022-06-22T12:24:40","slug":"gecoc-prende-acusado-de-estelionato-que-teria-aplicado-golpe-contra-mais-de-100-pessoas","status":"publish","type":"post","link":"https:\/\/www.mpal.mp.br\/?p=10450","title":{"rendered":"Gecoc prende acusado de estelionato que teria aplicado golpe contra mais de 100 pessoas"},"content":{"rendered":"<p style=\"text-align: justify;\"><span style=\"font-size: 14pt;\">O golpe j\u00e1 vinha sendo praticado h\u00e1 cerca de dois anos e conseguiu fazer mais de 100 v\u00edtimas. Para executar o crime de estelionato, o acusado se utilizava de documentos falsos em nome de pessoas que jamais poderiam saber que suas identidades estavam servindo para a pr\u00e1tica de um ato delituoso. Assim agia Hermann Santos Cala\u00e7a, de 35 anos, preso na tarde desta quarta-feira (23), numa opera\u00e7\u00e3o comandada pelo Grupo Estadual de Combate \u00e0s Organiza\u00e7\u00f5es Criminosas (Gecoc) do Minist\u00e9rio P\u00fablico Estadual de Alagoas (MPE\/AL) e que contou com o apoio do 8\u00b0 Batalh\u00e3o da Pol\u00edcia Militar e do Servi\u00e7o de Intelig\u00eancia da PM.<\/span><\/p>\n<p style=\"text-align: justify;\"><span style=\"font-size: 14pt;\">Hermann Santos Cala\u00e7a, que utiliza 10 carteiras de identidade falsas, fazia uso da identidade de cidad\u00e3os comuns para conseguir adquirir cart\u00f5es de cr\u00e9dito de diferentes bandeiras e com limites dispon\u00edveis tamb\u00e9m de variados valores. \u201cEle \u00e9 um estelionat\u00e1rio conhecido e j\u00e1 praticava esse tipo penal h\u00e1 aproximadamente dois anos. A pris\u00e3o dele foi resultado da continuidade das investiga\u00e7\u00f5es do Gecoc sobre quadrilhas que clonam cart\u00f5es de cr\u00e9dito\u201d, informou o promotor de Justi\u00e7a Alfredo Gaspar de Mendon\u00e7a, coordenador do Gecoc.<\/span><\/p>\n<p style=\"text-align: justify;\"><span style=\"font-size: 14pt;\"><strong>Mandado de busca e apreens\u00e3o<\/strong><\/span><\/p>\n<p style=\"text-align: justify;\"><span style=\"font-size: 14pt;\">Na manh\u00e3 desta quarta-feira, o Gecoc e homens do 8\u00b0 BPM cumpriram um mandado de busca e apreens\u00e3o, expedido pela 17\u00aa Vara Criminal da Capital, na resid\u00eancia do acusado, que est\u00e1 localizada no complexo Benedito Bentes. Ele n\u00e3o estava em casa, mas, diante de seus familiares, a busca foi realizada no interior do im\u00f3vel. L\u00e1 foram encontradas dezenas de c\u00e9dulas de identidade e cart\u00f5es de cr\u00e9dito de diversas pessoas que, at\u00e9 ent\u00e3o, n\u00e3o tinham ideia de quem teria conseguido seus dados para falsificar tais documentos.<\/span><\/p>\n<p style=\"text-align: justify;\"><span style=\"font-size: 14pt;\">\u201cProvavelmente os nomes dessas v\u00edtimas est\u00e3o nos dois HDs que tamb\u00e9m apreendemos na manh\u00e3 desta quarta-feira. Os equipamentos cont\u00eam mais de mil registros de identidade diferentes. Al\u00e9m disso, tamb\u00e9m est\u00e1 sob a nossa posse um rolo de papel no formato de contas de energia da Eletrobras Distribui\u00e7\u00e3o Alagoas. Certamente, depois de preenchidos e devidamente cortados, cada documento daquele iria servir para comprovar o endere\u00e7o das v\u00edtimas que seriam os novos alvos do golpista. Assim, ficaria mais f\u00e1cil o processo de convencimento junto as operadora de cart\u00e3o de cr\u00e9dito. Mas, n\u00f3s ainda n\u00e3o sabemos se ele tamb\u00e9m falsificou os recibos de luz ou, de alguma forma, conseguiu-os todo em branco, prontso para receberem os dados de qualquer cidad\u00e3o\u201d, detalhou Alfredo Gaspar de Mendon\u00e7a.<\/span><\/p>\n<p style=\"text-align: justify;\"><span style=\"font-size: 14pt;\"><strong>Pris\u00e3o<\/strong><\/span><\/p>\n<p style=\"text-align: justify;\"><span style=\"font-size: 14pt;\">Hermann Santos Cala\u00e7a estava no munic\u00edpio de Caruaru quando o mandado de busca e apreens\u00e3o foi cumprido na resid\u00eancia dele. A tarde, quando retornava para Macei\u00f3, ele foi interceptado por integrantes do Gecoc e PM&#8217;s do 8\u00b0 Batalh\u00e3o, situado em Rio Largo, nas proximidades do Aeroporto Internacional Zumbi dos Palmares. Contra ele havia um mandado de pris\u00e3o tempor\u00e1ria tamb\u00e9m expedido pela 17\u00aa Vara Criminal da Capital.<\/span><\/p>\n<p style=\"text-align: justify;\"><span style=\"font-size: 14pt;\">O acusado n\u00e3o tentou reagir e, ap\u00f3s ser ouvido pelos promotores Alfredo Gaspar de Mendon\u00e7a e Ant\u00f4nio Luiz dos Santos Filho, confessou a pr\u00e1tica criminosa. Ele foi encaminhado \u00e0 Central de Flagrantes para os devidos procedimentos legais.<\/span><\/p>\n","protected":false},"excerpt":{"rendered":"<p> [&hellip;]<\/p>\n","protected":false},"author":2,"featured_media":10452,"comment_status":"open","ping_status":"open","sticky":false,"template":"","format":"standard","meta":{"om_disable_all_campaigns":false,"_monsterinsights_skip_tracking":false,"_monsterinsights_sitenote_active":false,"_monsterinsights_sitenote_note":"","_monsterinsights_sitenote_category":0,"_uf_show_specific_survey":0,"_uf_disable_surveys":false,"footnotes":""},"categories":[23],"tags":[],"class_list":["post-10450","post","type-post","status-publish","format-standard","has-post-thumbnail","hentry","category-not_gaeco"],"aioseo_notices":[],"_links":{"self":[{"href":"https:\/\/www.mpal.mp.br\/index.php?rest_route=\/wp\/v2\/posts\/10450","targetHints":{"allow":["GET"]}}],"collection":[{"href":"https:\/\/www.mpal.mp.br\/index.php?rest_route=\/wp\/v2\/posts"}],"about":[{"href":"https:\/\/www.mpal.mp.br\/index.php?rest_route=\/wp\/v2\/types\/post"}],"author":[{"embeddable":true,"href":"https:\/\/www.mpal.mp.br\/index.php?rest_route=\/wp\/v2\/users\/2"}],"replies":[{"embeddable":true,"href":"https:\/\/www.mpal.mp.br\/index.php?rest_route=%2Fwp%2Fv2%2Fcomments&post=10450"}],"version-history":[{"count":1,"href":"https:\/\/www.mpal.mp.br\/index.php?rest_route=\/wp\/v2\/posts\/10450\/revisions"}],"predecessor-version":[{"id":10453,"href":"https:\/\/www.mpal.mp.br\/index.php?rest_route=\/wp\/v2\/posts\/10450\/revisions\/10453"}],"wp:featuredmedia":[{"embeddable":true,"href":"https:\/\/www.mpal.mp.br\/index.php?rest_route=\/wp\/v2\/media\/10452"}],"wp:attachment":[{"href":"https:\/\/www.mpal.mp.br\/index.php?rest_route=%2Fwp%2Fv2%2Fmedia&parent=10450"}],"wp:term":[{"taxonomy":"category","embeddable":true,"href":"https:\/\/www.mpal.mp.br\/index.php?rest_route=%2Fwp%2Fv2%2Fcategories&post=10450"},{"taxonomy":"post_tag","embeddable":true,"href":"https:\/\/www.mpal.mp.br\/index.php?rest_route=%2Fwp%2Fv2%2Ftags&post=10450"}],"curies":[{"name":"wp","href":"https:\/\/api.w.org\/{rel}","templated":true}]}}