{"id":10434,"date":"2013-11-22T09:04:52","date_gmt":"2013-11-22T11:04:52","guid":{"rendered":"https:\/\/www.mpal.mp.br\/?p=10434"},"modified":"2022-06-22T09:05:38","modified_gmt":"2022-06-22T12:05:38","slug":"operacao-do-gecoc-e-da-policia-militar-prende-quatro-acusados-de-assaltos-contra-residencias-em-maceio","status":"publish","type":"post","link":"https:\/\/www.mpal.mp.br\/?p=10434","title":{"rendered":"Opera\u00e7\u00e3o do Gecoc e da Pol\u00edcia Militar prende quatro acusados de assaltos contra resid\u00eancias em Macei\u00f3"},"content":{"rendered":"<p style=\"text-align: justify;\" align=\"JUSTIFY\"><span style=\"font-size: 14pt;\">Numa opera\u00e7\u00e3o que come\u00e7ou no final da tarde dessa quinta-feira (21), coordenada pelo Grupo Estadual de Combate \u00e0s Organiza\u00e7\u00f5es Criminosas (Gecoc) do Minist\u00e9rio P\u00fablico Estadual de Alagoas, o Servi\u00e7o de Intelig\u00eancia da Pol\u00edcia Militar de Alagoas (P2\/PMAL) prendeu, em flagrante de delito, quatro pessoas acusadas de envolvimento em assaltos contra resid\u00eancias. Tr\u00eas jovens e um adolescente foram encaminhados \u00e0 Central de Flagrantes para os devidos procedimentos legais, ap\u00f3s confessarem a pr\u00e1tica dos crimes. O grupo admitiu que os delitos eram cometidos para a manuten\u00e7\u00e3o do v\u00edcio de drogas.<\/span><\/p>\n<p style=\"text-align: justify;\" align=\"JUSTIFY\"><span style=\"font-size: 14pt;\">Ant\u00f4nio Jos\u00e9 Brand\u00e3o Vilela, de 18 anos, foi detido na Via Expressa; Gabriel Henrique Soares de Carvalho Lima, 19, na Ponta Verde; Geanderson Jorge Silva, no Jardim Royal; e um adolescente, na avenida Rotary. Uma quinta pessoa ainda est\u00e1 sendo procurada.<\/span><\/p>\n<p style=\"text-align: justify;\" align=\"JUSTIFY\"><span style=\"font-size: 14pt;\">Ap\u00f3s serem presos, os acusados confessaram envolvimento nos roubos e admitiram que os delitos eram praticados para que eles pudessem ter dinheiro para alimentar a depend\u00eancia qu\u00edmica deles.<\/span><\/p>\n<p style=\"text-align: justify;\" align=\"JUSTIFY\"><span style=\"font-size: 14pt;\">Na Central de Flagrantes, eles tamb\u00e9m assumiram o envolvimento em dois assaltos, um que teria ocorrido no \u00faltimo dia 16, na Praia do Franc\u00eas e, o segundo, no dia 19 passado, na Barra Nova. As investiga\u00e7\u00f5es come\u00e7aram ap\u00f3s o carro que serviu de apoio para a pr\u00e1tica dos crimes ter sido identificado como sendo um Corolla, de cor prata, que pertence \u00e0 fam\u00edlia de Ant\u00f4nio Jos\u00e9.<\/span><\/p>\n<p style=\"text-align: justify;\" align=\"JUSTIFY\"><span style=\"font-size: 14pt;\">Os acusados n\u00e3o resistiram as pris\u00f5es. Todos foram detidos em casa, com exce\u00e7\u00e3o de Ant\u00f4nio Jos\u00e9, que estava dirigindo um ve\u00edculo na Via Expressa. Na casa de Gabriel, foi encontrado um rev\u00f3lver calibre 38. J\u00e1 na resid\u00eancia de Geanderson, o Gecoc localizou parte dos eletrodom\u00e9sticos roubados e, a outra metade, havia sido vendida.<\/span><\/p>\n<p style=\"text-align: justify;\" align=\"JUSTIFY\"><span style=\"font-size: 14pt;\">Gabriel e Geanderson j\u00e1 haviam sido presos quando eram menores de 18 anos e chegaram a cumprir medida socioeducativa. Os outros dois ainda n\u00e3o tinham registro na pol\u00edcia. Mas Ant\u00f4nio Jos\u00e9 tinha voltado h\u00e1 pouco tempo de uma cl\u00ednica de reabilita\u00e7\u00e3o para dependentes qu\u00edmicos.<\/span><\/p>\n<p style=\"text-align: justify;\" align=\"JUSTIFY\"><span style=\"font-size: 14pt;\">Todos est\u00e3o na Central de Flagrantes e dever\u00e3o ser indiciados pelos crimes de forma\u00e7\u00e3o de quadrilha e assalto.<\/span><\/p>\n","protected":false},"excerpt":{"rendered":"<p> [&hellip;]<\/p>\n","protected":false},"author":2,"featured_media":9722,"comment_status":"open","ping_status":"open","sticky":false,"template":"","format":"standard","meta":{"om_disable_all_campaigns":false,"_monsterinsights_skip_tracking":false,"_monsterinsights_sitenote_active":false,"_monsterinsights_sitenote_note":"","_monsterinsights_sitenote_category":0,"_uf_show_specific_survey":0,"_uf_disable_surveys":false,"footnotes":""},"categories":[23],"tags":[],"class_list":["post-10434","post","type-post","status-publish","format-standard","has-post-thumbnail","hentry","category-not_gaeco"],"aioseo_notices":[],"_links":{"self":[{"href":"https:\/\/www.mpal.mp.br\/index.php?rest_route=\/wp\/v2\/posts\/10434","targetHints":{"allow":["GET"]}}],"collection":[{"href":"https:\/\/www.mpal.mp.br\/index.php?rest_route=\/wp\/v2\/posts"}],"about":[{"href":"https:\/\/www.mpal.mp.br\/index.php?rest_route=\/wp\/v2\/types\/post"}],"author":[{"embeddable":true,"href":"https:\/\/www.mpal.mp.br\/index.php?rest_route=\/wp\/v2\/users\/2"}],"replies":[{"embeddable":true,"href":"https:\/\/www.mpal.mp.br\/index.php?rest_route=%2Fwp%2Fv2%2Fcomments&post=10434"}],"version-history":[{"count":1,"href":"https:\/\/www.mpal.mp.br\/index.php?rest_route=\/wp\/v2\/posts\/10434\/revisions"}],"predecessor-version":[{"id":10436,"href":"https:\/\/www.mpal.mp.br\/index.php?rest_route=\/wp\/v2\/posts\/10434\/revisions\/10436"}],"wp:featuredmedia":[{"embeddable":true,"href":"https:\/\/www.mpal.mp.br\/index.php?rest_route=\/wp\/v2\/media\/9722"}],"wp:attachment":[{"href":"https:\/\/www.mpal.mp.br\/index.php?rest_route=%2Fwp%2Fv2%2Fmedia&parent=10434"}],"wp:term":[{"taxonomy":"category","embeddable":true,"href":"https:\/\/www.mpal.mp.br\/index.php?rest_route=%2Fwp%2Fv2%2Fcategories&post=10434"},{"taxonomy":"post_tag","embeddable":true,"href":"https:\/\/www.mpal.mp.br\/index.php?rest_route=%2Fwp%2Fv2%2Ftags&post=10434"}],"curies":[{"name":"wp","href":"https:\/\/api.w.org\/{rel}","templated":true}]}}