{"id":10424,"date":"2014-05-22T09:01:27","date_gmt":"2014-05-22T12:01:27","guid":{"rendered":"https:\/\/www.mpal.mp.br\/?p=10424"},"modified":"2022-06-22T09:01:59","modified_gmt":"2022-06-22T12:01:59","slug":"mpe-al-participa-de-14o-ato-do-programa-ufal-em-defesa-da-vida","status":"publish","type":"post","link":"https:\/\/www.mpal.mp.br\/?p=10424","title":{"rendered":"MPE\/AL participa de 14\u00ba Ato do Programa Ufal em Defesa da Vida"},"content":{"rendered":"<p style=\"text-align: justify;\" align=\"justify\"><span style=\"font-size: 14pt;\">O promotor de Justi\u00e7a Fl\u00e1vio Gomes da Costa participou, na manh\u00e3 desta quinta-feira (22), do 14\u00ba Ato do Programa Ufal em Defesa da Vida, que foi realizado no audit\u00f3rio da\u00a0Universidade Federal de Alagoas (Ufal)\u00a0com a presen\u00e7a de especialistas, autoridades do poder p\u00fablico e da comunidade acad\u00eamica. No evento, foi discutido a atualidade do tr\u00e1fico de pessoas que desrespeita os direitos humanos em todo o cen\u00e1rio internacional. O Minist\u00e9rio P\u00fablico do Estado de Alagoas (MPE\/AL) \u00e9 uma das institui\u00e7\u00f5es locais que combate \u00e0 pr\u00e1tica por meio de promotores e procuradores de Justi\u00e7a.<\/span><\/p>\n<p style=\"text-align: justify;\" align=\"justify\"><span style=\"font-size: 14pt;\">Fl\u00e1vio Costa representou o procurador-geral de Justi\u00e7a (MPE\/AL), S\u00e9rgio Juc\u00e1, no evento e ressaltou a import\u00e2ncia do programa comandada pela soci\u00f3loga e professora universit\u00e1ria Ruth Vasconcelos. \u201cO Minist\u00e9rio P\u00fablico do Estado de Alagoas acompanha o trabalho do Ufal em Defesa da Vida h\u00e1 muito tempo. Reconhecemos o valor do trabalho desenvolvido pela universidade no sentido de contribuir com sugest\u00f5es, ideias e informa\u00e7\u00f5es no combate \u00e0 viol\u00eancia que assola nosso estado\u201d, disse o promotor.<\/span><\/p>\n<p style=\"text-align: justify;\" align=\"justify\"><span style=\"font-size: 14pt;\">A coordenadora nacional do Setor de Combate ao Tr\u00e1fico de pessoas do International Centre for Migration Police Development (ICMPD), Alinne Pedra Jorge Birol, foi a grande atra\u00e7\u00e3o do evento. Ela chamou aten\u00e7\u00e3o para as modalidades de tr\u00e1fico, como explora\u00e7\u00e3o laboral, extra\u00e7\u00e3o de \u00f3rg\u00e3os, explora\u00e7\u00e3o sexual, ado\u00e7\u00e3o ilegal e mendic\u00e2ncia.<\/span><\/p>\n<p style=\"text-align: justify;\" align=\"justify\"><span style=\"font-size: 14pt;\">Al\u00e9m do representante do MPE\/AL e da coordenadora do ICMPD, estiveram presentes na atividade o reitor da Ufal, Eurico L\u00f4bo; o arcebispo de Macei\u00f3, Dom Ant\u00f4nio Muniz; a representante da Secretaria Estadual de Educa\u00e7\u00e3o, Sueli Cavalcanti; e o representante da Associa\u00e7\u00e3o dos Docentes da Ufal, Henrique Cahet. No evento, a universidade reafirmou o compromisso de combater todas as formas de explora\u00e7\u00e3o humana.<\/span><\/p>\n","protected":false},"excerpt":{"rendered":"<p> [&hellip;]<\/p>\n","protected":false},"author":5,"featured_media":10425,"comment_status":"open","ping_status":"open","sticky":false,"template":"","format":"standard","meta":{"om_disable_all_campaigns":false,"_monsterinsights_skip_tracking":false,"_monsterinsights_sitenote_active":false,"_monsterinsights_sitenote_note":"","_monsterinsights_sitenote_category":0,"_uf_show_specific_survey":0,"_uf_disable_surveys":false,"footnotes":""},"categories":[2],"tags":[],"class_list":["post-10424","post","type-post","status-publish","format-standard","has-post-thumbnail","hentry","category-not_mpal"],"aioseo_notices":[],"_links":{"self":[{"href":"https:\/\/www.mpal.mp.br\/index.php?rest_route=\/wp\/v2\/posts\/10424","targetHints":{"allow":["GET"]}}],"collection":[{"href":"https:\/\/www.mpal.mp.br\/index.php?rest_route=\/wp\/v2\/posts"}],"about":[{"href":"https:\/\/www.mpal.mp.br\/index.php?rest_route=\/wp\/v2\/types\/post"}],"author":[{"embeddable":true,"href":"https:\/\/www.mpal.mp.br\/index.php?rest_route=\/wp\/v2\/users\/5"}],"replies":[{"embeddable":true,"href":"https:\/\/www.mpal.mp.br\/index.php?rest_route=%2Fwp%2Fv2%2Fcomments&post=10424"}],"version-history":[{"count":1,"href":"https:\/\/www.mpal.mp.br\/index.php?rest_route=\/wp\/v2\/posts\/10424\/revisions"}],"predecessor-version":[{"id":10427,"href":"https:\/\/www.mpal.mp.br\/index.php?rest_route=\/wp\/v2\/posts\/10424\/revisions\/10427"}],"wp:featuredmedia":[{"embeddable":true,"href":"https:\/\/www.mpal.mp.br\/index.php?rest_route=\/wp\/v2\/media\/10425"}],"wp:attachment":[{"href":"https:\/\/www.mpal.mp.br\/index.php?rest_route=%2Fwp%2Fv2%2Fmedia&parent=10424"}],"wp:term":[{"taxonomy":"category","embeddable":true,"href":"https:\/\/www.mpal.mp.br\/index.php?rest_route=%2Fwp%2Fv2%2Fcategories&post=10424"},{"taxonomy":"post_tag","embeddable":true,"href":"https:\/\/www.mpal.mp.br\/index.php?rest_route=%2Fwp%2Fv2%2Ftags&post=10424"}],"curies":[{"name":"wp","href":"https:\/\/api.w.org\/{rel}","templated":true}]}}