{"id":10415,"date":"2014-07-07T08:57:57","date_gmt":"2014-07-07T11:57:57","guid":{"rendered":"https:\/\/www.mpal.mp.br\/?p=10415"},"modified":"2022-06-22T08:58:27","modified_gmt":"2022-06-22T11:58:27","slug":"apos-pedido-da-61a-promotoria-de-justica-da-capital-procon-al-flagra-diversas-irregularidades-em-motel-que-se-recusou-a-receber-casal-homoafetivo","status":"publish","type":"post","link":"https:\/\/www.mpal.mp.br\/?p=10415","title":{"rendered":"Ap\u00f3s pedido da 61\u00aa Promotoria de Justi\u00e7a da capital, Procon\/AL flagra diversas irregularidades em motel que se recusou a receber casal homoafetivo"},"content":{"rendered":"<p style=\"text-align: justify;\" align=\"JUSTIFY\"><span style=\"font-size: 14pt;\">O Minist\u00e9rio P\u00fablico Estadual de Alagoas solicitou uma fiscaliza\u00e7\u00e3o do Procon\/AL e, ap\u00f3s a visita de t\u00e9cnicos do \u00f3rg\u00e3o de prote\u00e7\u00e3o e defesa do consumidor, v\u00e1rias irregularidades foram constatadas dentro do Amores Motel, estabelecimento comercial localizado no bairro da Santa Am\u00e9lia. O pedido da 61\u00aa Promotoria de Justi\u00e7a da capital foi feito ap\u00f3s um casal homoafetivo ter sido impedido de entrar no motel, num flagrante crime de preconceito. Procon e MPE\/AL comunicaram as ilegalidades encontradas \u00e0 Prefeitura de Macei\u00f3, que dever\u00e1 promover a interdi\u00e7\u00e3o do local.<\/span><\/p>\n<p style=\"text-align: justify;\" align=\"JUSTIFY\"><span style=\"font-size: 14pt;\">No of\u00edcio n\u00ba 66\/14, encaminhado ao promotor Fl\u00e1vio Costa, autor do pedido de fiscaliza\u00e7\u00e3o, o superintendente do Procon\/AL, Adalberto Jos\u00e9 da Costa Ten\u00f3rio, comunicou que a visita dos t\u00e9cnicos foi realizada nos dias 25 de fevereiro e 03 de julho \u00faltimos e, que, nessas ocasi\u00f5es, foram verificadas diversas irregularidades, a exemplo de aus\u00eancias de tal\u00e3o de nota fiscal de servi\u00e7o e de alvar\u00e1 de funcionamento e da documenta\u00e7\u00e3o exigida pela Vigil\u00e2ncia Sanit\u00e1ria municipal.<\/span><\/p>\n<p style=\"text-align: justify;\" align=\"JUSTIFY\"><span style=\"font-size: 14pt;\">O Procon\/AL tamb\u00e9m constatou, na fiscaliza\u00e7\u00e3o da semana passada, que o estabelecimento comercial n\u00e3o disp\u00f5e de um exemplar do C\u00f3digo de Defesa do Consumidor (CDC \u2013 Lei n\u00ba 8.078\/90) e nem possui placa informativa do n\u00famero 151, em flagrante desrespeito aos artigos 6\u00ba e 14\u00ba da referida norma. Antes disso, o \u00f3rg\u00e3o j\u00e1 havia lavrado o auto de infra\u00e7\u00e3o n\u00ba 295\/2014 porque o Amores Motel se recusou a fazer a presta\u00e7\u00e3o de servi\u00e7os sem justificativa, infringindo os artigos 6\u00ba, 14\u00ba, 35 e 39 do C\u00f3digo.<\/span><\/p>\n<p style=\"text-align: justify;\" align=\"JUSTIFY\"><span style=\"font-size: 14pt;\">Diante de tais comprova\u00e7\u00f5es, o Minist\u00e9rio P\u00fablico Estadual e a Superintend\u00eancia do Procon\/AL expediram of\u00edcios \u00e0 Superintend\u00eancia Municipal de Controle e Conv\u00edvio Urbano (SMCCU), \u00e0 Vigil\u00e2ncia Sanit\u00e1ria e \u00e0 Receita Federal para que esses \u00f3rg\u00e3os possam adotar as medidas que o caso requer, inclusive, a interdi\u00e7\u00e3o do Amores Motel.<\/span><\/p>\n<p style=\"text-align: justify;\" align=\"JUSTIFY\"><span style=\"font-size: 14pt;\">Esse estabelecimento demonstrou o tamanho da sua fragilidade. Al\u00e9m de cometer o crime de homofobia, ainda estava funcionamento de maneira completamente irregular, sequer possu\u00eda o alvar\u00e1 de funcionamento. A exemplo dele, outros tamb\u00e9m podem estar na mesma condi\u00e7\u00e3o. Recentemente houve a divulga\u00e7\u00e3o de um caso em que o motel n\u00e3o pediu a identifica\u00e7\u00e3o dos clientes e uma mulher foi abusada sexualmente no interior dele. Precisamos ficar atentos e novas fiscaliza\u00e7\u00f5es ser\u00e3o realizadas nos pr\u00f3ximos dias\u201d, alertou o promotor Fl\u00e1vio Costa.<\/span><\/p>\n<p style=\"text-align: justify;\" align=\"JUSTIFY\"><span style=\"font-size: 14pt;\"><strong>O caso<\/strong><\/span><\/p>\n<p style=\"text-align: justify;\" align=\"JUSTIFY\"><span style=\"font-size: 14pt;\">No dia 10 de fevereiro deste ano, a travesti Cindy Bellucci compareceu \u00e0 sede da 61\u00aa Promotoria de Justi\u00e7a da capital para denunciar o que ela caracterizou como crime de homofobia. De acordo com a cabeleireira, ela e o companheiro foram barrados ao tentar entrar no Amores Motel por serem homossexuais. Ela formalizou a queixa ao MPE\/AL e pediu a interven\u00e7\u00e3o da institui\u00e7\u00e3o no caso.<\/span><\/p>\n","protected":false},"excerpt":{"rendered":"<p> [&hellip;]<\/p>\n","protected":false},"author":5,"featured_media":10409,"comment_status":"open","ping_status":"open","sticky":false,"template":"","format":"standard","meta":{"om_disable_all_campaigns":false,"_monsterinsights_skip_tracking":false,"_monsterinsights_sitenote_active":false,"_monsterinsights_sitenote_note":"","_monsterinsights_sitenote_category":0,"_uf_show_specific_survey":0,"_uf_disable_surveys":false,"footnotes":""},"categories":[2],"tags":[],"class_list":["post-10415","post","type-post","status-publish","format-standard","has-post-thumbnail","hentry","category-not_mpal"],"aioseo_notices":[],"_links":{"self":[{"href":"https:\/\/www.mpal.mp.br\/index.php?rest_route=\/wp\/v2\/posts\/10415","targetHints":{"allow":["GET"]}}],"collection":[{"href":"https:\/\/www.mpal.mp.br\/index.php?rest_route=\/wp\/v2\/posts"}],"about":[{"href":"https:\/\/www.mpal.mp.br\/index.php?rest_route=\/wp\/v2\/types\/post"}],"author":[{"embeddable":true,"href":"https:\/\/www.mpal.mp.br\/index.php?rest_route=\/wp\/v2\/users\/5"}],"replies":[{"embeddable":true,"href":"https:\/\/www.mpal.mp.br\/index.php?rest_route=%2Fwp%2Fv2%2Fcomments&post=10415"}],"version-history":[{"count":1,"href":"https:\/\/www.mpal.mp.br\/index.php?rest_route=\/wp\/v2\/posts\/10415\/revisions"}],"predecessor-version":[{"id":10417,"href":"https:\/\/www.mpal.mp.br\/index.php?rest_route=\/wp\/v2\/posts\/10415\/revisions\/10417"}],"wp:featuredmedia":[{"embeddable":true,"href":"https:\/\/www.mpal.mp.br\/index.php?rest_route=\/wp\/v2\/media\/10409"}],"wp:attachment":[{"href":"https:\/\/www.mpal.mp.br\/index.php?rest_route=%2Fwp%2Fv2%2Fmedia&parent=10415"}],"wp:term":[{"taxonomy":"category","embeddable":true,"href":"https:\/\/www.mpal.mp.br\/index.php?rest_route=%2Fwp%2Fv2%2Fcategories&post=10415"},{"taxonomy":"post_tag","embeddable":true,"href":"https:\/\/www.mpal.mp.br\/index.php?rest_route=%2Fwp%2Fv2%2Ftags&post=10415"}],"curies":[{"name":"wp","href":"https:\/\/api.w.org\/{rel}","templated":true}]}}