{"id":10413,"date":"2014-07-09T08:57:00","date_gmt":"2014-07-09T11:57:00","guid":{"rendered":"https:\/\/www.mpal.mp.br\/?p=10413"},"modified":"2022-06-22T08:57:31","modified_gmt":"2022-06-22T11:57:31","slug":"apos-intermediacao-do-mpe-al-smtt-recolocara-ponto-de-onibus-proximo-a-adefal","status":"publish","type":"post","link":"https:\/\/www.mpal.mp.br\/?p=10413","title":{"rendered":"Ap\u00f3s intermedia\u00e7\u00e3o do MPE\/AL, SMTT recolocar\u00e1 ponto de \u00f4nibus pr\u00f3ximo \u00e0 Adefal"},"content":{"rendered":"<p style=\"text-align: justify;\" align=\"justify\"><span style=\"font-size: 14pt;\">Em reuni\u00e3o intermediada pela 61\u00ba Promotoria de Justi\u00e7a da Capital, a Superintend\u00eancia Municipal de Transportes e Tr\u00e2nsito de Macei\u00f3 (SMTT) garantiu que recolocaria o ponto de \u00f4nibus em frente ao Instituto Zumbi dos Palmares, no bairro do Farol, mas apenas para desembarque de passageiros portadores de necessidades especiais. A decis\u00e3o beneficia o p\u00fablico da Associa\u00e7\u00e3o dos Deficientes F\u00edsicos de Alagoas (Adefal), que quer tamb\u00e9m o embarque dos usu\u00e1rios no local.<\/span><\/p>\n<p style=\"text-align: justify;\" align=\"justify\"><span style=\"font-size: 14pt;\">O promotor de Justi\u00e7a Fl\u00e1vio Gomes da Costa Neto comandou o encontro que teve a participa\u00e7\u00e3o do superintendente da SMTT, T\u00e1cio Melo da Silveira, e do presidente da Adefal, Luiz Carlos Santana. \u201cSolicitamos uma documenta\u00e7\u00e3o \u00e0 associa\u00e7\u00e3o, que dever\u00e1 ser entregue o mais r\u00e1pido poss\u00edvel. Com base no que for apresentado oficialmente e nas reuni\u00f5es com as duas partes envolvidas, vamos emitir um parecer sobre o caso em at\u00e9 15 dias\u201d, disse o membro do Minist\u00e9rio P\u00fablico do Estado de Alagoas (MPE\/AL).<\/span><\/p>\n<p style=\"text-align: justify;\" align=\"justify\"><span style=\"font-size: 14pt;\">Na segunda-feira, a Adefal procurou o MPE\/AL para formalizar a reclama\u00e7\u00e3o referente \u00e0 retirada do ponto de \u00f4nibus pr\u00f3ximo \u00e0 associa\u00e7\u00e3o. Luiz Carlos Santana alegou que o abrigo era bastante \u00fatil \u00e0s pessoas portadoras de necessidades especiais que se deslocavam at\u00e9 o local para fazer tratamento. Desde ent\u00e3o, os pacientes e seus familiares tinham de descer no ponto em frente ao Centro Educacional de Pesquisas Aplicada (Cepa).<\/span><\/p>\n","protected":false},"excerpt":{"rendered":"<p> [&hellip;]<\/p>\n","protected":false},"author":5,"featured_media":2857,"comment_status":"open","ping_status":"open","sticky":false,"template":"","format":"standard","meta":{"om_disable_all_campaigns":false,"_monsterinsights_skip_tracking":false,"_monsterinsights_sitenote_active":false,"_monsterinsights_sitenote_note":"","_monsterinsights_sitenote_category":0,"_uf_show_specific_survey":0,"_uf_disable_surveys":false,"footnotes":""},"categories":[2],"tags":[],"class_list":["post-10413","post","type-post","status-publish","format-standard","has-post-thumbnail","hentry","category-not_mpal"],"aioseo_notices":[],"_links":{"self":[{"href":"https:\/\/www.mpal.mp.br\/index.php?rest_route=\/wp\/v2\/posts\/10413","targetHints":{"allow":["GET"]}}],"collection":[{"href":"https:\/\/www.mpal.mp.br\/index.php?rest_route=\/wp\/v2\/posts"}],"about":[{"href":"https:\/\/www.mpal.mp.br\/index.php?rest_route=\/wp\/v2\/types\/post"}],"author":[{"embeddable":true,"href":"https:\/\/www.mpal.mp.br\/index.php?rest_route=\/wp\/v2\/users\/5"}],"replies":[{"embeddable":true,"href":"https:\/\/www.mpal.mp.br\/index.php?rest_route=%2Fwp%2Fv2%2Fcomments&post=10413"}],"version-history":[{"count":1,"href":"https:\/\/www.mpal.mp.br\/index.php?rest_route=\/wp\/v2\/posts\/10413\/revisions"}],"predecessor-version":[{"id":10414,"href":"https:\/\/www.mpal.mp.br\/index.php?rest_route=\/wp\/v2\/posts\/10413\/revisions\/10414"}],"wp:featuredmedia":[{"embeddable":true,"href":"https:\/\/www.mpal.mp.br\/index.php?rest_route=\/wp\/v2\/media\/2857"}],"wp:attachment":[{"href":"https:\/\/www.mpal.mp.br\/index.php?rest_route=%2Fwp%2Fv2%2Fmedia&parent=10413"}],"wp:term":[{"taxonomy":"category","embeddable":true,"href":"https:\/\/www.mpal.mp.br\/index.php?rest_route=%2Fwp%2Fv2%2Fcategories&post=10413"},{"taxonomy":"post_tag","embeddable":true,"href":"https:\/\/www.mpal.mp.br\/index.php?rest_route=%2Fwp%2Fv2%2Ftags&post=10413"}],"curies":[{"name":"wp","href":"https:\/\/api.w.org\/{rel}","templated":true}]}}