{"id":10408,"date":"2014-07-16T08:51:56","date_gmt":"2014-07-16T11:51:56","guid":{"rendered":"https:\/\/www.mpal.mp.br\/?p=10408"},"modified":"2022-06-22T08:52:44","modified_gmt":"2022-06-22T11:52:44","slug":"mpe-al-recomenda-retorno-de-ponto-proximo-a-adefal-para-embarque-e-desembarque-de-usuarios","status":"publish","type":"post","link":"https:\/\/www.mpal.mp.br\/?p=10408","title":{"rendered":"MPE\/AL recomenda retorno de ponto pr\u00f3ximo \u00e0 Adefal para embarque e desembarque de usu\u00e1rios"},"content":{"rendered":"<p style=\"text-align: justify;\" align=\"justify\"><span style=\"font-size: 14pt;\">A 61\u00aa Promotoria de Justi\u00e7a da Capital recomendou, nesta quarta-feira (16), \u00e0 Superintend\u00eancia Municipal de Transportes e Tr\u00e2nsito (SMTT) que retorne o embarque e desembarque de pessoas com defici\u00eancia f\u00edsica ao ponto de \u00f4nibus que se localizava em frente do Instituto Zumbi dos Palmares (IZP), na Avenida Fernandes Lima, bairro do Farol. O \u00f3rg\u00e3o municipal ter\u00e1 90 dias para atender \u00e0 recomenda\u00e7\u00e3o do Minist\u00e9rio P\u00fablico do Estado de Alagoas.<\/span><\/p>\n<p style=\"text-align: justify;\" align=\"justify\"><span style=\"font-size: 14pt;\">Para o promotor de Justi\u00e7a Fl\u00e1vio Gomes da Costa Neto, a medida vai amenizar os poss\u00edveis contratempos impostos pela mudan\u00e7a de ponto aos pacientes da Associa\u00e7\u00e3o dos Deficientes F\u00edsicos de Alagoas usu\u00e1rios do transporte coletivo.<\/span><\/p>\n<p style=\"text-align: justify;\" align=\"justify\"><span style=\"font-size: 14pt;\">\u201cEsperamos que com tal medida possamos encontrar um meio termo para a situa\u00e7\u00e3o, respeitando a solu\u00e7\u00e3o coletiva empregada pela SMTT que teve o intuito de melhorar o tr\u00e2nsito para todos na regi\u00e3o, mas tamb\u00e9m respeitar a situa\u00e7\u00e3o especial de aten\u00e7\u00e3o que \u00e9 necess\u00e1ria dar as pessoas com defici\u00eancia\u201d, disse o promotor.<\/span><\/p>\n<p style=\"text-align: justify;\" align=\"justify\"><span style=\"font-size: 14pt;\">Fl\u00e1vio Costa tamb\u00e9m solicitou ao \u00f3rg\u00e3o municipal, no mesmo prazo, um estudo t\u00e9cnico de constru\u00e7\u00e3o de um novo ponto de \u00f4nibus em frente ao Tribunal de Contas do Estado de Alagoas. Segundo a Adefal, a parada no local \u00e9 a ideal para o deslocamento dos passageiros portadores de necessidades especiais em dire\u00e7\u00e3o \u00e0 associa\u00e7\u00e3o.<\/span><\/p>\n<p style=\"text-align: justify;\" align=\"justify\"><span style=\"font-size: 14pt;\">Na semana passada, a Adefal procurou o MPE\/AL para formalizar a reclama\u00e7\u00e3o referente \u00e0 retirada do ponto de \u00f4nibus pr\u00f3ximo \u00e0 associa\u00e7\u00e3o. O presidente da entidade, Luiz Carlos Santana, alegou que o abrigo era bastante \u00fatil \u00e0s pessoas portadoras de necessidades especiais que se deslocavam at\u00e9 o local para fazer tratamento. Desde ent\u00e3o, os pacientes e seus familiares tinham de descer no ponto em frente ao Centro Educacional de Pesquisas Aplicada (Cepa).<\/span><\/p>\n","protected":false},"excerpt":{"rendered":"<p> [&hellip;]<\/p>\n","protected":false},"author":5,"featured_media":10409,"comment_status":"open","ping_status":"open","sticky":false,"template":"","format":"standard","meta":{"om_disable_all_campaigns":false,"_monsterinsights_skip_tracking":false,"_monsterinsights_sitenote_active":false,"_monsterinsights_sitenote_note":"","_monsterinsights_sitenote_category":0,"_uf_show_specific_survey":0,"_uf_disable_surveys":false,"footnotes":""},"categories":[2],"tags":[],"class_list":["post-10408","post","type-post","status-publish","format-standard","has-post-thumbnail","hentry","category-not_mpal"],"aioseo_notices":[],"_links":{"self":[{"href":"https:\/\/www.mpal.mp.br\/index.php?rest_route=\/wp\/v2\/posts\/10408","targetHints":{"allow":["GET"]}}],"collection":[{"href":"https:\/\/www.mpal.mp.br\/index.php?rest_route=\/wp\/v2\/posts"}],"about":[{"href":"https:\/\/www.mpal.mp.br\/index.php?rest_route=\/wp\/v2\/types\/post"}],"author":[{"embeddable":true,"href":"https:\/\/www.mpal.mp.br\/index.php?rest_route=\/wp\/v2\/users\/5"}],"replies":[{"embeddable":true,"href":"https:\/\/www.mpal.mp.br\/index.php?rest_route=%2Fwp%2Fv2%2Fcomments&post=10408"}],"version-history":[{"count":1,"href":"https:\/\/www.mpal.mp.br\/index.php?rest_route=\/wp\/v2\/posts\/10408\/revisions"}],"predecessor-version":[{"id":10410,"href":"https:\/\/www.mpal.mp.br\/index.php?rest_route=\/wp\/v2\/posts\/10408\/revisions\/10410"}],"wp:featuredmedia":[{"embeddable":true,"href":"https:\/\/www.mpal.mp.br\/index.php?rest_route=\/wp\/v2\/media\/10409"}],"wp:attachment":[{"href":"https:\/\/www.mpal.mp.br\/index.php?rest_route=%2Fwp%2Fv2%2Fmedia&parent=10408"}],"wp:term":[{"taxonomy":"category","embeddable":true,"href":"https:\/\/www.mpal.mp.br\/index.php?rest_route=%2Fwp%2Fv2%2Fcategories&post=10408"},{"taxonomy":"post_tag","embeddable":true,"href":"https:\/\/www.mpal.mp.br\/index.php?rest_route=%2Fwp%2Fv2%2Ftags&post=10408"}],"curies":[{"name":"wp","href":"https:\/\/api.w.org\/{rel}","templated":true}]}}