{"id":10404,"date":"2014-07-28T08:50:50","date_gmt":"2014-07-28T11:50:50","guid":{"rendered":"https:\/\/www.mpal.mp.br\/?p=10404"},"modified":"2022-06-22T08:51:25","modified_gmt":"2022-06-22T11:51:25","slug":"mpe-al-realiza-audiencia-publica-para-debater-defesa-das-pessoas-em-situacao-de-rua","status":"publish","type":"post","link":"https:\/\/www.mpal.mp.br\/?p=10404","title":{"rendered":"MPE\/AL realiza audi\u00eancia p\u00fablica para debater defesa das pessoas em situa\u00e7\u00e3o de rua"},"content":{"rendered":"<p style=\"text-align: justify;\" align=\"justify\"><span style=\"font-size: 14pt;\">O Minist\u00e9rio P\u00fablico do Estado de Alagoas (MPE\/AL), por meio do N\u00facleo de Defesa dos Direitos Humanos, promove, no dia 29 de julho, uma audi\u00eancia p\u00fablica com o tema \u201cO Minist\u00e9rio P\u00fablico em defesa das pessoas em situa\u00e7\u00e3o de rua\u201d, que abordar\u00e1 a efic\u00e1cia das pol\u00edticas p\u00fablicas em aten\u00e7\u00e3o \u00e0s pessoas em situa\u00e7\u00e3o de rua nas \u00e1reas da assist\u00eancia social, sa\u00fade e seguran\u00e7a p\u00fablica. O encontro ser\u00e1 realizado na sede da Procuradoria-Geral de Justi\u00e7a, no bairro do Po\u00e7o, das 9h \u00e0s 12h30.<\/span><\/p>\n<p style=\"text-align: justify;\" align=\"justify\"><span style=\"font-size: 14pt;\">Esta ser\u00e1 a primeira de duas audi\u00eancias que visam debater o tema junto ao Estado e \u00e0 sociedade civil organizada. Na ocasi\u00e3o, o MPE\/AL convidar\u00e1 os \u00f3rg\u00e3os p\u00fablicos respons\u00e1veis pela execu\u00e7\u00e3o das pol\u00edticas p\u00fablicas de aten\u00e7\u00e3o b\u00e1sica e de seguran\u00e7a p\u00fablica para a problematiza\u00e7\u00e3o da mazela social e o apontamento de solu\u00e7\u00f5es referentes ao caso.<\/span><\/p>\n<p style=\"text-align: justify;\" align=\"justify\"><span style=\"font-size: 14pt;\">Na segunda audi\u00eancia p\u00fablica, ser\u00e1 a vez do \u00f3rg\u00e3o ministerial sentar com as organiza\u00e7\u00f5es n\u00e3o governamentais e religiosas que atuam na defesa dos moradores de rua na capital. O objetivo deste encontro ser\u00e1 a forma\u00e7\u00e3o de uma rede de prote\u00e7\u00e3o e fiscaliza\u00e7\u00e3o das pol\u00edticas p\u00fablicas, de forma a fortalecer a atua\u00e7\u00e3o do MPE\/AL.<\/span><\/p>\n<p style=\"text-align: justify;\" align=\"justify\"><span style=\"font-size: 14pt;\">\u201c\u00c9 preciso entender que o conceito de pessoas em situa\u00e7\u00e3o de rua vai al\u00e9m da ideia de moradores sem-teto que optam por esse modelo de vida ou em decorr\u00eancia de dificuldades financeiras. H\u00e1 pessoas sem ter onde morar que foram expulsas de suas casas por conta de raz\u00f5es sociais, a exemplo do abandono da fam\u00edlia, que exclui da sua conviv\u00eancia ou n\u00e3o podem manter ao seu lado pessoas com doen\u00e7a mental ou depend\u00eancia qu\u00edmica\u201d, explica a promotora de Justi\u00e7a e coordenadora do N\u00facleo de Defesa dos Direitos Humanos do MPE\/AL, Marluce Falc\u00e3o.<\/span><\/p>\n<p style=\"text-align: justify;\" align=\"justify\"><span style=\"font-size: 14pt;\">\u201cAssim, o Minist\u00e9rio P\u00fablico quer fazer junto aos entes estatais e \u00e0 sociedade civil organizada um diagn\u00f3stico do problema, definir pol\u00edticas p\u00fablicas espec\u00edficas e, em cima delas, realizar uma fiscaliza\u00e7\u00e3o cont\u00ednua e em parceria com a popula\u00e7\u00e3o, j\u00e1 que \u00e9 responsabilidade de todos desenvolver uma rede de prote\u00e7\u00e3o das pessoas em situa\u00e7\u00e3o de rua\u201d, completa.<\/span><\/p>\n<p style=\"text-align: justify;\" align=\"justify\"><span style=\"font-size: 14pt;\">A s\u00e9rie de audi\u00eancias d\u00e1 continuidade \u00e0 campanha do Conselho Nacional do Minist\u00e9rio P\u00fablico (CNMP) intitulada \u201cSemana do Minist\u00e9rio P\u00fablico em defesa das Pessoas em Situa\u00e7\u00e3o de Rua\u201d, realizada no per\u00edodo de 26 a 30 de maio deste ano. Durante a semana, foram implementadas a\u00e7\u00f5es permanentes pelo N\u00facleo de Defesa dos Direitos Humanos, a 62\u00aa Promotoria de Justi\u00e7a da Capital e o N\u00facleo de Defesa da sa\u00fade, visando acompanhar as pol\u00edticas p\u00fablicas estadual e municipal voltadas \u00e0 prote\u00e7\u00e3o de pessoas em situa\u00e7\u00e3o de rua.<\/span><\/p>\n<p style=\"text-align: justify;\" align=\"justify\"><span style=\"font-size: 14pt;\"><strong>Servi\u00e7o<\/strong><\/span><\/p>\n<p style=\"text-align: justify;\" align=\"justify\"><span style=\"font-size: 14pt;\">Evento: Audi\u00eancia p\u00fablica \u2013 O Minist\u00e9rio P\u00fablico em defesa das pessoas em situa\u00e7\u00e3o de rua<\/span><\/p>\n<p style=\"text-align: justify;\" align=\"justify\"><span style=\"font-size: 14pt;\">Data: 29\/07\/2014<\/span><\/p>\n<p style=\"text-align: justify;\" align=\"justify\"><span style=\"font-size: 14pt;\">Hor\u00e1rio: 09h a 12h30<\/span><\/p>\n<p style=\"text-align: justify;\" align=\"justify\"><span style=\"font-size: 14pt;\">local: pr\u00e9dio-sede da Procuradoria-Geral de justi\u00e7a, localizado na Rua Dr. Pedro Jorge de Melo Silva, n\u00ba 79, po\u00e7o, Macei\u00f3-al \u2013 fone: (82) 2122-5220<\/span><\/p>\n<p style=\"text-align: justify;\" align=\"justify\"><span style=\"font-size: 14pt;\"><strong>Programa\u00e7\u00e3o<\/strong><\/span><\/p>\n<p style=\"text-align: justify;\" align=\"justify\"><span style=\"font-size: 14pt;\">9h \u2013 Abertura \u2013 Procurador-geral de Justi\u00e7a S\u00e9rgio Juc\u00e1<\/span><\/p>\n<p style=\"text-align: justify;\" align=\"justify\"><span style=\"font-size: 14pt;\">9h10 \u2013 Apresenta\u00e7\u00e3o da audi\u00eancia p\u00fablica \u2013 Promotora de Justi\u00e7a Marluce Falc\u00e3o<\/span><\/p>\n<p style=\"text-align: justify;\" align=\"justify\"><span style=\"font-size: 14pt;\">9h20 \u2013 Apresenta\u00e7\u00e3o do tema \u201cO Minist\u00e9rio P\u00fablico em defesa das pessoas em situa\u00e7\u00e3o de rua\u201d &#8211; Procurador de Justi\u00e7a Anti\u00f3genes Marques de Lira<\/span><\/p>\n<p style=\"text-align: justify;\" align=\"justify\"><span style=\"font-size: 14pt;\"><strong>Primeira mesa de debate: POL\u00cdTICA DE SEGURAN\u00c7A P\u00daBLICA<\/strong><\/span><\/p>\n<p style=\"text-align: justify;\" align=\"justify\"><span style=\"font-size: 14pt;\">9h40 \u2013 Apresenta\u00e7\u00e3o do tema \u201c Homic\u00eddios de pessoas em situa\u00e7\u00e3o de rua\u201d &#8211; OAB\/AL<\/span><\/p>\n<p style=\"text-align: justify;\" align=\"justify\"><span style=\"font-size: 14pt;\">10h \u2013 Apresenta\u00e7\u00e3o \u201cApura\u00e7\u00e3o dos crimes de homic\u00eddios de pessoas em situa\u00e7\u00e3o de rua e as estat\u00edsticas oficiais \u2013 SEDS\/Delegacia de Homic\u00eddios da Capital<\/span><\/p>\n<p style=\"text-align: justify;\" align=\"justify\"><span style=\"font-size: 14pt;\">10h20 \u2013 Debatedor: Promotor de Justi\u00e7a Fl\u00e1vio Gomes da Costa<\/span><\/p>\n<p style=\"text-align: justify;\" align=\"justify\"><span style=\"font-size: 14pt;\"><strong>Segunda mesa de debate: POL\u00cdTICA DE ASSIST\u00caNCIA SOCIAL<\/strong><\/span><\/p>\n<p style=\"text-align: justify;\" align=\"justify\"><span style=\"font-size: 14pt;\">11h00 \u2013 Apresenta\u00e7\u00e3o do tema \u201cPol\u00edticas P\u00fablicas direcionadas \u00e0 popula\u00e7\u00e3o de rua na Cidade de Macei\u00f3-AL\u201d &#8211; Secretaria Municipal de Assist\u00eancia Social de Macei\u00f3;<\/span><\/p>\n<p style=\"text-align: justify;\" align=\"justify\"><span style=\"font-size: 14pt;\">11h20 \u2013 Apresenta\u00e7\u00e3o do tema \u201cPol\u00edticas P\u00fablicas em defesa das pessoas em situa\u00e7\u00e3o de rua no estado de Alagoas\u201d &#8211; Secretaria de Estado de Assist\u00eancia e Desenvolvimento Social;<\/span><\/p>\n<p style=\"text-align: justify;\" align=\"justify\"><span style=\"font-size: 14pt;\">11h40 \u2013 Debatedora: Marluce Falc\u00e3o de Oliveira<\/span><\/p>\n<p style=\"text-align: justify;\" align=\"justify\"><span style=\"font-size: 14pt;\"><strong>Terceira mesa de debate: POL\u00cdTICA DE SA\u00daDE P\u00daBLICA<\/strong><\/span><\/p>\n<p style=\"text-align: justify;\" align=\"justify\"><span style=\"font-size: 14pt;\">11h20 \u2013 Apresenta\u00e7\u00e3o: \u201cPol\u00edticas de sa\u00fade p\u00fablica direcionadas a pessoas em situa\u00e7\u00e3o de risco no Munic\u00edpio de Macei\u00f3-AL\u201d \u2013 Secretaria de Sa\u00fade do Munic\u00edpio de Macei\u00f3.<\/span><\/p>\n<p style=\"text-align: justify;\" align=\"justify\"><span style=\"font-size: 14pt;\">11h40 \u2013 Apresenta\u00e7\u00e3o \u201cPol\u00edticas P\u00fablicas da SEPAZ em defesa das pessoas em situa\u00e7\u00e3o de rua no estado de Alagoas\u201d<\/span><\/p>\n<p style=\"text-align: justify;\" align=\"justify\"><span style=\"font-size: 14pt;\">12h00 \u2013 Debatedora: Promotora de Justi\u00e7a Micheline Ten\u00f3rio<\/span><\/p>\n<p style=\"text-align: justify;\" align=\"justify\"><span style=\"font-size: 14pt;\">12h30 &#8211; ENCERRAMENTO<\/span><\/p>\n","protected":false},"excerpt":{"rendered":"<p> [&hellip;]<\/p>\n","protected":false},"author":5,"featured_media":10405,"comment_status":"open","ping_status":"open","sticky":false,"template":"","format":"standard","meta":{"om_disable_all_campaigns":false,"_monsterinsights_skip_tracking":false,"_monsterinsights_sitenote_active":false,"_monsterinsights_sitenote_note":"","_monsterinsights_sitenote_category":0,"_uf_show_specific_survey":0,"_uf_disable_surveys":false,"footnotes":""},"categories":[2],"tags":[],"class_list":["post-10404","post","type-post","status-publish","format-standard","has-post-thumbnail","hentry","category-not_mpal"],"aioseo_notices":[],"_links":{"self":[{"href":"https:\/\/www.mpal.mp.br\/index.php?rest_route=\/wp\/v2\/posts\/10404","targetHints":{"allow":["GET"]}}],"collection":[{"href":"https:\/\/www.mpal.mp.br\/index.php?rest_route=\/wp\/v2\/posts"}],"about":[{"href":"https:\/\/www.mpal.mp.br\/index.php?rest_route=\/wp\/v2\/types\/post"}],"author":[{"embeddable":true,"href":"https:\/\/www.mpal.mp.br\/index.php?rest_route=\/wp\/v2\/users\/5"}],"replies":[{"embeddable":true,"href":"https:\/\/www.mpal.mp.br\/index.php?rest_route=%2Fwp%2Fv2%2Fcomments&post=10404"}],"version-history":[{"count":1,"href":"https:\/\/www.mpal.mp.br\/index.php?rest_route=\/wp\/v2\/posts\/10404\/revisions"}],"predecessor-version":[{"id":10406,"href":"https:\/\/www.mpal.mp.br\/index.php?rest_route=\/wp\/v2\/posts\/10404\/revisions\/10406"}],"wp:featuredmedia":[{"embeddable":true,"href":"https:\/\/www.mpal.mp.br\/index.php?rest_route=\/wp\/v2\/media\/10405"}],"wp:attachment":[{"href":"https:\/\/www.mpal.mp.br\/index.php?rest_route=%2Fwp%2Fv2%2Fmedia&parent=10404"}],"wp:term":[{"taxonomy":"category","embeddable":true,"href":"https:\/\/www.mpal.mp.br\/index.php?rest_route=%2Fwp%2Fv2%2Fcategories&post=10404"},{"taxonomy":"post_tag","embeddable":true,"href":"https:\/\/www.mpal.mp.br\/index.php?rest_route=%2Fwp%2Fv2%2Ftags&post=10404"}],"curies":[{"name":"wp","href":"https:\/\/api.w.org\/{rel}","templated":true}]}}