{"id":10389,"date":"2015-04-23T08:44:55","date_gmt":"2015-04-23T11:44:55","guid":{"rendered":"https:\/\/www.mpal.mp.br\/?p=10389"},"modified":"2022-06-22T08:46:02","modified_gmt":"2022-06-22T11:46:02","slug":"mpe-al-comemora-lancamento-de-plano-intersetorial-em-defesa-da-populacao-em-situacao-de-rua-na-capital","status":"publish","type":"post","link":"https:\/\/www.mpal.mp.br\/?p=10389","title":{"rendered":"MPE\/AL comemora lan\u00e7amento de Plano Intersetorial em defesa da popula\u00e7\u00e3o em situa\u00e7\u00e3o de rua na Capital"},"content":{"rendered":"<p style=\"text-align: justify;\"><span style=\"font-size: 14pt;\">A pedido do Minist\u00e9rio P\u00fablico do Estado de Alagoas (MPE\/AL), a Prefeitura de Macei\u00f3, por meio da Secretaria Municipal de Assist\u00eancia Social (Semas), lan\u00e7ou nesta quinta-feira (23) o Plano Intersetorial de Monitoramento e Acompanhamento da Pol\u00edcia Municipal de Aten\u00e7\u00e3o \u00e0 Popula\u00e7\u00e3o em Situa\u00e7\u00e3o de Rua em Macei\u00f3 para os anos de 2015 a 2017. Na ocasi\u00e3o, tamb\u00e9m foi inaugurada a nova sede do Centro de Refer\u00eancia Especializado para este p\u00fablico, localizada na Avenida da Paz, Jaragu\u00e1.<\/span><\/p>\n<p style=\"text-align: justify;\"><span style=\"font-size: 14pt;\">O promotor de Justi\u00e7a Fl\u00e1vio Gomes da Costa Neto, que comanda a 61\u00ba Promotoria de Justi\u00e7a na defesa dos Direitos Humanos, representou o MPE\/AL no evento. Ele lembrou que o plano \u00e9 resultado do empenho da institui\u00e7\u00e3o ministerial em obter uma resposta do Munic\u00edpio em rela\u00e7\u00e3o \u00e0 onda de viol\u00eancia contra pessoas em situa\u00e7\u00e3o de rua na Capital.<\/span><\/p>\n<p style=\"text-align: justify;\"><span style=\"font-size: 14pt;\">\u201cA iniciativa servir\u00e1 como uma b\u00fassola para nortear a\u00e7\u00f5es de pol\u00edticas p\u00fablicas destinadas a esse p\u00fablico invis\u00edvel. Vale destacar que o plano \u00e9 dividido segundo as atribui\u00e7\u00f5es de cada secretaria municipal, que ter\u00e3o prazos para a realiza\u00e7\u00e3o das respectivas a\u00e7\u00f5es. O Minist\u00e9rio P\u00fablico Estadual, por meio da Promotoria de Defesa dos Direitos Humanos, n\u00e3o s\u00f3 cobrou o poder p\u00fablico, como tamb\u00e9m participou de algumas discuss\u00f5es importantes para a elabora\u00e7\u00e3o da estrat\u00e9gia\u201d, disse.<\/span><\/p>\n<p style=\"text-align: justify;\"><span style=\"font-size: 14pt;\">O Plano Intersetorial constitui-se no documento refer\u00eancia para a organiza\u00e7\u00e3o e acompanhamento das pol\u00edticas p\u00fablicas voltadas ao atendimento das demandas da popula\u00e7\u00e3o em situa\u00e7\u00e3o de rua de Macei\u00f3. Ele tamb\u00e9m serve como instrumento de interlocu\u00e7\u00e3o necess\u00e1ria com as demais pol\u00edticas que historicamente n\u00e3o atuam com a\u00e7\u00f5es voltadas para segmentos espec\u00edficos. Caber\u00e1 ao Comit\u00ea Intersetorial de Acompanhamento e Monitoramento da Pol\u00edtica Municipal para Popula\u00e7\u00e3o em Situa\u00e7\u00e3o de Rua fiscalizar o cumprimento do plano.<\/span><\/p>\n<p style=\"text-align: justify;\"><span style=\"font-size: 14pt;\">As a\u00e7\u00f5es previstas no plano buscam estabelecer diretrizes e rumos que possibilitem a reinser\u00e7\u00e3o das pessoas em situa\u00e7\u00e3o de rua \u00e0s suas refer\u00eancias familiares e comunit\u00e1rias, o acesso pleno aos direitos garantidos aos cidad\u00e3os brasileiros e o acesso a oportunidades de desenvolvimento social pleno. Para isso, ser\u00e3o considerados as rela\u00e7\u00f5es e os significados pr\u00f3prios produzidos pela viv\u00eancia do espa\u00e7o p\u00fablico da rua, conforme as diretrizes da Pol\u00edtica Nacional para Popula\u00e7\u00e3o em Situa\u00e7\u00e3o de Rua.<\/span><\/p>\n<p style=\"text-align: justify;\"><span style=\"font-size: 14pt;\">\u201cPela primeira vez, Macei\u00f3 ter\u00e1 um Centro para atender exclusivamente pessoas em situa\u00e7\u00e3o de rua. Um pr\u00e9dio amplo com estrutura e condi\u00e7\u00f5es melhores para dar assist\u00eancia a este p\u00fablico, al\u00e9m ofertar um local de trabalho para os servidores ofertarem um servi\u00e7o com mais qualidade. Aqui ser\u00e1 oferecido atendimento especializado com assistentes sociais, psic\u00f3logo e at\u00e9 encaminhamento para encontro da fam\u00edlia\u201d, salientou o prefeito sobre o pr\u00e9dio inaugurado hoje.<\/span><\/p>\n<p style=\"text-align: justify;\"><span style=\"font-size: 14pt;\"><strong>O Comit\u00ea<\/strong><\/span><\/p>\n<p style=\"text-align: justify;\"><span style=\"font-size: 14pt;\">O Comit\u00ea Intersetorial de Acompanhamento e Monitoramento da Pol\u00edtica Municipal para Popula\u00e7\u00e3o em Situa\u00e7\u00e3o de Rua em Macei\u00f3 foi institu\u00eddo atrav\u00e9s do Decreto n\u00ba 7.199, de 11 de novembro de 2010. Sua cria\u00e7\u00e3o \u00e9 decorrente do hist\u00f3rico de viol\u00eancias contra este p\u00fablico durante nos \u00faltimos anos, uma vez que o Munic\u00edpio se viu compelido a responder \u00e0 sequ\u00eancia de crimes de homic\u00eddios, repercuss\u00e3o na imprensa, den\u00fancias e press\u00e3o popular dos movimentos sociais.<\/span><\/p>\n<p style=\"text-align: justify;\"><span style=\"font-size: 14pt;\">Entre as atribui\u00e7\u00f5es do Comit\u00ea, encontram-se a sugest\u00e3o de a\u00e7\u00f5es, projetos e programas para a Popula\u00e7\u00e3o em Situa\u00e7\u00e3o de Rua; acompanhamento e monitoramento do desenvolvimento da Pol\u00edtica Municipal para a Popula\u00e7\u00e3o em Situa\u00e7\u00e3o de Rua; e a proposi\u00e7\u00e3o de medidas que assegurem a articula\u00e7\u00e3o intersetorial das pol\u00edticas p\u00fablicas municipais para o atendimento destas pessoas.<\/span><\/p>\n<p style=\"text-align: justify;\"><span style=\"font-size: 14pt;\">Integram o Comit\u00ea a Ordem dos Advogados do Brasil \u2013 Seccional Alagoas (OAB\/AL), a Arquidiocese de Macei\u00f3, o Projeto Er\u00ea, a Pastoral dos Moradores de Rua e representantes da popula\u00e7\u00e3o em situa\u00e7\u00e3o de rua. Pelo Munic\u00edpio, fazem parte coletivo as Secretarias Municipais de Assist\u00eancia Social, Seguran\u00e7a e Cidadania, Trabalho, Sa\u00fade, Educa\u00e7\u00e3o, Esporte e Lazer, Habita\u00e7\u00e3o Popular, al\u00e9m da Funda\u00e7\u00e3o Municipal de A\u00e7\u00e3o Cultural e da Secretaria Executiva do Gabinete do Prefeito.<\/span><\/p>\n","protected":false},"excerpt":{"rendered":"<p> [&hellip;]<\/p>\n","protected":false},"author":5,"featured_media":10391,"comment_status":"open","ping_status":"open","sticky":false,"template":"","format":"standard","meta":{"om_disable_all_campaigns":false,"_monsterinsights_skip_tracking":false,"_monsterinsights_sitenote_active":false,"_monsterinsights_sitenote_note":"","_monsterinsights_sitenote_category":0,"_uf_show_specific_survey":0,"_uf_disable_surveys":false,"footnotes":""},"categories":[2],"tags":[],"class_list":["post-10389","post","type-post","status-publish","format-standard","has-post-thumbnail","hentry","category-not_mpal"],"aioseo_notices":[],"_links":{"self":[{"href":"https:\/\/www.mpal.mp.br\/index.php?rest_route=\/wp\/v2\/posts\/10389","targetHints":{"allow":["GET"]}}],"collection":[{"href":"https:\/\/www.mpal.mp.br\/index.php?rest_route=\/wp\/v2\/posts"}],"about":[{"href":"https:\/\/www.mpal.mp.br\/index.php?rest_route=\/wp\/v2\/types\/post"}],"author":[{"embeddable":true,"href":"https:\/\/www.mpal.mp.br\/index.php?rest_route=\/wp\/v2\/users\/5"}],"replies":[{"embeddable":true,"href":"https:\/\/www.mpal.mp.br\/index.php?rest_route=%2Fwp%2Fv2%2Fcomments&post=10389"}],"version-history":[{"count":1,"href":"https:\/\/www.mpal.mp.br\/index.php?rest_route=\/wp\/v2\/posts\/10389\/revisions"}],"predecessor-version":[{"id":10392,"href":"https:\/\/www.mpal.mp.br\/index.php?rest_route=\/wp\/v2\/posts\/10389\/revisions\/10392"}],"wp:featuredmedia":[{"embeddable":true,"href":"https:\/\/www.mpal.mp.br\/index.php?rest_route=\/wp\/v2\/media\/10391"}],"wp:attachment":[{"href":"https:\/\/www.mpal.mp.br\/index.php?rest_route=%2Fwp%2Fv2%2Fmedia&parent=10389"}],"wp:term":[{"taxonomy":"category","embeddable":true,"href":"https:\/\/www.mpal.mp.br\/index.php?rest_route=%2Fwp%2Fv2%2Fcategories&post=10389"},{"taxonomy":"post_tag","embeddable":true,"href":"https:\/\/www.mpal.mp.br\/index.php?rest_route=%2Fwp%2Fv2%2Ftags&post=10389"}],"curies":[{"name":"wp","href":"https:\/\/api.w.org\/{rel}","templated":true}]}}