{"id":10383,"date":"2015-10-06T08:42:25","date_gmt":"2015-10-06T11:42:25","guid":{"rendered":"https:\/\/www.mpal.mp.br\/?p=10383"},"modified":"2022-06-22T08:43:06","modified_gmt":"2022-06-22T11:43:06","slug":"por-atuacao-em-defesa-dos-direitos-das-pessoas-com-deficiencia-promotor-flavio-costa-recebe-comenda-geronimo-ciqueira","status":"publish","type":"post","link":"https:\/\/www.mpal.mp.br\/?p=10383","title":{"rendered":"Por atua\u00e7\u00e3o em defesa dos direitos das pessoas com defici\u00eancia, promotor Fl\u00e1vio Costa recebe Comenda Ger\u00f4nimo Ciqueira"},"content":{"rendered":"<p style=\"text-align: justify;\"><span style=\"font-size: 14pt;\">Como reconhecimento \u00e0 sua atua\u00e7\u00e3o em defesa dos direitos das pessoas com defici\u00eancia f\u00edsica na capital, o promotor de Justi\u00e7a Fl\u00e1vio Gomes da Costa Neto recebeu, nesta ter\u00e7a-feira (6), a Comenda Ger\u00f4nimo Ciqueira da C\u00e2mara Municipal de Macei\u00f3. A honraria \u00e9 concedida pelos vereadores desde 2007, ano da morte do ex-vereador e deputado federal que d\u00e1 nome \u00e0 homenagem.<\/span><\/p>\n<p style=\"text-align: justify;\"><span style=\"font-size: 14pt;\">O vereador Luiz Carlos Santana foi o respons\u00e1vel pela indica\u00e7\u00e3o do representante do Minist\u00e9rio P\u00fablico do Estado de Alagoas. \u201cDestaco na entrega desta comenda do promotor Fl\u00e1vio Gomes a parceria que a institui\u00e7\u00e3o ministerial desenvolve junto \u00e0 C\u00e2mara Municipal de Macei\u00f3 em defesa das pessoas com defici\u00eancia\u201d, disse o parlamentar, que ressaltou o fato dos vereadores terem aprovado por unanimidade a homenagem ao promotor.<\/span><\/p>\n<p style=\"text-align: justify;\"><span style=\"font-size: 14pt;\">Natural da Bahia, Fl\u00e1vio Gomes relembrou o in\u00edcio da carreira no Minist\u00e9rio P\u00fablico quando atuou pela Promotoria de Justi\u00e7a de Maribondo. Na ocasi\u00e3o, o promotor conheceu Jos\u00e9 Batista da Silva, atualmente vice-prefeito do munic\u00edpio do agreste alagoano, com quem aprendeu, \u201cde fato\u201d, o conceito de acessibilidade.<\/span><\/p>\n<p style=\"text-align: justify;\"><span style=\"font-size: 14pt;\">\u201cSou menos digno para receber essa homenagem do que muitos das pessoas presentes nesta cerim\u00f4nia. Olha para o rosto do Batista e de cada um de voc\u00eas e pergunto onde est\u00e1 a defici\u00eancia, porque vejo aqui pessoas de coragem e vitoriosas, com hist\u00f3rias de supera\u00e7\u00e3o. Neste cen\u00e1rio, sou apenas um instrumento de trabalho em benef\u00edcio da sociedade\u201d, afirmou o promotor.<\/span><\/p>\n<p style=\"text-align: justify;\"><span style=\"font-size: 14pt;\">Fl\u00e1vio Gomes \u00e9 titular da 61\u00aa Promotoria de Justi\u00e7a da Capital, que possui atribui\u00e7\u00f5es judiciais e extrajudiciais de defesa da cidadania, dos direitos humanos, da igualdade de g\u00eaneros e racial, da liberdade religiosa, do direito \u00e0 livre orienta\u00e7\u00e3o sexual.<\/span><\/p>\n<p style=\"text-align: justify;\"><span style=\"font-size: 14pt;\"><strong>A comenda<\/strong><\/span><\/p>\n<p style=\"text-align: justify;\"><span style=\"font-size: 14pt;\">Para homenagear o legado pol\u00edtico deixado por Ger\u00f4nimo Ciqueira, bem como pessoas que lutam pelos direitos das pessoas com defici\u00eancia f\u00edsica na capital, a C\u00e2mara Municipal de Macei\u00f3 aprovou a cria\u00e7\u00e3o da comenda que traz o nome do ex-parlamentar. Aprovada por unanimidade, a resolu\u00e7\u00e3o de n\u00ba 625, de 24 de abril de 2007, foi proposta pela vereadora Tereza Nelma (PSDB).<\/span><\/p>\n<p style=\"text-align: justify;\"><span style=\"font-size: 14pt;\">A comenda \u00e9 entregue anualmente a personalidades e institui\u00e7\u00f5es que se destacaram na defesa da inclus\u00e3o social, econ\u00f4mica, pol\u00edtica e cultural de pessoas com defici\u00eancia f\u00edsica na capital.<\/span><\/p>\n<p style=\"text-align: justify;\"><span style=\"font-size: 14pt;\">Al\u00e9m do promotor de Justi\u00e7a Fl\u00e1vio Gomes, receberam a honraria em 2015 Carlos Alberto Dias da Cunha, C\u00edcero Luciano Peixoto da Silva, Edna Maria de Jesus Ros\u00e1rio, Escola Cec\u00edlia Meireles, Jo\u00e3o Ferreira Lima, Jos\u00e9 Roberto Ferreira Neves, Maria das Gra\u00e7as Dias, Micheline Maria Duarte Batista de Nazar\u00e9 e Telma Rodrigues Albino.<\/span><\/p>\n<p style=\"text-align: justify;\"><span style=\"font-size: 14pt;\">Ger\u00f4nimo Ciqueira faleceu em decorr\u00eancia de problemas respirat\u00f3rios, na cidade de Bras\u00edlia, no in\u00edcio do mandato parlamentar no Congresso Nacional. Natural de Mar Vermelho, foi por duas vezes vereador em Macei\u00f3 e o primeiro deficiente f\u00edsico a conquistar um mandato na C\u00e2mara Federal. Fundador da Associa\u00e7\u00e3o dos Deficientes F\u00edsicos de Alagoas (ADEFAL), entidade que presidiu por mais de 20 anos, Ger\u00f4nimo era cadeirante e um incans\u00e1vel defensor dos direitos das pessoas com defici\u00eancia no Estado.<\/span><\/p>\n","protected":false},"excerpt":{"rendered":"<p> [&hellip;]<\/p>\n","protected":false},"author":5,"featured_media":10384,"comment_status":"open","ping_status":"open","sticky":false,"template":"","format":"standard","meta":{"om_disable_all_campaigns":false,"_monsterinsights_skip_tracking":false,"_monsterinsights_sitenote_active":false,"_monsterinsights_sitenote_note":"","_monsterinsights_sitenote_category":0,"_uf_show_specific_survey":0,"_uf_disable_surveys":false,"footnotes":""},"categories":[2],"tags":[],"class_list":["post-10383","post","type-post","status-publish","format-standard","has-post-thumbnail","hentry","category-not_mpal"],"aioseo_notices":[],"_links":{"self":[{"href":"https:\/\/www.mpal.mp.br\/index.php?rest_route=\/wp\/v2\/posts\/10383","targetHints":{"allow":["GET"]}}],"collection":[{"href":"https:\/\/www.mpal.mp.br\/index.php?rest_route=\/wp\/v2\/posts"}],"about":[{"href":"https:\/\/www.mpal.mp.br\/index.php?rest_route=\/wp\/v2\/types\/post"}],"author":[{"embeddable":true,"href":"https:\/\/www.mpal.mp.br\/index.php?rest_route=\/wp\/v2\/users\/5"}],"replies":[{"embeddable":true,"href":"https:\/\/www.mpal.mp.br\/index.php?rest_route=%2Fwp%2Fv2%2Fcomments&post=10383"}],"version-history":[{"count":1,"href":"https:\/\/www.mpal.mp.br\/index.php?rest_route=\/wp\/v2\/posts\/10383\/revisions"}],"predecessor-version":[{"id":10385,"href":"https:\/\/www.mpal.mp.br\/index.php?rest_route=\/wp\/v2\/posts\/10383\/revisions\/10385"}],"wp:featuredmedia":[{"embeddable":true,"href":"https:\/\/www.mpal.mp.br\/index.php?rest_route=\/wp\/v2\/media\/10384"}],"wp:attachment":[{"href":"https:\/\/www.mpal.mp.br\/index.php?rest_route=%2Fwp%2Fv2%2Fmedia&parent=10383"}],"wp:term":[{"taxonomy":"category","embeddable":true,"href":"https:\/\/www.mpal.mp.br\/index.php?rest_route=%2Fwp%2Fv2%2Fcategories&post=10383"},{"taxonomy":"post_tag","embeddable":true,"href":"https:\/\/www.mpal.mp.br\/index.php?rest_route=%2Fwp%2Fv2%2Ftags&post=10383"}],"curies":[{"name":"wp","href":"https:\/\/api.w.org\/{rel}","templated":true}]}}