{"id":10379,"date":"2015-12-11T08:40:56","date_gmt":"2015-12-11T10:40:56","guid":{"rendered":"https:\/\/www.mpal.mp.br\/?p=10379"},"modified":"2022-06-22T08:42:02","modified_gmt":"2022-06-22T11:42:02","slug":"ministerio-publico-recomenda-ao-municipio-de-maceio-atendimento-prioritario-a-pessoa-com-deficiencia-para-garantir-gratuidade-no-transporte-coletivo","status":"publish","type":"post","link":"https:\/\/www.mpal.mp.br\/?p=10379","title":{"rendered":"Minist\u00e9rio P\u00fablico recomenda ao Munic\u00edpio de Macei\u00f3 atendimento priorit\u00e1rio \u00e0 pessoa com defici\u00eancia para garantir gratuidade no transporte coletivo"},"content":{"rendered":"<p style=\"text-align: justify;\"><span style=\"font-size: 14pt;\">O Minist\u00e9rio P\u00fablico Estadual de Alagoas (MPE\/AL) expediu recomenda\u00e7\u00e3o ao Munic\u00edpio de Macei\u00f3 para que a Prefeitura d\u00ea prioridade de atendimento \u00e0s pessoas com defici\u00eancia, de modo que elas possam ter assegurado o direito da gratuidade no transporte p\u00fablico coletivo. Tal recomenda\u00e7\u00e3o aconteceu porque um grupo de deficientes protocolou uma representa\u00e7\u00e3o no N\u00facleo de Defesa dos Direitos Humanos reclamando da demora no atendimento e da dificuldade em conseguir garantir a gratuidade prevista no Estatuto da Pessoa com Defici\u00eancia.<\/span><\/p>\n<p style=\"text-align: justify;\"><span style=\"font-size: 14pt;\">A recomenda\u00e7\u00e3o n\u00ba 01\/2015, assinada pela promotora de Justi\u00e7a Marluce Falc\u00e3o de Oliveira, coordenadora do N\u00facleo de Defesa dos Direitos Humanos do MPE\/AL, orientou o superintendente municipal de Transporte e Tr\u00e2nsito do Munic\u00edpio de Macei\u00f3 (SMTT) que adote as medidas cab\u00edveis para assegurar atendimento priorit\u00e1rio \u00e0s pessoas com defici\u00eancia, conforme estabelece a Lei Federal n\u00ba 13.146\/15 (Estatuto da Pessoa com Defici\u00eancia), criando nos processos de cadastramento para concess\u00e3o do direito \u00e0 gratuidade no pagamento de tarifas do sistema de transporte p\u00fablico de passageiros do Munic\u00edpio, \u201cceleridade e atua\u00e7\u00e3o conjunta, de forma coordenada com a Secretaria Municipal de Assist\u00eancia Social e a Secretaria Municipal de Sa\u00fade, principalmente, com a finalidade de atendimento das exig\u00eancias legais de cadastramento no Cad\u00danico e da realiza\u00e7\u00e3o de exames m\u00e9dicos credenciados pelo poder p\u00fablico, bem como, a realiza\u00e7\u00e3o de per\u00edcia por junta m\u00e9dica oficial, observando o prazo razo\u00e1vel para concess\u00e3o do cart\u00e3o de gratuidade, sob pena de sobrevitimiza\u00e7\u00e3o e viola\u00e7\u00e3o dos direitos humanos assegurados \u00e0 pessoa com defici\u00eancia\u201d.<\/span><\/p>\n<p style=\"text-align: justify;\"><span style=\"font-size: 14pt;\">\u00c0 Secretaria Municipal de Assist\u00eancia Social foi recomendado que ela promova o cadastro junto ao Cad\u00danico, nos processos de concess\u00e3o \u00e0s pessoas portadoras de defici\u00eancia para que possam ter o direito \u00e0 gratuidade no pagamento do transporte p\u00fablico. Todos os casos encaminhados pela SMTT dever\u00e3o ser tratados como \u201cpriorit\u00e1rios e com agendamento pr\u00e9vio, como previstos em lei, levando em considera\u00e7\u00e3o as necessidades peculiares de acessibilidade\u201d.<\/span><\/p>\n<p style=\"text-align: justify;\"><span style=\"font-size: 14pt;\">O Minist\u00e9rio P\u00fablico orientou ainda que a Secretaria Municipal de Sa\u00fade disponibilize, com prioridade, atendimento aos deficientes, com o fim de assegurar o exame m\u00e9dico necess\u00e1rio \u00e0 constata\u00e7\u00e3o da defici\u00eancia e a efetiva\u00e7\u00e3o de uma junta m\u00e9dica oficial, que, por sua vez, dever\u00e1 emitir, de forma \u201cc\u00e9lere\u201d, o laudo m\u00e9dico.<\/span><\/p>\n<p style=\"text-align: justify;\"><span style=\"font-size: 14pt;\">Por fim, a promotora Marluce Falc\u00e3o, al\u00e9m de enviar c\u00f3pia da recomenda\u00e7\u00e3o para as pastas j\u00e1 citadas acima, encaminha o mesmo documento ao prefeito de Macei\u00f3, com o objetivo de que, ele, por ser o chefe do Poder Executivo Municipal, tome ci\u00eancia do texto e tamb\u00e9m promova as medidas necess\u00e1rias \u00e0 efetiva\u00e7\u00e3o dos direitos das pessoas com defici\u00eancia. Caso o Munic\u00edpio n\u00e3o atenda a recomenda\u00e7\u00e3o, as Promotorias de Justi\u00e7a dos Direitos Humanos e de Prote\u00e7\u00e3o aos Deficientes v\u00e3o adotar as medidas pertinentes que o caso requer.<\/span><\/p>\n","protected":false},"excerpt":{"rendered":"<p> [&hellip;]<\/p>\n","protected":false},"author":5,"featured_media":10381,"comment_status":"open","ping_status":"open","sticky":false,"template":"","format":"standard","meta":{"om_disable_all_campaigns":false,"_monsterinsights_skip_tracking":false,"_monsterinsights_sitenote_active":false,"_monsterinsights_sitenote_note":"","_monsterinsights_sitenote_category":0,"_uf_show_specific_survey":0,"_uf_disable_surveys":false,"footnotes":""},"categories":[2],"tags":[],"class_list":["post-10379","post","type-post","status-publish","format-standard","has-post-thumbnail","hentry","category-not_mpal"],"aioseo_notices":[],"_links":{"self":[{"href":"https:\/\/www.mpal.mp.br\/index.php?rest_route=\/wp\/v2\/posts\/10379","targetHints":{"allow":["GET"]}}],"collection":[{"href":"https:\/\/www.mpal.mp.br\/index.php?rest_route=\/wp\/v2\/posts"}],"about":[{"href":"https:\/\/www.mpal.mp.br\/index.php?rest_route=\/wp\/v2\/types\/post"}],"author":[{"embeddable":true,"href":"https:\/\/www.mpal.mp.br\/index.php?rest_route=\/wp\/v2\/users\/5"}],"replies":[{"embeddable":true,"href":"https:\/\/www.mpal.mp.br\/index.php?rest_route=%2Fwp%2Fv2%2Fcomments&post=10379"}],"version-history":[{"count":1,"href":"https:\/\/www.mpal.mp.br\/index.php?rest_route=\/wp\/v2\/posts\/10379\/revisions"}],"predecessor-version":[{"id":10382,"href":"https:\/\/www.mpal.mp.br\/index.php?rest_route=\/wp\/v2\/posts\/10379\/revisions\/10382"}],"wp:featuredmedia":[{"embeddable":true,"href":"https:\/\/www.mpal.mp.br\/index.php?rest_route=\/wp\/v2\/media\/10381"}],"wp:attachment":[{"href":"https:\/\/www.mpal.mp.br\/index.php?rest_route=%2Fwp%2Fv2%2Fmedia&parent=10379"}],"wp:term":[{"taxonomy":"category","embeddable":true,"href":"https:\/\/www.mpal.mp.br\/index.php?rest_route=%2Fwp%2Fv2%2Fcategories&post=10379"},{"taxonomy":"post_tag","embeddable":true,"href":"https:\/\/www.mpal.mp.br\/index.php?rest_route=%2Fwp%2Fv2%2Ftags&post=10379"}],"curies":[{"name":"wp","href":"https:\/\/api.w.org\/{rel}","templated":true}]}}