{"id":10372,"date":"2013-12-11T08:38:36","date_gmt":"2013-12-11T10:38:36","guid":{"rendered":"https:\/\/www.mpal.mp.br\/?p=10372"},"modified":"2022-06-22T09:00:51","modified_gmt":"2022-06-22T12:00:51","slug":"operacao-conjunta-do-gecoc-e-de-forcas-da-seguranca-publica-prende-acusados-de-matar-policial-em-porto-de-pedras","status":"publish","type":"post","link":"https:\/\/www.mpal.mp.br\/?p=10372","title":{"rendered":"Opera\u00e7\u00e3o conjunta do Gecoc e de for\u00e7as da seguran\u00e7a p\u00fablica prende acusados de matar policial em Porto de Pedras"},"content":{"rendered":"<p style=\"text-align: justify;\" align=\"JUSTIFY\"><span style=\"font-size: 14pt;\">Numa opera\u00e7\u00e3o realizada na tarde desta quarta-feira, o Grupo Estadual de Combate ao Crime Organizado, do Minist\u00e9rio P\u00fablico do Estado de Alagoas, em parceria com o Batalh\u00e3o de Opera\u00e7\u00f5es Policiais Especiais, prendeu dois jovens e um adolescente acusados de envolvimento no assassinato do soldado Ivaldo Oliveira da Silva, na \u00faltima segunda-feira, no munic\u00edpio de Porto de Pedras.<\/span><\/p>\n<p style=\"text-align: justify;\" align=\"JUSTIFY\"><span style=\"font-size: 14pt;\">Os suspeitos ser\u00e3o levados \u00e0 Central de Pol\u00edcia t\u00e3o logo sejam conclu\u00eddos os trabalhos, que ainda seguem em andamento. A Secretaria de Defesa social, a Superintend\u00eancia de Administra\u00e7\u00e3o Penitenci\u00e1ria e o Servi\u00e7o de Intelig\u00eancia da Pol\u00edcia Militar tamb\u00e9m participaram da opera\u00e7\u00e3o.<\/span><\/p>\n<p style=\"text-align: justify;\" align=\"JUSTIFY\"><span style=\"font-size: 14pt;\">Os tr\u00eas supostos membros da quadrilha foram detidos no bairro do Ouro Preto. Com eles, o Gecoc e a Pol\u00edcia apreenderam quatro armas. &#8220;Inclusive, as duas pistolas 40 roubadas do Grupamento da PM de Porto de Pedras foram recuperadas. Elas t\u00eam o bras\u00e3o da Pol\u00edcia Militar&#8221;, afirmou o promotor de Justi\u00e7a Alfredo Gaspar de Mendon\u00e7a, coordenador do Gecoc. O telefone de um padeiro, que tamb\u00e9m foi levado pelos bandidos, foi localizado.<\/span><\/p>\n","protected":false},"excerpt":{"rendered":"<p> [&hellip;]<\/p>\n","protected":false},"author":2,"featured_media":10375,"comment_status":"open","ping_status":"open","sticky":false,"template":"","format":"standard","meta":{"om_disable_all_campaigns":false,"_monsterinsights_skip_tracking":false,"_monsterinsights_sitenote_active":false,"_monsterinsights_sitenote_note":"","_monsterinsights_sitenote_category":0,"_uf_show_specific_survey":0,"_uf_disable_surveys":false,"footnotes":""},"categories":[23],"tags":[],"class_list":["post-10372","post","type-post","status-publish","format-standard","has-post-thumbnail","hentry","category-not_gaeco"],"aioseo_notices":[],"_links":{"self":[{"href":"https:\/\/www.mpal.mp.br\/index.php?rest_route=\/wp\/v2\/posts\/10372","targetHints":{"allow":["GET"]}}],"collection":[{"href":"https:\/\/www.mpal.mp.br\/index.php?rest_route=\/wp\/v2\/posts"}],"about":[{"href":"https:\/\/www.mpal.mp.br\/index.php?rest_route=\/wp\/v2\/types\/post"}],"author":[{"embeddable":true,"href":"https:\/\/www.mpal.mp.br\/index.php?rest_route=\/wp\/v2\/users\/2"}],"replies":[{"embeddable":true,"href":"https:\/\/www.mpal.mp.br\/index.php?rest_route=%2Fwp%2Fv2%2Fcomments&post=10372"}],"version-history":[{"count":1,"href":"https:\/\/www.mpal.mp.br\/index.php?rest_route=\/wp\/v2\/posts\/10372\/revisions"}],"predecessor-version":[{"id":10376,"href":"https:\/\/www.mpal.mp.br\/index.php?rest_route=\/wp\/v2\/posts\/10372\/revisions\/10376"}],"wp:featuredmedia":[{"embeddable":true,"href":"https:\/\/www.mpal.mp.br\/index.php?rest_route=\/wp\/v2\/media\/10375"}],"wp:attachment":[{"href":"https:\/\/www.mpal.mp.br\/index.php?rest_route=%2Fwp%2Fv2%2Fmedia&parent=10372"}],"wp:term":[{"taxonomy":"category","embeddable":true,"href":"https:\/\/www.mpal.mp.br\/index.php?rest_route=%2Fwp%2Fv2%2Fcategories&post=10372"},{"taxonomy":"post_tag","embeddable":true,"href":"https:\/\/www.mpal.mp.br\/index.php?rest_route=%2Fwp%2Fv2%2Ftags&post=10372"}],"curies":[{"name":"wp","href":"https:\/\/api.w.org\/{rel}","templated":true}]}}