{"id":10352,"date":"2016-01-19T08:12:28","date_gmt":"2016-01-19T10:12:28","guid":{"rendered":"https:\/\/www.mpal.mp.br\/?p=10352"},"modified":"2022-06-22T08:15:23","modified_gmt":"2022-06-22T11:15:23","slug":"promotor-de-justica-encontra-ossada-exposta-no-cemiterio-divina-pastora-corpos-de-indigentes-sao-enterrados-no-local","status":"publish","type":"post","link":"https:\/\/www.mpal.mp.br\/?p=10352","title":{"rendered":"Promotor de Justi\u00e7a encontra ossada exposta no Cemit\u00e9rio Divina Pastora; corpos de indigentes s\u00e3o enterrados no local"},"content":{"rendered":"<p style=\"text-align: justify;\"><span style=\"font-size: 14pt;\">Em inspe\u00e7\u00e3o realizada no Cemit\u00e9rio Divina Pastora, no bairro de Novo, em Macei\u00f3, o promotor de Justi\u00e7a Fl\u00e1vio Costa constatou a superlota\u00e7\u00e3o do local, que, por n\u00e3o caber mais corpos, enterra-os em covas rasas, permitindo a exposi\u00e7\u00e3o de sacos com ossos ou mesmo restos mortais na superf\u00edcie do terreno. O Minist\u00e9rio P\u00fablico do Estado de Alagoas (MPE\/AL) realizar\u00e1, nesta quarta-feira, \u00e0s 15h, no pr\u00e9dio-sede das Promotorias de Justi\u00e7a da Capital, no Barro Duro, uma audi\u00eancia com representantes da Superintend\u00eancia Municipal de Controle e Conv\u00edvio Urbano (SMCCU) e com o Instituto M\u00e9dico Legal de Alagoas (IML).<\/span><\/p>\n<p style=\"text-align: justify;\"><span style=\"font-size: 14pt;\">A den\u00fancia sobre as condi\u00e7\u00f5es do cemit\u00e9rio foi feita ontem pela dire\u00e7\u00e3o do IML junto \u00e0s 61\u00aa e 62\u00aa Promotorias de Justi\u00e7a da Capital, respons\u00e1veis pelo controle externo da atividade policial e pela defesa dos direitos humanos, respectivamente, ambas sob o comando do promotor Fl\u00e1vio Costa. No conte\u00fado denunciado, constavam fotos de autoria an\u00f4nima que mostravam um corpo ainda em estado de decomposi\u00e7\u00e3o sendo atacado por urubus na parte destinada a corpos de indigente.<\/span><\/p>\n<p style=\"text-align: justify;\"><span style=\"font-size: 14pt;\">Ao chegar ao cemit\u00e9rio, o promotor n\u00e3o encontrou mais o corpo que aparece nas imagens, mas pode comprovar a precariedade do local. \u201c\u00c9 poss\u00edvel perceber o desrespeito \u00e0 dignidade humana, independentemente de serem indigentes. Nessas covas rasas, s\u00e3o enterrados corpos sobre corpos. O Minist\u00e9rio P\u00fablico adotar\u00e1 as medidas cab\u00edveis para resolver esta situa\u00e7\u00e3o, tal como o fez com o Cemit\u00e9rio S\u00e3o Jos\u00e9, at\u00e9 porque este campo-santo, neste estado, tamb\u00e9m coloca em risco o meio ambiente da regi\u00e3o\u201d, disse.<\/span><\/p>\n<p style=\"text-align: justify;\"><span style=\"font-size: 14pt;\">Ao lado de Fl\u00e1vio Costa, estava o diretor do IML, Fernando Marcelo de Paula, que tamb\u00e9m mostrou hoje ao promotor de Justi\u00e7a a superlota\u00e7\u00e3o do Instituto. \u201cEstamos estrangulados. Para 12 gavetas, temos o dobro de corpos. E a demanda n\u00e3o para. Sabemos que o problema de superlota\u00e7\u00e3o do cemit\u00e9rio n\u00e3o surgiu de um dia para outro, por\u00e9m \u00e9 preciso solucion\u00e1-lo, at\u00e9 porque est\u00e1 tornando invi\u00e1vel o funcionamento do nosso \u00f3rg\u00e3o. Quando n\u00e3o for mais poss\u00edvel colocar os corpos no local adequado, restar\u00e1 o dep\u00f3sito em ambiente n\u00e3o refrigerado, o que pode espalhar um odor no entorno do pr\u00e9dio, prejudicando a comunidade vizinha\u201d, alertou o m\u00e9dico-legista.<\/span><\/p>\n<p style=\"text-align: justify;\"><span style=\"font-size: 14pt;\">O diretor do Departamento de Cemit\u00e9rio da SMCCU, Rog\u00e9rio Gomes, acompanhou a inspe\u00e7\u00e3o e alegou desconhecimento das condi\u00e7\u00f5es encontradas no campo-santo. \u201cVamos tomar as provid\u00eancias necess\u00e1rias para corrigir o problema, a come\u00e7ar pelo recolhimento das pe\u00e7as anat\u00f4micas expostas, guardando-as num lugar seguro\u201d, afirmou. O administrador do cemit\u00e9rio n\u00e3o apareceu no local.<\/span><\/p>\n<p style=\"text-align: justify;\">\n<ul id=\"sig050d7623a3\" class=\"sig-container\">\n<li class=\"sig-block\" style=\"text-align: justify;\"><\/li>\n<\/ul>\n","protected":false},"excerpt":{"rendered":"<p> [&hellip;]<\/p>\n","protected":false},"author":5,"featured_media":10353,"comment_status":"open","ping_status":"open","sticky":false,"template":"","format":"standard","meta":{"om_disable_all_campaigns":false,"_monsterinsights_skip_tracking":false,"_monsterinsights_sitenote_active":false,"_monsterinsights_sitenote_note":"","_monsterinsights_sitenote_category":0,"_uf_show_specific_survey":0,"_uf_disable_surveys":false,"footnotes":""},"categories":[2],"tags":[],"class_list":["post-10352","post","type-post","status-publish","format-standard","has-post-thumbnail","hentry","category-not_mpal"],"aioseo_notices":[],"_links":{"self":[{"href":"https:\/\/www.mpal.mp.br\/index.php?rest_route=\/wp\/v2\/posts\/10352","targetHints":{"allow":["GET"]}}],"collection":[{"href":"https:\/\/www.mpal.mp.br\/index.php?rest_route=\/wp\/v2\/posts"}],"about":[{"href":"https:\/\/www.mpal.mp.br\/index.php?rest_route=\/wp\/v2\/types\/post"}],"author":[{"embeddable":true,"href":"https:\/\/www.mpal.mp.br\/index.php?rest_route=\/wp\/v2\/users\/5"}],"replies":[{"embeddable":true,"href":"https:\/\/www.mpal.mp.br\/index.php?rest_route=%2Fwp%2Fv2%2Fcomments&post=10352"}],"version-history":[{"count":1,"href":"https:\/\/www.mpal.mp.br\/index.php?rest_route=\/wp\/v2\/posts\/10352\/revisions"}],"predecessor-version":[{"id":10354,"href":"https:\/\/www.mpal.mp.br\/index.php?rest_route=\/wp\/v2\/posts\/10352\/revisions\/10354"}],"wp:featuredmedia":[{"embeddable":true,"href":"https:\/\/www.mpal.mp.br\/index.php?rest_route=\/wp\/v2\/media\/10353"}],"wp:attachment":[{"href":"https:\/\/www.mpal.mp.br\/index.php?rest_route=%2Fwp%2Fv2%2Fmedia&parent=10352"}],"wp:term":[{"taxonomy":"category","embeddable":true,"href":"https:\/\/www.mpal.mp.br\/index.php?rest_route=%2Fwp%2Fv2%2Fcategories&post=10352"},{"taxonomy":"post_tag","embeddable":true,"href":"https:\/\/www.mpal.mp.br\/index.php?rest_route=%2Fwp%2Fv2%2Ftags&post=10352"}],"curies":[{"name":"wp","href":"https:\/\/api.w.org\/{rel}","templated":true}]}}