{"id":10349,"date":"2016-02-24T08:10:19","date_gmt":"2016-02-24T11:10:19","guid":{"rendered":"https:\/\/www.mpal.mp.br\/?p=10349"},"modified":"2022-06-22T08:11:55","modified_gmt":"2022-06-22T11:11:55","slug":"em-reuniao-no-mpe-al-igreja-catolica-apresenta-projeto-para-reforma-do-cemiterio-divina-pastora-prefeitura-vai-avaliar-viabilidade-tecnica","status":"publish","type":"post","link":"https:\/\/www.mpal.mp.br\/?p=10349","title":{"rendered":"Em reuni\u00e3o no MPE\/AL, Igreja Cat\u00f3lica apresenta projeto para reforma do cemit\u00e9rio Divina Pastora; Prefeitura vai avaliar viabilidade t\u00e9cnica"},"content":{"rendered":"<p style=\"text-align: justify;\"><span style=\"font-size: 14pt;\">Transformar o cemit\u00e9rio Divina Pastora em &#8216;Parque da Esperan\u00e7a&#8217;. Esse \u00e9 o objetivo da Igreja Cat\u00f3lica, cujo projeto conta com o apoio integral do Minist\u00e9rio P\u00fablico Estadual de Alagoas. O projeto, confeccionado pela Arquidiocese de Macei\u00f3, foi apresentado na tarde dessa ter\u00e7a-feira (23) \u00e0s Promotorias de Justi\u00e7a de Direitos Humanos e Urbanismo e a representantes da Prefeitura de Macei\u00f3. A iniciativa crist\u00e3 foi aprovada por todas as autoridades presentes e o Munic\u00edpio ficou de avaliar a sua viabilidade t\u00e9cnica.<\/span><\/p>\n<p style=\"text-align: justify;\"><span style=\"font-size: 14pt;\">Todos os custos para a reforma do cemit\u00e9rio ser\u00e3o bancados pela Igreja Cat\u00f3lica, que j\u00e1 come\u00e7ou a arrecadar recursos para essa finalidade. E esse desejo, protagonizado pelo arcebispo de Macei\u00f3, dom Ant\u00f4nio Muniz Fernandes, foi compartilhado com o Minist\u00e9rio P\u00fablico na semana passada, que, diante da iniciativa, promoveu a reuni\u00e3o. \u201cO tema da Campanha da Fraternidade deste ano \u00e9 &#8216;Casa Comum, nossa responsabilidade&#8217; e levanta a discuss\u00e3o sobre o saneamento b\u00e1sico. Como o terreno do cemit\u00e9rio Divina Pastora pertence \u00e0 igreja, a Arquidiocese de Macei\u00f3 recebeu assumir parte da responsabilidade daquele im\u00f3vel e transform\u00e1-lo num local que ofere\u00e7a mais dignidade tanto \u00e0s fam\u00edlias que enterram seus parentes ali, quanto para as pr\u00f3prias v\u00edtimas. Discutimos o projeto, ele ser\u00e1 de extrema relev\u00e2ncia e \u00e9 por isso que conta com o apoio do MP\u201d, explicou o promotor de Justi\u00e7a Fl\u00e1vio Costa.<\/span><\/p>\n<p style=\"text-align: justify;\"><span style=\"font-size: 14pt;\">\u201cO tema da Campanha da Fraternidade desse ano nos motivou a ter essa iniciativa. Os nossos cemit\u00e9rios s\u00e3o fontes de polui\u00e7\u00e3o, todo o len\u00e7ol fre\u00e1tico \u00e9 contaminado por causa do mau uso do terreno. O saneamento ao redor de um equipamento p\u00fablico como esse \u00e9 fundamental para que o chorume cadav\u00e9rico possa ser canalizado e n\u00e3o continue prejudicando o meio ambiente e a sa\u00fade dos moradores da regi\u00e3o\u201d, argumentou dom Ant\u00f4nio Muniz.<\/span><\/p>\n<p style=\"text-align: justify;\"><span style=\"font-size: 14pt;\">\u201cAl\u00e9m disso, o papa Francisco decretou 2016 como o &#8216;Ano do Jubileu Extraordin\u00e1rio da Miseric\u00f3rdia&#8217; e uma das obras de miseric\u00f3rdia que precisa ser executada \u00e9 o respeito ao sepultamento dos mortos. Por isso tamb\u00e9m n\u00f3s queremos promover essa reforma\u201d, completou o arcebispo de Macei\u00f3.<\/span><\/p>\n<p style=\"text-align: justify;\">\n<p style=\"text-align: justify;\"><span style=\"font-size: 14pt;\"><strong>O projeto<\/strong><\/span><\/p>\n<p style=\"text-align: justify;\"><span style=\"font-size: 14pt;\">De acordo com o projeto, a reforma consiste em fazer a limpeza de todo o terreno, construir 200 oss\u00e1rios, tornar a capela que fica dentro do cemit\u00e9rio um local de mais celebra\u00e7\u00f5es e construir uma biblioteca para atividades religiosas, envolvendo todos os credos, com as presen\u00e7as tamb\u00e9m das igrejas evang\u00e9licas e das religi\u00f5es Matriz Africana.<\/span><\/p>\n<p style=\"text-align: justify;\"><span style=\"font-size: 14pt;\">Tamb\u00e9m foi discutida a possibilidade da constru\u00e7\u00e3o de um cremat\u00f3rio dentro do Divina Pastora. \u201cIsso resolveria boa parte do problema do cemit\u00e9rio, j\u00e1 que ele vive superlotado. Para tanto, seria necess\u00e1ria uma parceria com o IML e o Instituto de Identifica\u00e7\u00e3o e, claro, uma sensibiliza\u00e7\u00e3o junto \u00e0s fam\u00edlias para que parte dos corpos pudesse ser cremada\u201d, disse o promotor de Justi\u00e7a Ant\u00f4nio Sodr\u00e9, da Promotoria de Urbanismo. A mesma ideia foi defendida pela promotora N\u00edsia Cunha, tamb\u00e9m da Promotoria de Urbanismo. Como o custo para a implanta\u00e7\u00e3o de um cremat\u00f3rio \u00e9 alto, levantou-se a possibilidade de pedir ajuda \u00e0 bancada federal de Alagoas por meio de emendas parlamentares para 2017.<\/span><\/p>\n<p style=\"text-align: justify;\"><span style=\"font-size: 14pt;\">v\u00e1rios representantes da Prefeitura de Macei\u00f3 estiveram presentes \u00e0 reuni\u00e3o. O procurador-chefe urban\u00edstico da Procuradoria Geral do Munic\u00edpio manifestou apoio ao projeto, por\u00e9m, informou que os t\u00e9cnicos da SMCCU e da Sempma precisam avaliar com detalhes a proposta da Igreja Cat\u00f3lica. \u201cSeria um grande avan\u00e7o \u00e0 estrutura do cemit\u00e9rio, mas temos que analisar tecnicamente a sua viabilidade. Teremos uma reuni\u00e3o com os nossos t\u00e9cnicos e com a Arquidiocese para discutirmos todos os detalhes, a exemplo das licen\u00e7as ambiental e de opera\u00e7\u00e3o, necess\u00e1rias para qualquer obra\u201d, esclareceu.<\/span><\/p>\n<p style=\"text-align: justify;\"><span style=\"font-size: 14pt;\">Ap\u00f3s a reuni\u00e3o, ficou acordado que a Prefeitura, em 15 dias, dar\u00e1 uma resposta oficial ao MPE\/AL sobre a referida reforma.<\/span><\/p>\n","protected":false},"excerpt":{"rendered":"<p> [&hellip;]<\/p>\n","protected":false},"author":5,"featured_media":10350,"comment_status":"open","ping_status":"open","sticky":false,"template":"","format":"standard","meta":{"om_disable_all_campaigns":false,"_monsterinsights_skip_tracking":false,"_monsterinsights_sitenote_active":false,"_monsterinsights_sitenote_note":"","_monsterinsights_sitenote_category":0,"_uf_show_specific_survey":0,"_uf_disable_surveys":false,"footnotes":""},"categories":[2],"tags":[],"class_list":["post-10349","post","type-post","status-publish","format-standard","has-post-thumbnail","hentry","category-not_mpal"],"aioseo_notices":[],"_links":{"self":[{"href":"https:\/\/www.mpal.mp.br\/index.php?rest_route=\/wp\/v2\/posts\/10349","targetHints":{"allow":["GET"]}}],"collection":[{"href":"https:\/\/www.mpal.mp.br\/index.php?rest_route=\/wp\/v2\/posts"}],"about":[{"href":"https:\/\/www.mpal.mp.br\/index.php?rest_route=\/wp\/v2\/types\/post"}],"author":[{"embeddable":true,"href":"https:\/\/www.mpal.mp.br\/index.php?rest_route=\/wp\/v2\/users\/5"}],"replies":[{"embeddable":true,"href":"https:\/\/www.mpal.mp.br\/index.php?rest_route=%2Fwp%2Fv2%2Fcomments&post=10349"}],"version-history":[{"count":1,"href":"https:\/\/www.mpal.mp.br\/index.php?rest_route=\/wp\/v2\/posts\/10349\/revisions"}],"predecessor-version":[{"id":10351,"href":"https:\/\/www.mpal.mp.br\/index.php?rest_route=\/wp\/v2\/posts\/10349\/revisions\/10351"}],"wp:featuredmedia":[{"embeddable":true,"href":"https:\/\/www.mpal.mp.br\/index.php?rest_route=\/wp\/v2\/media\/10350"}],"wp:attachment":[{"href":"https:\/\/www.mpal.mp.br\/index.php?rest_route=%2Fwp%2Fv2%2Fmedia&parent=10349"}],"wp:term":[{"taxonomy":"category","embeddable":true,"href":"https:\/\/www.mpal.mp.br\/index.php?rest_route=%2Fwp%2Fv2%2Fcategories&post=10349"},{"taxonomy":"post_tag","embeddable":true,"href":"https:\/\/www.mpal.mp.br\/index.php?rest_route=%2Fwp%2Fv2%2Ftags&post=10349"}],"curies":[{"name":"wp","href":"https:\/\/api.w.org\/{rel}","templated":true}]}}