{"id":10332,"date":"2014-02-10T10:56:49","date_gmt":"2014-02-10T12:56:49","guid":{"rendered":"https:\/\/www.mpal.mp.br\/?p=10332"},"modified":"2022-06-21T11:01:13","modified_gmt":"2022-06-21T14:01:13","slug":"operacao-do-gecoc-e-secretaria-de-defesa-social-prendeu-acusados-de-assaltos-contra-agencias-bancarias","status":"publish","type":"post","link":"https:\/\/www.mpal.mp.br\/?p=10332","title":{"rendered":"Opera\u00e7\u00e3o do Gecoc e Secretaria de Defesa Social prendeu acusados de assaltos contra ag\u00eancias banc\u00e1rias"},"content":{"rendered":"<p style=\"text-align: justify;\"><span style=\"font-size: 14pt;\">Uma opera\u00e7\u00e3o conjunta envolvendo o do Grupo Estadual de Combate as Organiza\u00e7\u00f5es Criminosas (Gecoc) do Minist\u00e9rio P\u00fablico Estadual de Alagoas e as Pol\u00edcias Civil e Militar, deflagrada nesse s\u00e1bado (08), nas cidades de Delmiro Gouveia, Canapi, Monteir\u00f3polis, Cra\u00edbas e S\u00e3o Jos\u00e9 da Tapera, no Sert\u00e3o de Alagoas, prendeu 14 pessoas acusadas de fazerem parte de quadrilhas especializadas em roubo a bancos e assaltos nas rodovias do interior do Estado.<\/span><\/p>\n<p style=\"text-align: justify;\"><span style=\"font-size: 14pt;\">A a\u00e7\u00e3o, que foi coordenada pelo promotor de Justi\u00e7a e integrante do Gecoc Luiz Ten\u00f3rio, e contou com a colabora\u00e7\u00e3o da delegada Ana Lu\u00edza Nogueira, diretora de Pol\u00edcia Judici\u00e1ria da \u00c1rea 1 (DPJA 1), do delegado Regional de Delmiro Gouveia, Rodrigo Cavalcante, e do comandante de Pol\u00edcia da \u00c1rea 1 (CPA 1), tenente-coronel Joaz Fontes, cumpriu mandados de pris\u00e3o tempor\u00e1ria expedidos pelo juiz Orlando Rocha Filho, ap\u00f3s investiga\u00e7\u00f5es.<\/span><\/p>\n<p style=\"text-align: justify;\"><span style=\"font-size: 14pt;\">Foram presos: Bruno Gomes dos Santos, 18 anos; Francisco de Jesus, 28; Ade\u00edlson de Jesus, 36; Denivaldo Santos Ferraz, 54; Jos\u00e9 Luciano Rodrigues Gomes, 38; Luildson de Souza Silva, 21; Geov\u00e2nio Matos da Silva, 41; Alo\u00edsio Lor\u00e1cio Vilar, 48; Sebasti\u00e3o de Souza dos Anjos, 20; Jos\u00e9 Marcos Rodrigues, 18; Ulisses Oliveira Filho, 47; e Edm\u00edlson Oliveira Santos, 39 anos.<\/span><\/p>\n<p style=\"text-align: justify;\"><span style=\"font-size: 14pt;\">\u201cParte desses acusados, cinco mais precisamente, participou dos roubos contra ag\u00eancias banc\u00e1rias do Bradesco localizadas nos munic\u00edpios de S\u00e3o Jos\u00e9 da Tapera, Carneiros, Cra\u00edbas e Monteir\u00f3polis. Todos esses assaltos aconteceram j\u00e1 neste ano de 2014 e, desde o primeiro crime, come\u00e7amos as investiga\u00e7\u00f5es. Trabalhamos muito e o resultado foi a desarticula\u00e7\u00e3o de parte desse bando\u201d, explicou Luiz Ten\u00f3rio.<\/span><\/p>\n<p style=\"text-align: justify;\"><span style=\"font-size: 14pt;\">\u201cOs trabalhos continuam porque sabemos que a organiza\u00e7\u00e3o criminosa ainda \u00e9 composta por muitas outras pessoas. Ent\u00e3o, a investiga\u00e7\u00e3o vai durar at\u00e9 que consigamos prender toda a quadrilha\u201d, acrescentou o promotor, que afirmou ainda que, para chegar at\u00e9 o bando, o Gecoc contou com a parceria da Secretaria de Estado da Defesa Social, atrav\u00e9s dos servi\u00e7os de intelig\u00eancia das Pol\u00edcias Civil e Militar.<\/span><\/p>\n<p style=\"text-align: justify;\"><span style=\"font-size: 14pt;\"><strong>Apreens\u00f5es<\/strong><\/span><\/p>\n<p style=\"text-align: justify;\"><span style=\"font-size: 14pt;\">Com os acusados foram encontradas armas de fogo e, por conta desse flagrante, eles foram autuados por porte ilegal de arma de fogo e forma\u00e7\u00e3o de quadrilha.<\/span><\/p>\n<p style=\"text-align: justify;\"><span style=\"font-size: 14pt;\">De acordo com a delegada Ana Lu\u00edza Nogueira, diretora da DPJA 1, alguns dos acusados roubavam ve\u00edculos e cargas nas rodovias do Sert\u00e3o.<\/span><\/p>\n<p style=\"text-align: justify;\"><span style=\"font-size: 14pt;\">A opera\u00e7\u00e3o integrada fez parte parte de um plano de a\u00e7\u00e3o de combate \u00e0 viol\u00eancia planejado pelo coordenador do Gecoc, promotor de Justi\u00e7a Alfredo Gaspar, pelo secret\u00e1rio de Defesa Social, Eduardo Tavares, pelo delegado-geral da Pol\u00edcia Civil, Carlos Reis e pelo comandante-geral da PM, coronel Marcus Pinheiro.<\/span><\/p>\n","protected":false},"excerpt":{"rendered":"<p> [&hellip;]<\/p>\n","protected":false},"author":2,"featured_media":10334,"comment_status":"open","ping_status":"open","sticky":false,"template":"","format":"standard","meta":{"om_disable_all_campaigns":false,"_monsterinsights_skip_tracking":false,"_monsterinsights_sitenote_active":false,"_monsterinsights_sitenote_note":"","_monsterinsights_sitenote_category":0,"_uf_show_specific_survey":0,"_uf_disable_surveys":false,"footnotes":""},"categories":[23],"tags":[],"class_list":["post-10332","post","type-post","status-publish","format-standard","has-post-thumbnail","hentry","category-not_gaeco"],"aioseo_notices":[],"_links":{"self":[{"href":"https:\/\/www.mpal.mp.br\/index.php?rest_route=\/wp\/v2\/posts\/10332","targetHints":{"allow":["GET"]}}],"collection":[{"href":"https:\/\/www.mpal.mp.br\/index.php?rest_route=\/wp\/v2\/posts"}],"about":[{"href":"https:\/\/www.mpal.mp.br\/index.php?rest_route=\/wp\/v2\/types\/post"}],"author":[{"embeddable":true,"href":"https:\/\/www.mpal.mp.br\/index.php?rest_route=\/wp\/v2\/users\/2"}],"replies":[{"embeddable":true,"href":"https:\/\/www.mpal.mp.br\/index.php?rest_route=%2Fwp%2Fv2%2Fcomments&post=10332"}],"version-history":[{"count":1,"href":"https:\/\/www.mpal.mp.br\/index.php?rest_route=\/wp\/v2\/posts\/10332\/revisions"}],"predecessor-version":[{"id":10335,"href":"https:\/\/www.mpal.mp.br\/index.php?rest_route=\/wp\/v2\/posts\/10332\/revisions\/10335"}],"wp:featuredmedia":[{"embeddable":true,"href":"https:\/\/www.mpal.mp.br\/index.php?rest_route=\/wp\/v2\/media\/10334"}],"wp:attachment":[{"href":"https:\/\/www.mpal.mp.br\/index.php?rest_route=%2Fwp%2Fv2%2Fmedia&parent=10332"}],"wp:term":[{"taxonomy":"category","embeddable":true,"href":"https:\/\/www.mpal.mp.br\/index.php?rest_route=%2Fwp%2Fv2%2Fcategories&post=10332"},{"taxonomy":"post_tag","embeddable":true,"href":"https:\/\/www.mpal.mp.br\/index.php?rest_route=%2Fwp%2Fv2%2Ftags&post=10332"}],"curies":[{"name":"wp","href":"https:\/\/api.w.org\/{rel}","templated":true}]}}