{"id":10330,"date":"2014-02-13T10:54:09","date_gmt":"2014-02-13T12:54:09","guid":{"rendered":"https:\/\/www.mpal.mp.br\/?p=10330"},"modified":"2022-06-21T10:54:33","modified_gmt":"2022-06-21T13:54:33","slug":"mpe-al-acusa-ex-prefeito-de-sao-luis-do-quitunde-de-fraudar-nomeacao-de-servidores-17a-vara-criminal-acolhe-denuncia","status":"publish","type":"post","link":"https:\/\/www.mpal.mp.br\/?p=10330","title":{"rendered":"MPE\/AL acusa ex-prefeito de S\u00e3o Lu\u00eds do Quitunde de fraudar nomea\u00e7\u00e3o de servidores; 17\u00aa Vara Criminal acolhe den\u00fancia"},"content":{"rendered":"<div class=\"content-wrapper-1\">\n<div class=\"content-wrapper-2\">\n<div id=\"mainmiddle\">\n<div id=\"mainmiddle-expand\">\n<div id=\"content\">\n<div id=\"content-shift\">\n<div class=\"floatbox\">\n<div class=\"joomla \">\n<div class=\"article\">\n<div id=\"articlepxfontsize1\">\n<p style=\"text-align: justify;\" align=\"JUSTIFY\"><span style=\"font-size: 14pt;\">A 17\u00aa Vara Criminal da Capital recebeu a den\u00fancia do Minist\u00e9rio P\u00fablico Estadual (MPE\/AL) referente \u00e0 contrata\u00e7\u00e3o irregular de servidores pela Prefeitura de S\u00e3o Lu\u00eds do Quitunde em dezembro de 2012, quando era comandada at\u00e9 ent\u00e3o pelo ex-prefeito C\u00edcero Cavalcante. A Promotoria de Justi\u00e7a do Munic\u00edpio e o Grupo Estadual de Combate \u00e0s Organiza\u00e7\u00f5es Criminosas (Gecoc) apuraram que 28 pessoas foram efetivadas em cargos p\u00fablicos ap\u00f3s a falsifica\u00e7\u00e3o de portarias e termos de posse. Os servidores n\u00e3o foram aprovados no concurso ou se classificaram fora dos limites das vagas para cargos n\u00e3o criados em lei. Um dos denunciados sequer fez a prova.<\/span><\/p>\n<p style=\"text-align: justify;\" align=\"JUSTIFY\"><span style=\"font-size: 14pt;\">Em face do esquema de contrata\u00e7\u00e3o irregular, o MPE\/AL solicitou \u00e0 17\u00aa Vara Criminal da Capital que todos os servidores e ex-gestores envolvidos com a ilegalidade fossem citados para responder \u00e0 acusa\u00e7\u00e3o e intimados para os demais atos da a\u00e7\u00e3o penal. O \u00f3rg\u00e3o do Poder Judici\u00e1rio acolheu o pedido e determinou o afastamento de todos os acusados que ocupam fun\u00e7\u00e3o p\u00fablica. O grupo de promotores chegou a pedir a pris\u00e3o preventiva do ex-prefeito de S\u00e3o Lu\u00eds do Quitunde, C\u00edcero Cavalcante, e do ex-secret\u00e1rio de Administra\u00e7\u00e3o Demerval Ten\u00f3rio de Mesquita, o que foi negado pelos ju\u00edzes de Direito.<\/span><\/p>\n<p style=\"text-align: justify;\" align=\"JUSTIFY\"><span style=\"font-size: 14pt;\">Os ex-gestores usaram os concursos p\u00fablicos realizados em 2005 e 2007 pela Prefeitura do Munic\u00edpio para publicar documentos sem qualquer valor legal de nomea\u00e7\u00e3o de servidores. Nos dois certames, o prazo para convoca\u00e7\u00e3o dos aprovados era de um ano cada. O Minist\u00e9rio P\u00fablico afirma que C\u00edcero Cavalcante buscava se beneficiar das nomea\u00e7\u00f5es para fortalecer o seu candidato nas elei\u00e7\u00f5es de 2012. Ap\u00f3s a elei\u00e7\u00e3o do sucessor, o ent\u00e3o prefeito aproveitou o fim do mandato para integrar os servidores denunciados no quadros de servi\u00e7o do munic\u00edpio.<\/span><\/p>\n<p style=\"text-align: justify;\" align=\"JUSTIFY\"><span style=\"font-size: 14pt;\"><strong>Pris\u00e3o preventiva garantiria investiga\u00e7\u00e3o<\/strong><\/span><\/p>\n<p style=\"text-align: justify;\" align=\"JUSTIFY\"><span style=\"font-size: 14pt;\">O Minist\u00e9rio P\u00fablico defende a pris\u00e3o preventiva de Demerval Ten\u00f3rio e C\u00edcero Cavalcante pela reincid\u00eancia em crimes contra a administra\u00e7\u00e3o p\u00fablica. O ex-secret\u00e1rio de Adminisetra\u00e7\u00e3o responde por fraude \u00e0s licita\u00e7\u00f5es e forma\u00e7\u00e3o de quadrilha em processo que corre no Tribunal de Justi\u00e7a. J\u00e1 C\u00edcero Cavalcante \u00e9 r\u00e9u em oito a\u00e7\u00f5es de improbidade administrativa e um processo de crime de les\u00e3o corporal, em S\u00e3o Lu\u00eds do Quitunde, e tr\u00eas a\u00e7\u00f5es de improbidade administrativa em Matriz do Camaragibe.<\/span><\/p>\n<p style=\"text-align: justify;\" align=\"JUSTIFY\"><span style=\"font-size: 14pt;\">O ex-prefeito tamb\u00e9m foi indiciado pela morte do vereador e advers\u00e1rio pol\u00edtico Jos\u00e9 Geraldo Renovato de Siqueira em 2007 e foi condenado pelo Tribunal de Contas da Uni\u00e3o por desvios de recursos da merenda escolar em 2012, al\u00e9m de ser alvo de diversas investiga\u00e7\u00f5es c\u00edveis e criminais do MPE\/AL. Soma-se a tudo isso, segundo a den\u00fancia, o fato de que C\u00edcero Cavalcante costuma frequentar a Prefeitura Municipal e interfere na administra\u00e7\u00e3o municipal, o que atrapalharia as investiga\u00e7\u00f5es.<\/span><\/p>\n<p style=\"text-align: justify;\" align=\"JUSTIFY\"><span style=\"font-size: 14pt;\">\u201cA reitera\u00e7\u00e3o criminosa dos r\u00e9us desafia a ordem p\u00fablica e merece pronta resposta do Poder Judici\u00e1rio, constituindo fundamento de validade da pris\u00e3o preventiva em casos desta natureza. Ressalte-se que o Superior Tribunal de Justi\u00e7a tem decidido de forma un\u00edssona no sentido de que a reitera\u00e7\u00e3o criminosa \u00e9 fundamento id\u00f4neo para a decreta\u00e7\u00e3o da pris\u00e3o preventiva\u201d, diz o documento assinado pelos promotores Jorge Bezerra, Alfredo Gaspar de Mendon\u00e7a, Antonio Luiz dos Santos e Hamilton Carneior J\u00fanior.<\/span><\/p>\n<p style=\"text-align: justify;\" align=\"JUSTIFY\"><span style=\"font-size: 14pt;\">Os promotores tamb\u00e9m pediram para que a 17\u00aa Vara Criminal da Capital oficie ao Tribunal Regional Federal da 5\u00aa Regi\u00e3o, em Recife,e \u00e0 Se\u00e7\u00e3o Judici\u00e1ria da Justi\u00e7a Federal, em Macei\u00f3, para que informem sobre a exist\u00eancia de inqu\u00e9ritos policiais\/processos criminais em andamento contra o primeiro denunciado. O MPE\/AL quer ainda saber Cart\u00f3rio como est\u00e1 o andamento do inqu\u00e9rito policial que apurou a morte de Jos\u00e9 Geraldo, remetido no dia 17 de dezembro de 2009.<\/span><\/p>\n<\/div>\n<\/div>\n<\/div>\n<\/div>\n<\/div>\n<\/div>\n<\/div>\n<\/div>\n<\/div>\n<\/div>\n<div class=\"content-wrapper-b1\">\n<div class=\"content-wrapper-b2\" style=\"text-align: justify;\"><\/div>\n<\/div>\n","protected":false},"excerpt":{"rendered":"<p> [&hellip;]<\/p>\n","protected":false},"author":2,"featured_media":4016,"comment_status":"open","ping_status":"open","sticky":false,"template":"","format":"standard","meta":{"om_disable_all_campaigns":false,"_monsterinsights_skip_tracking":false,"_monsterinsights_sitenote_active":false,"_monsterinsights_sitenote_note":"","_monsterinsights_sitenote_category":0,"_uf_show_specific_survey":0,"_uf_disable_surveys":false,"footnotes":""},"categories":[23],"tags":[],"class_list":["post-10330","post","type-post","status-publish","format-standard","has-post-thumbnail","hentry","category-not_gaeco"],"aioseo_notices":[],"_links":{"self":[{"href":"https:\/\/www.mpal.mp.br\/index.php?rest_route=\/wp\/v2\/posts\/10330","targetHints":{"allow":["GET"]}}],"collection":[{"href":"https:\/\/www.mpal.mp.br\/index.php?rest_route=\/wp\/v2\/posts"}],"about":[{"href":"https:\/\/www.mpal.mp.br\/index.php?rest_route=\/wp\/v2\/types\/post"}],"author":[{"embeddable":true,"href":"https:\/\/www.mpal.mp.br\/index.php?rest_route=\/wp\/v2\/users\/2"}],"replies":[{"embeddable":true,"href":"https:\/\/www.mpal.mp.br\/index.php?rest_route=%2Fwp%2Fv2%2Fcomments&post=10330"}],"version-history":[{"count":1,"href":"https:\/\/www.mpal.mp.br\/index.php?rest_route=\/wp\/v2\/posts\/10330\/revisions"}],"predecessor-version":[{"id":10331,"href":"https:\/\/www.mpal.mp.br\/index.php?rest_route=\/wp\/v2\/posts\/10330\/revisions\/10331"}],"wp:featuredmedia":[{"embeddable":true,"href":"https:\/\/www.mpal.mp.br\/index.php?rest_route=\/wp\/v2\/media\/4016"}],"wp:attachment":[{"href":"https:\/\/www.mpal.mp.br\/index.php?rest_route=%2Fwp%2Fv2%2Fmedia&parent=10330"}],"wp:term":[{"taxonomy":"category","embeddable":true,"href":"https:\/\/www.mpal.mp.br\/index.php?rest_route=%2Fwp%2Fv2%2Fcategories&post=10330"},{"taxonomy":"post_tag","embeddable":true,"href":"https:\/\/www.mpal.mp.br\/index.php?rest_route=%2Fwp%2Fv2%2Ftags&post=10330"}],"curies":[{"name":"wp","href":"https:\/\/api.w.org\/{rel}","templated":true}]}}