{"id":10327,"date":"2014-02-21T10:53:24","date_gmt":"2014-02-21T13:53:24","guid":{"rendered":"https:\/\/www.mpal.mp.br\/?p=10327"},"modified":"2022-06-21T10:53:35","modified_gmt":"2022-06-21T13:53:35","slug":"gecoc-e-secretaria-de-estado-da-defesa-social-frustram-assaltos-na-zona-da-mata-e-prendem-quadrilha-especializada-em-roubos","status":"publish","type":"post","link":"https:\/\/www.mpal.mp.br\/?p=10327","title":{"rendered":"Gecoc e Secretaria de Estado da Defesa Social frustram assaltos na Zona da Mata e prendem quadrilha especializada em roubos"},"content":{"rendered":"<div class=\"content-wrapper-1\">\n<div class=\"content-wrapper-2\">\n<div id=\"mainmiddle\">\n<div id=\"mainmiddle-expand\">\n<div id=\"content\">\n<div id=\"content-shift\">\n<div class=\"floatbox\">\n<div class=\"joomla \">\n<div class=\"article\">\n<div id=\"articlepxfontsize1\">\n<p style=\"text-align: justify;\"><span style=\"font-size: 14pt;\">O plano dos bandidos era assaltar um supermercado localizado no munic\u00edpio de Boca da Mata e roubar um fornecedor de cana-de-a\u00e7\u00facar que se preparava para fazer pagamento aos seus trabalhadores. A quadrilha at\u00e9 tentou chegar \u00e0s v\u00edtimas, entretanto, foi interceptada pelo Grupo Estadual de Combate \u00e0s Organiza\u00e7\u00f5es Criminosas do Minist\u00e9rio P\u00fablico do Estado de Alagoas. A a\u00e7\u00e3o criminosa foi frustrada e a maior parte dos acusados est\u00e1 presa.<\/span><\/p>\n<p style=\"text-align: justify;\"><span style=\"font-size: 14pt;\">A opera\u00e7\u00e3o do Gecoc, que contou com o apoio da Secretaria de Estado da Defesa Social, atrav\u00e9s das Pol\u00edcias Civil e Militar, come\u00e7ou por volta das 18h30 da noite dessa quinta-feira (21). \u201cN\u00f3s est\u00e1vamos monitorando o bando h\u00e1 cerca de dois meses. Essa semana, conseguimos descobrir que ele se preparava para roubar um empres\u00e1rio e um fornecedor de cana e que a expectativa era conseguir um lucro de R$ 50 mil com os dois assaltos. Planejamos a opera\u00e7\u00e3o e, quando os bandidos estavam passando por Anadia, fizemos a intercep\u00e7\u00e3o dos dois ve\u00edculos utilizados por eles\u201d, explicou o promotor de Justi\u00e7a Alfredo Gaspar de Mendon\u00e7a, coordenador do Grupo.<\/span><\/p>\n<p style=\"text-align: justify;\"><span style=\"font-size: 14pt;\">No momento da intercep\u00e7\u00e3o, os criminosos, que estavam num Gol vermelho e num Corsa Classic prata, atiraram contra as viaturas do Gecoc e das pol\u00edcias, na tentativa de conseguir fugir. Mas, um deles, foi preso ainda no mesmo munic\u00edpio. O acusado, que pulou do ve\u00edculo Gol, escondeu-se na casa de um morador da cidade, entretanto, foi localizado e preso em flagrante. Ele portava um rev\u00f3lver calibre 38. O segundo ocupante do mesmo carro ainda n\u00e3o foi localizado. Ap\u00f3s abandonar o autom\u00f3vel, a dupla deixou dentro dele um fuzil 762 de uso restrito das For\u00e7as Armadas.<\/span><\/p>\n<p style=\"text-align: justify;\"><span style=\"font-size: 14pt;\">J\u00e1 no Corsa estavam quatro homens. Um foi detido em Palmeira dos \u00cdndios e, outros dois, em Igaci. Ap\u00f3s a fuga, eles voltaram para suas casas e, foi no interior desses im\u00f3veis, que todos foram encontrados. Cada um portava um rev\u00f3lver 38. Em Igaci, ainda foi localizada uma moto roubada. O quarto suspeito est\u00e1 sendo procurado.<\/span><\/p>\n<p style=\"text-align: justify;\"><span style=\"font-size: 14pt;\">Os acusados, assim como os carros \u2013 que n\u00e3o t\u00eam queixa de furto ou roubo -, a moto e o armamento apreendidos foram encaminhados para a delegacia regional de Arapiraca.<\/span><\/p>\n<p style=\"text-align: justify;\"><span style=\"font-size: 14pt;\"><strong>Trabalho continua<\/strong><\/span><\/p>\n<p style=\"text-align: justify;\"><span style=\"font-size: 14pt;\">\u201cA opera\u00e7\u00e3o continua porque estamos tentando localizar os outros dois integrantes da quadrilha. Esse bando j\u00e1 tem passagem pela pol\u00edcia e \u00e9 respons\u00e1vel por dezenas de assaltos nas regi\u00f5es do Agreste e Zona da Mata. Precisamos prend\u00ea-lo para evitar que continue aterrorizando gente de bem e trabalhadora\u201d, informou Alfredo Gaspar de Mendon\u00e7a.<\/span><\/p>\n<p style=\"text-align: justify;\"><span style=\"font-size: 14pt;\">A a\u00e7\u00e3o contou ainda com a participa\u00e7\u00e3o do delegado regional de Arapiraca, M\u00e1rio Jorge Barros e com PMs da 1\u00aa Companhia Independente de S\u00e3o Miguel dos Campos e dos 3\u00b0 e 10\u00b0 Batalh\u00f5es, sediados em Arapiraca e Palmeira dos \u00cdndios, respectivamente.<\/span><\/p>\n<\/div>\n<\/div>\n<\/div>\n<\/div>\n<\/div>\n<\/div>\n<\/div>\n<\/div>\n<\/div>\n<\/div>\n<div class=\"content-wrapper-b1\">\n<div class=\"content-wrapper-b2\" style=\"text-align: justify;\"><\/div>\n<\/div>\n","protected":false},"excerpt":{"rendered":"<p> [&hellip;]<\/p>\n","protected":false},"author":2,"featured_media":9722,"comment_status":"open","ping_status":"open","sticky":false,"template":"","format":"standard","meta":{"om_disable_all_campaigns":false,"_monsterinsights_skip_tracking":false,"_monsterinsights_sitenote_active":false,"_monsterinsights_sitenote_note":"","_monsterinsights_sitenote_category":0,"_uf_show_specific_survey":0,"_uf_disable_surveys":false,"footnotes":""},"categories":[23],"tags":[],"class_list":["post-10327","post","type-post","status-publish","format-standard","has-post-thumbnail","hentry","category-not_gaeco"],"aioseo_notices":[],"_links":{"self":[{"href":"https:\/\/www.mpal.mp.br\/index.php?rest_route=\/wp\/v2\/posts\/10327","targetHints":{"allow":["GET"]}}],"collection":[{"href":"https:\/\/www.mpal.mp.br\/index.php?rest_route=\/wp\/v2\/posts"}],"about":[{"href":"https:\/\/www.mpal.mp.br\/index.php?rest_route=\/wp\/v2\/types\/post"}],"author":[{"embeddable":true,"href":"https:\/\/www.mpal.mp.br\/index.php?rest_route=\/wp\/v2\/users\/2"}],"replies":[{"embeddable":true,"href":"https:\/\/www.mpal.mp.br\/index.php?rest_route=%2Fwp%2Fv2%2Fcomments&post=10327"}],"version-history":[{"count":1,"href":"https:\/\/www.mpal.mp.br\/index.php?rest_route=\/wp\/v2\/posts\/10327\/revisions"}],"predecessor-version":[{"id":10328,"href":"https:\/\/www.mpal.mp.br\/index.php?rest_route=\/wp\/v2\/posts\/10327\/revisions\/10328"}],"wp:featuredmedia":[{"embeddable":true,"href":"https:\/\/www.mpal.mp.br\/index.php?rest_route=\/wp\/v2\/media\/9722"}],"wp:attachment":[{"href":"https:\/\/www.mpal.mp.br\/index.php?rest_route=%2Fwp%2Fv2%2Fmedia&parent=10327"}],"wp:term":[{"taxonomy":"category","embeddable":true,"href":"https:\/\/www.mpal.mp.br\/index.php?rest_route=%2Fwp%2Fv2%2Fcategories&post=10327"},{"taxonomy":"post_tag","embeddable":true,"href":"https:\/\/www.mpal.mp.br\/index.php?rest_route=%2Fwp%2Fv2%2Ftags&post=10327"}],"curies":[{"name":"wp","href":"https:\/\/api.w.org\/{rel}","templated":true}]}}