{"id":10323,"date":"2014-03-07T10:51:58","date_gmt":"2014-03-07T13:51:58","guid":{"rendered":"https:\/\/www.mpal.mp.br\/?p=10323"},"modified":"2022-06-21T10:52:50","modified_gmt":"2022-06-21T13:52:50","slug":"gecoc-prende-ex-pm-marcos-cavalcante-acusado-de-mais-um-homicidio-ele-foi-detido-com-carro-com-queixa-de-roubo","status":"publish","type":"post","link":"https:\/\/www.mpal.mp.br\/?p=10323","title":{"rendered":"Gecoc prende ex-PM Marcos Cavalcante; acusado de mais um homic\u00eddio, ele foi detido com carro com queixa de roubo"},"content":{"rendered":"<p style=\"text-align: justify;\"><span style=\"font-size: 14pt;\">O Grupo Estadual de Combate \u00e0s Organiza\u00e7\u00f5es Criminosas \u2013 Gecoc \u2013 do Minist\u00e9rio P\u00fablico Estadual de Alagoas prendeu, por volta das 21h desta quinta-feira (6), o ex-militar Marcos Ant\u00f4nio Cavalcante, irm\u00e3o do ex-tenente-coronel Manoel Cavalcante. Ele \u00e9 acusado da autoria intelectual de um homic\u00eddio em Santana do Ipanema h\u00e1 dois anos. No momento da pris\u00e3o, Marcos estava em posse de um carro de luxo que possui queixa de furto\/roubo no Renavan e de uma pistola sem registro.<\/span><\/p>\n<p style=\"text-align: justify;\"><span style=\"font-size: 14pt;\">O assassinato atribu\u00eddo a Marcos Cavalcante ocorreu na madrugada do dia 18 de novembro de 2012, no s\u00edtio Queimado do Rio, zona rural do munic\u00edpio de Santana do Ipanema. A v\u00edtima foi Eraldo Aquino, que era mais conhecido como &#8220;Eraldo Margarida&#8221;. Ele foi morto durante uma vaquejada e o crime teria sido de pistolagem.<\/span><\/p>\n<p style=\"text-align: justify;\"><span style=\"font-size: 14pt;\">A opera\u00e7\u00e3o, que foi coordenada pelos promotores de Justi\u00e7a Alfredo Gaspar de Mendon\u00e7a e Luiz Ten\u00f3rio, teve o objetivo de cumprir o mandado de pris\u00e3o expedido pelo Ju\u00edzo de Santana do Ipanema, h\u00e1 quase dois anos. Ele ser\u00e1 encaminhado para o sistema penitenci\u00e1rio alagoano.<\/span><\/p>\n<p style=\"text-align: justify;\"><span style=\"font-size: 14pt;\">Segundo os promotores, no processo que tramita naquela comarca, Marcos Cavalcante responde pela autoria intelectual do homic\u00eddio.<\/span><\/p>\n<p style=\"text-align: justify;\"><span style=\"font-size: 14pt;\">A opera\u00e7\u00e3o contou com o apoio da Secretaria de Estado da Defesa Social e do Grupamento de Radiopatrulha da PM. O ex-militar foi preso em casa, no bairro da Serraria, em Macei\u00f3, e n\u00e3o reagiu a pris\u00e3o.<\/span><\/p>\n<p style=\"text-align: justify;\"><span style=\"font-size: 14pt;\">Esse n\u00e3o \u00e9 o primeiro crime atribu\u00eddo ao ex-PM. Ele j\u00e1 foi acusado de integrar a chamada &#8220;Gangue Fardada&#8221;, que fora liderada pelo seu irm\u00e3o, Manoel Cavalcante.<\/span><\/p>\n<p style=\"text-align: justify;\"><span style=\"font-size: 14pt;\"><strong>Material apreendido<\/strong><\/span><\/p>\n<p style=\"text-align: justify;\"><span style=\"font-size: 14pt;\">O ex-militar Marcos Ant\u00f4nio Cavalcante, quando detido, estava com a posse de um ve\u00edculo modelo Opirus, da Kia Motors, que tem queixa de roubo\/furto no sistema Renavan &#8211; Registro Nacional de Ve\u00edculos Automotores.<\/span><\/p>\n<p style=\"text-align: justify;\"><span style=\"font-size: 14pt;\">Ele tamb\u00e9m estava com uma pistola 380 e dois pentes da arma, al\u00e9m de um colete bal\u00edstico. A pistola n\u00e3o tem registro e Marcos n\u00e3o poderia ter a posse dela porque ainda est\u00e1 cumprindo pena em regime semi-aberto.<\/span><\/p>\n","protected":false},"excerpt":{"rendered":"<p> [&hellip;]<\/p>\n","protected":false},"author":2,"featured_media":10324,"comment_status":"open","ping_status":"open","sticky":false,"template":"","format":"standard","meta":{"om_disable_all_campaigns":false,"_monsterinsights_skip_tracking":false,"_monsterinsights_sitenote_active":false,"_monsterinsights_sitenote_note":"","_monsterinsights_sitenote_category":0,"_uf_show_specific_survey":0,"_uf_disable_surveys":false,"footnotes":""},"categories":[23],"tags":[],"class_list":["post-10323","post","type-post","status-publish","format-standard","has-post-thumbnail","hentry","category-not_gaeco"],"aioseo_notices":[],"_links":{"self":[{"href":"https:\/\/www.mpal.mp.br\/index.php?rest_route=\/wp\/v2\/posts\/10323","targetHints":{"allow":["GET"]}}],"collection":[{"href":"https:\/\/www.mpal.mp.br\/index.php?rest_route=\/wp\/v2\/posts"}],"about":[{"href":"https:\/\/www.mpal.mp.br\/index.php?rest_route=\/wp\/v2\/types\/post"}],"author":[{"embeddable":true,"href":"https:\/\/www.mpal.mp.br\/index.php?rest_route=\/wp\/v2\/users\/2"}],"replies":[{"embeddable":true,"href":"https:\/\/www.mpal.mp.br\/index.php?rest_route=%2Fwp%2Fv2%2Fcomments&post=10323"}],"version-history":[{"count":2,"href":"https:\/\/www.mpal.mp.br\/index.php?rest_route=\/wp\/v2\/posts\/10323\/revisions"}],"predecessor-version":[{"id":10326,"href":"https:\/\/www.mpal.mp.br\/index.php?rest_route=\/wp\/v2\/posts\/10323\/revisions\/10326"}],"wp:featuredmedia":[{"embeddable":true,"href":"https:\/\/www.mpal.mp.br\/index.php?rest_route=\/wp\/v2\/media\/10324"}],"wp:attachment":[{"href":"https:\/\/www.mpal.mp.br\/index.php?rest_route=%2Fwp%2Fv2%2Fmedia&parent=10323"}],"wp:term":[{"taxonomy":"category","embeddable":true,"href":"https:\/\/www.mpal.mp.br\/index.php?rest_route=%2Fwp%2Fv2%2Fcategories&post=10323"},{"taxonomy":"post_tag","embeddable":true,"href":"https:\/\/www.mpal.mp.br\/index.php?rest_route=%2Fwp%2Fv2%2Ftags&post=10323"}],"curies":[{"name":"wp","href":"https:\/\/api.w.org\/{rel}","templated":true}]}}