{"id":10318,"date":"2014-04-01T10:48:47","date_gmt":"2014-04-01T13:48:47","guid":{"rendered":"https:\/\/www.mpal.mp.br\/?p=10318"},"modified":"2022-06-21T10:49:01","modified_gmt":"2022-06-21T13:49:01","slug":"operacao-do-gecoc-combate-roubo-a-residencias-e-saidinhas-de-banco-radiopatrulha-prende-quatro-pessoas","status":"publish","type":"post","link":"https:\/\/www.mpal.mp.br\/?p=10318","title":{"rendered":"Opera\u00e7\u00e3o do Gecoc combate roubo a resid\u00eancias e &#8216;saidinhas de banco&#8217;; Radiopatrulha prende quatro pessoas"},"content":{"rendered":"<p style=\"text-align: justify;\" align=\"JUSTIFY\"><span style=\"font-size: 14pt;\">Em opera\u00e7\u00e3o realizada pelo Grupo Estadual de Combate \u00e0s Organiza\u00e7\u00f5es Criminosas (Gecoc), do Minist\u00e9rio P\u00fablico do Estado de Alagoas (MPE\/AL), com o apoio de policiais militares da Radiopatrulha, quatro pessoas foram presas, nesta ter\u00e7a-feira (1), acusadas de roubo \u00e0 resid\u00eancia, &#8220;saidinhas de banco&#8221; e assalto a uma lot\u00e9rica.<\/span><\/p>\n<p style=\"text-align: justify;\" align=\"JUSTIFY\"><span style=\"font-size: 14pt;\">A quadrilha formada por Fernandes dos Santos, Marcelo Barbosa Alexandro Francisco da Silva e Paulo S\u00e9rgio da Silva foi pega quando estava prestes a cometer mais um assalto \u00e0 resid\u00eancia em um pr\u00e9dio localizado no bairro da Jati\u00faca. De acordo com as investiga\u00e7\u00f5es, o grupo costumava prender a v\u00edtima e seus familiares em um dos c\u00f4modos e levar dinheiro, j\u00f3ias, eletr\u00f4nicos e outros bens.<\/span><\/p>\n<p style=\"text-align: justify;\" align=\"JUSTIFY\"><span style=\"font-size: 14pt;\">\u201cEst\u00e1vamos monitorando os passos da quadrilha h\u00e1 pouco mais de um m\u00eas. A pris\u00e3o do grupo mostra que o Minist\u00e9rio P\u00fablico Estadual segue no combate a pr\u00e1tica de a\u00e7\u00f5es criminosas realizadas por bandos como o que foi preso hoje, em parceria com os \u00f3rg\u00e3os de seguran\u00e7a p\u00fablica do Estado\u201d, disse o coordenador do Geco, Alfredo Gaspar Mendon\u00e7a.<\/span><\/p>\n<p style=\"text-align: justify;\" align=\"JUSTIFY\"><span style=\"font-size: 14pt;\">A opera\u00e7\u00e3o apreendeu um carro de estouro modelo Fiesta, placa MVF-1026, de Paripueira, um rev\u00f3lver calibre 38, uma pistola calibre 380, 11 muni\u00e7\u00f5es, um tablet, dois celulares, uma c\u00e2mera digital e uma m\u00e1quina de operar cart\u00e3o de cr\u00e9dito. Al\u00e9m disso, outras duas chaves de carro foram encontradas com os acusados.<\/span><\/p>\n<p style=\"text-align: justify;\" align=\"JUSTIFY\"><span style=\"font-size: 14pt;\"><strong>A quadrilha<\/strong><\/span><\/p>\n<p style=\"text-align: justify;\" align=\"JUSTIFY\"><span style=\"font-size: 14pt;\">Um dos presos \u00e9 foragido da Justi\u00e7a e possui tornozeleira eletr\u00f4nica. Trata-se de Alexandro Francisco da Silva, que foi condenado por tr\u00e1fico de drogas. J\u00e1 Marcelo Barbosa e Jamerson Fernandes dos Santos s\u00e3o ex-reeducandos envolvidos, respectivamente, em crimes de roubo e assalto ao Banco do Brasil de Quebr\u00e2ngulo. Paulo S\u00e9rgio da Silva \u00e9 r\u00e9u prim\u00e1rio.<\/span><\/p>\n<p style=\"text-align: justify;\" align=\"JUSTIFY\"><span style=\"font-size: 14pt;\">Todos ser\u00e3o levados \u00e0 Central de Flagrantes ap\u00f3s serem interrogados pelo promotor Alfredo Gaspar de Mendon\u00e7a Neto.<\/span><\/p>\n","protected":false},"excerpt":{"rendered":"<p> [&hellip;]<\/p>\n","protected":false},"author":2,"featured_media":9722,"comment_status":"open","ping_status":"open","sticky":false,"template":"","format":"standard","meta":{"om_disable_all_campaigns":false,"_monsterinsights_skip_tracking":false,"_monsterinsights_sitenote_active":false,"_monsterinsights_sitenote_note":"","_monsterinsights_sitenote_category":0,"_uf_show_specific_survey":0,"_uf_disable_surveys":false,"footnotes":""},"categories":[23],"tags":[],"class_list":["post-10318","post","type-post","status-publish","format-standard","has-post-thumbnail","hentry","category-not_gaeco"],"aioseo_notices":[],"_links":{"self":[{"href":"https:\/\/www.mpal.mp.br\/index.php?rest_route=\/wp\/v2\/posts\/10318","targetHints":{"allow":["GET"]}}],"collection":[{"href":"https:\/\/www.mpal.mp.br\/index.php?rest_route=\/wp\/v2\/posts"}],"about":[{"href":"https:\/\/www.mpal.mp.br\/index.php?rest_route=\/wp\/v2\/types\/post"}],"author":[{"embeddable":true,"href":"https:\/\/www.mpal.mp.br\/index.php?rest_route=\/wp\/v2\/users\/2"}],"replies":[{"embeddable":true,"href":"https:\/\/www.mpal.mp.br\/index.php?rest_route=%2Fwp%2Fv2%2Fcomments&post=10318"}],"version-history":[{"count":1,"href":"https:\/\/www.mpal.mp.br\/index.php?rest_route=\/wp\/v2\/posts\/10318\/revisions"}],"predecessor-version":[{"id":10320,"href":"https:\/\/www.mpal.mp.br\/index.php?rest_route=\/wp\/v2\/posts\/10318\/revisions\/10320"}],"wp:featuredmedia":[{"embeddable":true,"href":"https:\/\/www.mpal.mp.br\/index.php?rest_route=\/wp\/v2\/media\/9722"}],"wp:attachment":[{"href":"https:\/\/www.mpal.mp.br\/index.php?rest_route=%2Fwp%2Fv2%2Fmedia&parent=10318"}],"wp:term":[{"taxonomy":"category","embeddable":true,"href":"https:\/\/www.mpal.mp.br\/index.php?rest_route=%2Fwp%2Fv2%2Fcategories&post=10318"},{"taxonomy":"post_tag","embeddable":true,"href":"https:\/\/www.mpal.mp.br\/index.php?rest_route=%2Fwp%2Fv2%2Ftags&post=10318"}],"curies":[{"name":"wp","href":"https:\/\/api.w.org\/{rel}","templated":true}]}}