{"id":10316,"date":"2014-04-10T10:47:46","date_gmt":"2014-04-10T13:47:46","guid":{"rendered":"https:\/\/www.mpal.mp.br\/?p=10316"},"modified":"2022-06-21T10:48:09","modified_gmt":"2022-06-21T13:48:09","slug":"operacao-do-gecoc-e-pm-resulta-na-prisao-de-tres-acusados-de-trafico-de-drogas-crack-cocaina-e-maconha-sao-apreendidos","status":"publish","type":"post","link":"https:\/\/www.mpal.mp.br\/?p=10316","title":{"rendered":"Opera\u00e7\u00e3o do Gecoc e PM resulta na pris\u00e3o de tr\u00eas acusados de tr\u00e1fico de drogas; crack, coca\u00edna e maconha s\u00e3o apreendidos"},"content":{"rendered":"<p style=\"text-align: justify;\" align=\"JUSTIFY\"><span style=\"font-size: 14pt;\">Tr\u00eas homens foram presos em flagrante delito, na manh\u00e3 desta quinta-feira (10), ap\u00f3s a realiza\u00e7\u00e3o de uma opera\u00e7\u00e3o do Grupo Estadual de Combate \u00e0s Organiza\u00e7\u00f5es Criminosas (Gecoc) do Minist\u00e9rio P\u00fablico Estadual de Alagoas, realizada em parceria com a Pol\u00edcia Militar. A a\u00e7\u00e3o cumpriu seis mandados de busca e apreens\u00e3o, todos expedidos pela 17\u00aa Vara Criminal da Capital.<\/span><\/p>\n<p style=\"text-align: justify;\" align=\"JUSTIFY\"><span style=\"font-size: 14pt;\">Emanuel Monteiro da Silva foi preso no bairro Cruzeiro do Sul, acusado de porte ilegal de armas. Ele foi detido com um rev\u00f3lver calibre 38, um carregador\u00a0<em>jet-load<\/em>\u00a0e 22 muni\u00e7\u00f5es. An\u00edbal Jos\u00e9 de Oliveira foi preso na comunidade de Jardim Sa\u00fade, localizada nas proximidades do aeroporto Zumbi dos Palmares. Ele estava em posse de uma certa quantidade, ainda n\u00e3o pesada, de crack e coca\u00edna e, ainda, uma balan\u00e7a de precis\u00e3o.<\/span><\/p>\n<p style=\"text-align: justify;\" align=\"JUSTIFY\"><span style=\"font-size: 14pt;\">O \u00faltimo preso foi Jo\u00e3o Br\u00e1s Amorim Neto. Ele foi detido na Praia do Franc\u00eas com v\u00e1rios papelotes de maconha prontos para a venda. Br\u00e1s \u00e9 ex-presidi\u00e1rio e j\u00e1 cumpriu pena pelo crime de tr\u00e1fico de entorpecentes. Nenhum deles resistiu a pris\u00e3o e todos foram detidos quando ainda estavam em suas resid\u00eancias.<\/span><\/p>\n<p style=\"text-align: justify;\" align=\"JUSTIFY\"><span style=\"font-size: 14pt;\">De acordo com o promotor de Justi\u00e7a Alfredo Gaspar de Mendon\u00e7a, o grupo pertence a mesma quadrilha e j\u00e1 estava sendo monitorado h\u00e1 cerca de 10 dias. &#8220;Eles se reuniam apenas para organizar a distribui\u00e7\u00e3o da droga. Cada um agia numa determinada localidade. Todos os acusados e o material apreendido ser\u00e3o levados \u00e0 Central de Flagrantes&#8221;, informou ele.<\/span><\/p>\n","protected":false},"excerpt":{"rendered":"<p> [&hellip;]<\/p>\n","protected":false},"author":2,"featured_media":9722,"comment_status":"open","ping_status":"open","sticky":false,"template":"","format":"standard","meta":{"om_disable_all_campaigns":false,"_monsterinsights_skip_tracking":false,"_monsterinsights_sitenote_active":false,"_monsterinsights_sitenote_note":"","_monsterinsights_sitenote_category":0,"_uf_show_specific_survey":0,"_uf_disable_surveys":false,"footnotes":""},"categories":[23],"tags":[],"class_list":["post-10316","post","type-post","status-publish","format-standard","has-post-thumbnail","hentry","category-not_gaeco"],"aioseo_notices":[],"_links":{"self":[{"href":"https:\/\/www.mpal.mp.br\/index.php?rest_route=\/wp\/v2\/posts\/10316","targetHints":{"allow":["GET"]}}],"collection":[{"href":"https:\/\/www.mpal.mp.br\/index.php?rest_route=\/wp\/v2\/posts"}],"about":[{"href":"https:\/\/www.mpal.mp.br\/index.php?rest_route=\/wp\/v2\/types\/post"}],"author":[{"embeddable":true,"href":"https:\/\/www.mpal.mp.br\/index.php?rest_route=\/wp\/v2\/users\/2"}],"replies":[{"embeddable":true,"href":"https:\/\/www.mpal.mp.br\/index.php?rest_route=%2Fwp%2Fv2%2Fcomments&post=10316"}],"version-history":[{"count":1,"href":"https:\/\/www.mpal.mp.br\/index.php?rest_route=\/wp\/v2\/posts\/10316\/revisions"}],"predecessor-version":[{"id":10317,"href":"https:\/\/www.mpal.mp.br\/index.php?rest_route=\/wp\/v2\/posts\/10316\/revisions\/10317"}],"wp:featuredmedia":[{"embeddable":true,"href":"https:\/\/www.mpal.mp.br\/index.php?rest_route=\/wp\/v2\/media\/9722"}],"wp:attachment":[{"href":"https:\/\/www.mpal.mp.br\/index.php?rest_route=%2Fwp%2Fv2%2Fmedia&parent=10316"}],"wp:term":[{"taxonomy":"category","embeddable":true,"href":"https:\/\/www.mpal.mp.br\/index.php?rest_route=%2Fwp%2Fv2%2Fcategories&post=10316"},{"taxonomy":"post_tag","embeddable":true,"href":"https:\/\/www.mpal.mp.br\/index.php?rest_route=%2Fwp%2Fv2%2Ftags&post=10316"}],"curies":[{"name":"wp","href":"https:\/\/api.w.org\/{rel}","templated":true}]}}